{"id":23000,"date":"2026-04-23T13:10:53","date_gmt":"2026-04-23T17:10:53","guid":{"rendered":"https:\/\/ermdigital.com\/index.php\/2026\/04\/23\/iberostar-sella-acuerdo-con-medio-ambiente-para-proteger-ecosistemas-costeros-de-rd\/"},"modified":"2026-04-23T13:10:53","modified_gmt":"2026-04-23T17:10:53","slug":"iberostar-sella-acuerdo-con-medio-ambiente-para-proteger-ecosistemas-costeros-de-rd","status":"publish","type":"post","link":"https:\/\/ermdigital.com\/?p=23000","title":{"rendered":"Iberostar sella acuerdo con Medio Ambiente para proteger ecosistemas costeros de RD"},"content":{"rendered":"<p>\u200b<\/p>\n<p>El <strong>Ministerio de Medio Ambiente y Recursos Naturales<\/strong> firm\u00f3 un acuerdo de colaboraci\u00f3n con <strong>Iberostar Hotels &amp; Resorts<\/strong> para proteger y restaurar ecosistemas costeros y marinos en zonas tur\u00edsticas del pa\u00eds.<\/p>\n<p><a href=\"https:\/\/www.arecoa.com\/wp-content\/uploads\/2026\/04\/Iberostar-medioambiente-3.webp\"><img loading=\"lazy\" decoding=\"async\" class=\"alignleft size-full wp-image-215289\" src=\"https:\/\/www.arecoa.com\/wp-content\/uploads\/2026\/04\/Iberostar-medioambiente-3.webp\" alt=\"\" width=\"1225\" height=\"850\" \/><\/a>El memorando abarca \u00e1reas de <strong>B\u00e1varo<\/strong> y <strong>Bayah\u00edbe<\/strong>, as\u00ed como el municipio de <strong>San Felipe de Puerto Plata<\/strong>, donde se implementar\u00e1n acciones enfocadas en la conservaci\u00f3n de la biodiversidad y el uso sostenible de los recursos naturales.<\/p>\n<p>La iniciativa responde a la necesidad de intervenir zonas de alto valor ecol\u00f3gico que enfrentan presi\u00f3n por el desarrollo tur\u00edstico, mediante una alianza p\u00fablico-privada orientada a reducir impactos ambientales y recuperar ecosistemas.<\/p>\n<p>Entre las principales acciones se incluyen la protecci\u00f3n de arrecifes de coral y manglares, programas de educaci\u00f3n ambiental, manejo adecuado de residuos y la promoci\u00f3n de pr\u00e1cticas sostenibles en el sector tur\u00edstico.<\/p>\n<p>El ministro <strong>Pa\u00edno Henr\u00edquez<\/strong> destac\u00f3 la importancia del acuerdo, valorando la disposici\u00f3n conjunta para avanzar en la protecci\u00f3n de los recursos naturales.<\/p>\n<p>De su lado, <strong>Gloria Flux\u00e0<\/strong>, vicepresidenta del grupo, subray\u00f3 que la colaboraci\u00f3n es clave para lograr un impacto positivo y sostenible en los ecosistemas y las comunidades.<\/p>\n<p>La cadena hotelera impulsa\u00a0 las acciones a trav\u00e9s de su iniciativa \u201cWave of Change\u201d, con la que desarrolla proyectos como viveros de coral, un laboratorio marino y la siembra de miles de manglares para fortalecer la biodiversidad.<\/p>\n<p>El acuerdo tambi\u00e9n establece mecanismos de seguimiento y coordinaci\u00f3n t\u00e9cnica, garantizando la ejecuci\u00f3n efectiva de las medidas en las zonas priorizadas del pa\u00eds.<\/p>\n<p><a href=\"https:\/\/www.arecoa.com\/wp-content\/uploads\/2026\/04\/Iberostar-medioambiente-2.webp\"><img loading=\"lazy\" decoding=\"async\" class=\"size-full wp-image-215290 alignnone\" src=\"https:\/\/www.arecoa.com\/wp-content\/uploads\/2026\/04\/Iberostar-medioambiente-2.webp\" alt=\"\" width=\"1250\" height=\"714\" \/><\/a> <a href=\"https:\/\/www.arecoa.com\/wp-content\/uploads\/2026\/04\/Iberostar-medioambiente.jpeg\"><img loading=\"lazy\" decoding=\"async\" class=\"size-full wp-image-215291 alignnone\" src=\"https:\/\/www.arecoa.com\/wp-content\/uploads\/2026\/04\/Iberostar-medioambiente.jpeg\" alt=\"\" width=\"1235\" height=\"850\" \/><\/a><\/p>\n<p>\u00a0<\/p>\n","protected":false},"excerpt":{"rendered":"<p>\u200b El Ministerio de Medio Ambiente y Recursos Naturales firm\u00f3 un acuerdo de colaboraci\u00f3n con Iberostar Hotels &amp; Resorts para proteger y restaurar ecosistemas costeros y marinos en zonas tur\u00edsticas del pa\u00eds. El memorando abarca \u00e1reas de B\u00e1varo y Bayah\u00edbe, as\u00ed como el municipio de San Felipe de Puerto Plata, donde se implementar\u00e1n acciones enfocadas [&hellip;]<\/p>\n","protected":false},"author":1,"featured_media":23001,"comment_status":"open","ping_status":"open","sticky":false,"template":"","format":"standard","meta":{"amp_status":"","footnotes":""},"categories":[10],"tags":[],"class_list":["post-23000","post","type-post","status-publish","format-standard","has-post-thumbnail","hentry","category-food-travel"],"_links":{"self":[{"href":"https:\/\/ermdigital.com\/index.php?rest_route=\/wp\/v2\/posts\/23000","targetHints":{"allow":["GET"]}}],"collection":[{"href":"https:\/\/ermdigital.com\/index.php?rest_route=\/wp\/v2\/posts"}],"about":[{"href":"https:\/\/ermdigital.com\/index.php?rest_route=\/wp\/v2\/types\/post"}],"author":[{"embeddable":true,"href":"https:\/\/ermdigital.com\/index.php?rest_route=\/wp\/v2\/users\/1"}],"replies":[{"embeddable":true,"href":"https:\/\/ermdigital.com\/index.php?rest_route=%2Fwp%2Fv2%2Fcomments&post=23000"}],"version-history":[{"count":0,"href":"https:\/\/ermdigital.com\/index.php?rest_route=\/wp\/v2\/posts\/23000\/revisions"}],"wp:featuredmedia":[{"embeddable":true,"href":"https:\/\/ermdigital.com\/index.php?rest_route=\/wp\/v2\/media\/23001"}],"wp:attachment":[{"href":"https:\/\/ermdigital.com\/index.php?rest_route=%2Fwp%2Fv2%2Fmedia&parent=23000"}],"wp:term":[{"taxonomy":"category","embeddable":true,"href":"https:\/\/ermdigital.com\/index.php?rest_route=%2Fwp%2Fv2%2Fcategories&post=23000"},{"taxonomy":"post_tag","embeddable":true,"href":"https:\/\/ermdigital.com\/index.php?rest_route=%2Fwp%2Fv2%2Ftags&post=23000"}],"curies":[{"name":"wp","href":"https:\/\/api.w.org\/{rel}","templated":true}]}}