{"id":22993,"date":"2026-04-23T13:02:00","date_gmt":"2026-04-23T17:02:00","guid":{"rendered":"https:\/\/ermdigital.com\/index.php\/2026\/04\/23\/pavel-nunez-y-transfusion-se-presentaran-en-concierto\/"},"modified":"2026-04-23T13:02:00","modified_gmt":"2026-04-23T17:02:00","slug":"pavel-nunez-y-transfusion-se-presentaran-en-concierto","status":"publish","type":"post","link":"https:\/\/ermdigital.com\/?p=22993","title":{"rendered":"Pavel N\u00fa\u00f1ez y Transfusi\u00f3n se presentar\u00e1n en concierto"},"content":{"rendered":"<p>La plataforma <strong>Cultura Pop<\/strong> iniciar\u00e1 sus actividades con un <strong>concierto<\/strong> el pr\u00f3ximo 24 de abril de 2026, en el que participar\u00e1n el cantautor <strong>Pavel N\u00fa\u00f1ez<\/strong> y la banda <strong>Transfusi\u00f3n<\/strong>.<\/p>\n<p>La presentaci\u00f3n est\u00e1 programada para las <strong>9:00 de la noche<\/strong> en <strong>Hard Rock Caf\u00e9 Santo Domingo<\/strong>. Las boletas est\u00e1n disponibles a trav\u00e9s de la plataforma digital Tix.do.<\/p>\n<ul>\n<li>De acuerdo con la producci\u00f3n, el <strong>evento reunir\u00e1<\/strong> a ambos <strong>proyectos musicales<\/strong> en un <strong>mismo escenario<\/strong>.<\/li>\n<\/ul>\n<p> <strong>Pavel N\u00fa\u00f1ez<\/strong> estar\u00e1 acompa\u00f1ado por una <strong>banda integrada<\/strong> por Osvaldo Madera en la guitarra, Guy Fr\u00f3meta en la bater\u00eda, F\u00e9lix Antuna y Edgar Molina en la percusi\u00f3n, \u00c1lvaro Dinzey en los teclados, David V\u00e1squez en el bajo y Vicky Mar\u00eda Concepci\u00f3n en los coros.<\/p>\n<div class=\"social-embed mb-4\">\n<div class=\"placeholderYoutube\"><\/div>\n<\/div>\n<p>El <strong>concierto<\/strong> tambi\u00e9n marcar\u00e1 el regreso de <strong>Transfusi\u00f3n<\/strong> a los escenarios, tras un per\u00edodo de <strong>ausencia<\/strong>. La agrupaci\u00f3n presentar\u00e1 nuevamente su repertorio y dar\u00e1 a conocer el <strong>sencillo \u201cVamo\u2019 a fluir\u201d<\/strong>, su primer lanzamiento en 25 a\u00f1os.<\/p>\n<div class=\"social-embed mb-4\">\n<div class=\"placeholderYoutube\"><\/div>\n<\/div>\n<h2>M\u00e1s<\/h2>\n<ul>\n<li>La iniciativa <strong>Cultura Pop<\/strong> busca organizar <strong>presentaciones musicales<\/strong> con <strong>artistas dominicanos<\/strong> en distintos formatos.<\/li>\n<\/ul>\n<div class=\"read-more mb-7\">    <span class=\"block mb-2\">Leer m\u00e1s<\/span>    <\/p>\n<ul class=\"glosa\">\n<li>\n<h3><a href=\"https:\/\/www.diariolibre.com\/revista\/musica\/2026\/03\/18\/pavel-nunez-26-anos-de-trayectoria-con-musical-en-premios-soberano\/3474272?utm_source=relacionadas&amp;utm_medium=nota&amp;utm_campaign=relacionadas\" title=\"Pavel N\u00fa\u00f1ez celebra 26 a\u00f1os de carrera con un solo musical en Premios Soberano 2026\">Pavel N\u00fa\u00f1ez celebra 26 a\u00f1os de carrera con un solo musical en Premios Soberano 2026<\/a><\/h3>\n<\/li>\n<\/ul>\n<\/div>\n<p><\/p>\n<p><\/p>\n<p>\u200bLa plataforma Cultura Pop iniciar\u00e1 sus actividades con un concierto el pr\u00f3ximo 24 de abril de 2026, en el que participar\u00e1n el cantautor Pavel N\u00fa\u00f1ez y la banda Transfusi\u00f3n.La presentaci\u00f3n est\u00e1 programada para las 9:00 de la noche en Hard Rock Caf\u00e9 Santo Domingo. Las boletas est\u00e1n disponibles a trav\u00e9s de la plataforma digital Tix.do.    De acuerdo con la producci\u00f3n, el evento reunir\u00e1 a ambos proyectos musicales en un mismo escenario. Pavel N\u00fa\u00f1ez estar\u00e1 acompa\u00f1ado por una banda integrada por Osvaldo Madera en la guitarra, Guy Fr\u00f3meta en la bater\u00eda, F\u00e9lix Antuna y Edgar Molina en la percusi\u00f3n, \u00c1lvaro Dinzey en los teclados, David V\u00e1squez en el bajo y Vicky Mar\u00eda Concepci\u00f3n en los coros.El concierto tambi\u00e9n marcar\u00e1 el regreso de Transfusi\u00f3n a los escenarios, tras un per\u00edodo de ausencia. La agrupaci\u00f3n presentar\u00e1 nuevamente su repertorio y dar\u00e1 a conocer el sencillo \u201cVamo\u2019 a fluir\u201d, su primer lanzamiento en 25 a\u00f1os.M\u00e1s    La iniciativa Cultura Pop busca organizar presentaciones musicales con artistas dominicanos en distintos formatos.    Leer m\u00e1s                            Pavel N\u00fa\u00f1ez celebra 26 a\u00f1os de carrera con un solo musical en Premios Soberano 2026\u00a0\u00a0Revista, M\u00fasica, Diario Libre, Santo Domingo, Pavel N\u00fa\u00f1ez, Concierto, transfusi\u00f3n\u00a0<\/p>\n","protected":false},"excerpt":{"rendered":"<p>La plataforma Cultura Pop iniciar\u00e1 sus actividades con un concierto el pr\u00f3ximo 24 de abril de 2026, en el que participar\u00e1n el cantautor Pavel N\u00fa\u00f1ez y la banda Transfusi\u00f3n. La presentaci\u00f3n est\u00e1 programada para las 9:00 de la noche en Hard Rock Caf\u00e9 Santo Domingo. Las boletas est\u00e1n disponibles a trav\u00e9s de la plataforma digital [&hellip;]<\/p>\n","protected":false},"author":1,"featured_media":22810,"comment_status":"open","ping_status":"open","sticky":false,"template":"","format":"standard","meta":{"amp_status":"","footnotes":""},"categories":[9],"tags":[],"class_list":["post-22993","post","type-post","status-publish","format-standard","has-post-thumbnail","hentry","category-espectaculo"],"_links":{"self":[{"href":"https:\/\/ermdigital.com\/index.php?rest_route=\/wp\/v2\/posts\/22993","targetHints":{"allow":["GET"]}}],"collection":[{"href":"https:\/\/ermdigital.com\/index.php?rest_route=\/wp\/v2\/posts"}],"about":[{"href":"https:\/\/ermdigital.com\/index.php?rest_route=\/wp\/v2\/types\/post"}],"author":[{"embeddable":true,"href":"https:\/\/ermdigital.com\/index.php?rest_route=\/wp\/v2\/users\/1"}],"replies":[{"embeddable":true,"href":"https:\/\/ermdigital.com\/index.php?rest_route=%2Fwp%2Fv2%2Fcomments&post=22993"}],"version-history":[{"count":0,"href":"https:\/\/ermdigital.com\/index.php?rest_route=\/wp\/v2\/posts\/22993\/revisions"}],"wp:featuredmedia":[{"embeddable":true,"href":"https:\/\/ermdigital.com\/index.php?rest_route=\/wp\/v2\/media\/22810"}],"wp:attachment":[{"href":"https:\/\/ermdigital.com\/index.php?rest_route=%2Fwp%2Fv2%2Fmedia&parent=22993"}],"wp:term":[{"taxonomy":"category","embeddable":true,"href":"https:\/\/ermdigital.com\/index.php?rest_route=%2Fwp%2Fv2%2Fcategories&post=22993"},{"taxonomy":"post_tag","embeddable":true,"href":"https:\/\/ermdigital.com\/index.php?rest_route=%2Fwp%2Fv2%2Ftags&post=22993"}],"curies":[{"name":"wp","href":"https:\/\/api.w.org\/{rel}","templated":true}]}}