{"id":22931,"date":"2026-04-23T11:54:00","date_gmt":"2026-04-23T15:54:00","guid":{"rendered":"https:\/\/ermdigital.com\/index.php\/2026\/04\/23\/miss-republica-dominicana-universo-ya-tiene-fecha-y-30-candidatas\/"},"modified":"2026-04-23T11:54:00","modified_gmt":"2026-04-23T15:54:00","slug":"miss-republica-dominicana-universo-ya-tiene-fecha-y-30-candidatas","status":"publish","type":"post","link":"https:\/\/ermdigital.com\/?p=22931","title":{"rendered":"Miss Rep\u00fablica Dominicana Universo ya tiene fecha y 30 candidatas"},"content":{"rendered":"<p>El certamen <strong>Miss Rep\u00fablica Dominicana Universo<\/strong> celebrar\u00e1 su 70 aniversario el jueves 30 de julio de 2026 en la sala principal del <strong>Teatro Nacional<\/strong> Eduardo Brito, en Santo Domingo.<\/p>\n<p>El evento contar\u00e1 con la participaci\u00f3n de <strong>30 candidatas en representaci\u00f3n de distintas provincias del pa\u00eds<\/strong>, quienes competir\u00e1n por el t\u00edtulo nacional. La organizaci\u00f3n del concurso est\u00e1 a cargo de Magali Febles, con la producci\u00f3n de Ren\u00e9 Brea.<\/p>\n<p>Seg\u00fan lo informado, la gala ser\u00e1 transmitida <strong>en vivo por Color Visi\u00f3n, canal 9<\/strong>, en horario estelar.<\/p>\n<p>El certamen forma parte de la trayectoria de representaci\u00f3n dominicana en concursos internacionales de belleza, incluyendo la de Jennifer Ventura, la m\u00e1s reciente reina, quien fue parte del Top 30 de clasificadas en <strong>Miss Universo.<\/strong><\/p>\n<div class=\"social-embed mb-4\">\n<blockquote class=\"instagram-media\" data-instgrm-captioned=\"\" data-instgrm-permalink=\"https:\/\/www.instagram.com\/p\/DRTTwXGDKHa\/?utm_source=ig_embed&amp;utm_campaign=loading\" data-instgrm-version=\"14\">\n<div> <a href=\"https:\/\/www.instagram.com\/p\/DRTTwXGDKHa\/?utm_source=ig_embed&amp;utm_campaign=loading\" target=\"_blank\" title=\"       Ver esta publicaci\u00f3n en Instagram            \" rel=\"nofollow noopener noreferrer\"> <\/p>\n<div>\n<div><\/div>\n<div>\n<div><\/div>\n<div><\/div>\n<\/div>\n<\/div>\n<div><\/div>\n<div><\/div>\n<div>\n<div>Ver esta publicaci\u00f3n en Instagram<\/div>\n<\/div>\n<div><\/div>\n<div>\n<div>\n<div><\/div>\n<div><\/div>\n<div><\/div>\n<\/div>\n<div>\n<div><\/div>\n<div><\/div>\n<\/div>\n<div>\n<div><\/div>\n<div><\/div>\n<div><\/div>\n<\/div>\n<\/div>\n<div>\n<div><\/div>\n<div><\/div>\n<\/div>\n<p><\/a><\/p>\n<p><a href=\"https:\/\/www.instagram.com\/p\/DRTTwXGDKHa\/?utm_source=ig_embed&amp;utm_campaign=loading\" target=\"_blank\" title=\"Una publicaci\u00f3n compartida por Miss Universe ?? Rep\u00fablica Dominicana (@missuniversedominicana)\" rel=\"nofollow noopener noreferrer\">Una publicaci\u00f3n compartida por Miss Universe ?? Rep\u00fablica Dominicana (@missuniversedominicana)<\/a><\/p>\n<\/div>\n<\/blockquote>\n<div class=\"lazyload\" data-script=\"https:\/\/www.instagram.com\/embed.js\"><\/div>\n<\/div>\n<p>La organizaci\u00f3n indic\u00f3 que <strong>la actividad tendr\u00e1 un prop\u00f3sito ben\u00e9fico<\/strong>. Los fondos ser\u00e1n destinados a La Casa del Autismo Magali Febles, un centro orientado a ofrecer servicios de diagn\u00f3stico y atenci\u00f3n a personas con Trastorno del Espectro Autista (TEA), especialmente en contextos de vulnerabilidad.<\/p>\n<h2>M\u00e1s<\/h2>\n<ul>\n<li>De acuerdo con declaraciones de la direcci\u00f3n del certamen, la iniciativa busca contribuir al acceso a servicios especializados para familias que requieren este tipo de atenci\u00f3n.<\/li>\n<\/ul>\n<div class=\"social-embed mb-4\">    <title>Ficha T\u00e9cnica<\/title>    <\/p>\n<div class=\".container_tabla\">\n<table>\n<tr>\n<th colspan=\"2\">Ficha T\u00e9cnica<\/th>\n<\/tr>\n<tr>\n<td class=\"label\">Fecha<\/td>\n<td>Jueves 30 de julio de 2026<\/td>\n<\/tr>\n<tr>\n<td class=\"label\">Lugar<\/td>\n<td>Teatro Nacional Eduardo Brito, Santo Domingo<\/td>\n<\/tr>\n<tr>\n<td class=\"label\">Transmisi\u00f3n<\/td>\n<td>En vivo por Color Visi\u00f3n, Canal 9<\/td>\n<\/tr>\n<tr>\n<td class=\"label\">Producci\u00f3n General<\/td>\n<td>Ren\u00e9 Brea y Magali Febles<\/td>\n<\/tr>\n<tr>\n<td class=\"label\">Candidatas<\/td>\n<td>30 representantes provinciales<\/td>\n<\/tr>\n<tr>\n<td class=\"label\">Boletos<\/td>\n<td>Disponibles en UEPA Tickets (www.uepatickets.com) y en la boleter\u00eda del Teatro Nacional<\/td>\n<\/tr>\n<\/table><\/div>\n<\/p><\/div>\n<p><\/p>\n<p>\u200bEl certamen Miss Rep\u00fablica Dominicana Universo celebrar\u00e1 su 70 aniversario el jueves 30 de julio de 2026 en la sala principal del Teatro Nacional Eduardo Brito, en Santo Domingo.El evento contar\u00e1 con la participaci\u00f3n de 30 candidatas en representaci\u00f3n de distintas provincias del pa\u00eds, quienes competir\u00e1n por el t\u00edtulo nacional. La organizaci\u00f3n del concurso est\u00e1 a cargo de Magali Febles, con la producci\u00f3n de Ren\u00e9 Brea.Seg\u00fan lo informado, la gala ser\u00e1 transmitida en vivo por Color Visi\u00f3n, canal 9, en horario estelar.El certamen forma parte de la trayectoria de representaci\u00f3n dominicana en concursos internacionales de belleza, incluyendo la de Jennifer Ventura, la m\u00e1s reciente reina, quien fue parte del Top 30 de clasificadas en Miss Universo.        Ver esta publicaci\u00f3n en Instagram            Una publicaci\u00f3n compartida por Miss Universe ?? Rep\u00fablica Dominicana (@missuniversedominicana) La organizaci\u00f3n indic\u00f3 que la actividad tendr\u00e1 un prop\u00f3sito ben\u00e9fico. Los fondos ser\u00e1n destinados a La Casa del Autismo Magali Febles, un centro orientado a ofrecer servicios de diagn\u00f3stico y atenci\u00f3n a personas con Trastorno del Espectro Autista (TEA), especialmente en contextos de vulnerabilidad.M\u00e1s    De acuerdo con declaraciones de la direcci\u00f3n del certamen, la iniciativa busca contribuir al acceso a servicios especializados para familias que requieren este tipo de atenci\u00f3n.    Ficha T\u00e9cnica                               Ficha T\u00e9cnica                               Fecha             Jueves 30 de julio de 2026                               Lugar             Teatro Nacional Eduardo Brito, Santo Domingo                               Transmisi\u00f3n             En vivo por Color Visi\u00f3n, Canal 9                               Producci\u00f3n General             Ren\u00e9 Brea y Magali Febles                               Candidatas             30 representantes provinciales                               Boletos             Disponibles en UEPA Tickets (www.uepatickets.com) y en la boleter\u00eda del Teatro Nacional\u00a0\u00a0Revista, Cultura, Diario Libre, Santo Domingo, Teatro Nacional, Miss Universo, Miss Rep\u00fablica Dominicana Universo, Miss Rep\u00fablica Dominicana Universo 2026\u00a0<\/p>\n","protected":false},"excerpt":{"rendered":"<p>El certamen Miss Rep\u00fablica Dominicana Universo celebrar\u00e1 su 70 aniversario el jueves 30 de julio de 2026 en la sala principal del Teatro Nacional Eduardo Brito, en Santo Domingo. El evento contar\u00e1 con la participaci\u00f3n de 30 candidatas en representaci\u00f3n de distintas provincias del pa\u00eds, quienes competir\u00e1n por el t\u00edtulo nacional. La organizaci\u00f3n del concurso [&hellip;]<\/p>\n","protected":false},"author":1,"featured_media":22776,"comment_status":"open","ping_status":"open","sticky":false,"template":"","format":"standard","meta":{"amp_status":"","footnotes":""},"categories":[9],"tags":[],"class_list":["post-22931","post","type-post","status-publish","format-standard","has-post-thumbnail","hentry","category-espectaculo"],"_links":{"self":[{"href":"https:\/\/ermdigital.com\/index.php?rest_route=\/wp\/v2\/posts\/22931","targetHints":{"allow":["GET"]}}],"collection":[{"href":"https:\/\/ermdigital.com\/index.php?rest_route=\/wp\/v2\/posts"}],"about":[{"href":"https:\/\/ermdigital.com\/index.php?rest_route=\/wp\/v2\/types\/post"}],"author":[{"embeddable":true,"href":"https:\/\/ermdigital.com\/index.php?rest_route=\/wp\/v2\/users\/1"}],"replies":[{"embeddable":true,"href":"https:\/\/ermdigital.com\/index.php?rest_route=%2Fwp%2Fv2%2Fcomments&post=22931"}],"version-history":[{"count":0,"href":"https:\/\/ermdigital.com\/index.php?rest_route=\/wp\/v2\/posts\/22931\/revisions"}],"wp:featuredmedia":[{"embeddable":true,"href":"https:\/\/ermdigital.com\/index.php?rest_route=\/wp\/v2\/media\/22776"}],"wp:attachment":[{"href":"https:\/\/ermdigital.com\/index.php?rest_route=%2Fwp%2Fv2%2Fmedia&parent=22931"}],"wp:term":[{"taxonomy":"category","embeddable":true,"href":"https:\/\/ermdigital.com\/index.php?rest_route=%2Fwp%2Fv2%2Fcategories&post=22931"},{"taxonomy":"post_tag","embeddable":true,"href":"https:\/\/ermdigital.com\/index.php?rest_route=%2Fwp%2Fv2%2Ftags&post=22931"}],"curies":[{"name":"wp","href":"https:\/\/api.w.org\/{rel}","templated":true}]}}