{"id":22911,"date":"2026-04-23T10:57:00","date_gmt":"2026-04-23T14:57:00","guid":{"rendered":"https:\/\/ermdigital.com\/index.php\/2026\/04\/23\/paloma-bonilla-una-vida-transformada-por-una-mala-practica-medica\/"},"modified":"2026-04-23T10:57:00","modified_gmt":"2026-04-23T14:57:00","slug":"paloma-bonilla-una-vida-transformada-por-una-mala-practica-medica","status":"publish","type":"post","link":"https:\/\/ermdigital.com\/?p=22911","title":{"rendered":"Paloma Bonilla: una vida transformada por una mala pr\u00e1ctica m\u00e9dica"},"content":{"rendered":"<p>La vida de <strong>Paloma Bonilla<\/strong> qued\u00f3 marcada por un antes y un despu\u00e9s tras una <strong>intervenci\u00f3n quir\u00fargica<\/strong> que, lejos de mejorar su salud, transform\u00f3 radicalmente su realidad. Lo que comenz\u00f3 como un procedimiento m\u00e9dico deriv\u00f3 en una condici\u00f3n de <strong>paraplejia<\/strong> que la oblig\u00f3 a reconstruir su vida desde una silla de ruedas.<\/p>\n<p> Sin embargo, su <strong>historia<\/strong> no se limit\u00f3 al dolor: se convirti\u00f3 en un relato de <strong>lucha<\/strong>, visibilidad y <strong>b\u00fasqueda de justicia<\/strong>.<\/p>\n<p>Antes de ese punto de quiebre, Bonilla ya hab\u00eda enfrentado importantes desaf\u00edos. A los <strong>17 a\u00f1os<\/strong> <strong>perdi\u00f3 a su madre<\/strong>, una experiencia que defini\u00f3 su car\u00e1cter y su manera de enfrentar la vida. <\/p>\n<p>Poco tiempo despu\u00e9s, asumi\u00f3 la maternidad a temprana edad, tomando decisiones complejas para sostener a su <strong>hija<\/strong>, entre ellas abandonar sus estudios universitarios para priorizar la <strong>estabilidad econ\u00f3mica<\/strong> familiar.<\/p>\n<p>A\u00f1os m\u00e1s tarde, cuando su vida avanzaba entre responsabilidades y proyectos personales, comenz\u00f3 a experimentar <strong>problemas de salud<\/strong> que la llevaron al <strong>quir\u00f3fano<\/strong>.<\/p>\n<p> Seg\u00fan su propio testimonio, la <strong>intervenci\u00f3n<\/strong>, a la que lleg\u00f3 caminando, deriv\u00f3 en <strong>complicaciones graves<\/strong>. En el proceso, denunci\u00f3 <strong>irregularidades m\u00e9dicas<\/strong>, incluyendo procedimientos adicionales sin el debido consentimiento informado y la colocaci\u00f3n incorrecta de materiales quir\u00fargicos.<\/p>\n<p>El resultado fue irreversible: perdi\u00f3 la movilidad de la mitad inferior de su cuerpo. A partir de ese momento, inici\u00f3 no solo un <strong>proceso f\u00edsico<\/strong> de <strong>adaptaci\u00f3n<\/strong>, sino tambi\u00e9n un profundo camino emocional.<\/p>\n<div class=\"social-embed mb-4\">\n<div class=\"placeholderYoutube\"><\/div>\n<\/div>\n<p> Bonilla habl\u00f3 abiertamente de episodios de <strong>depresi\u00f3n<\/strong>, <strong>incertidumbre<\/strong> y miedo, incluyendo momentos l\u00edmite en los que cuestion\u00f3 su propia continuidad. No obstante, tambi\u00e9n narr\u00f3 c\u00f3mo encontr\u00f3 en su <strong>hija<\/strong> una raz\u00f3n para seguir adelante.<\/p>\n<div class=\"w-full pt-2 float-left inside-related\">    <span class=\"border-b border-black pb-3 mb-4 block\"><strong>RELACIONADAS<\/strong><\/span>                <\/p>\n<article class=\"flex flex-wrap border-b pb-4 mb-3 inline-block\">\n<div class=\"xl:w-2\/12 w-4\/12\">\n<figure class=\"mb-0\">                                                    <a href=\"https:\/\/www.diariolibre.com\/revista\/farandula\/2026\/04\/23\/fallece-la-influencer-dominicana-paloma-bonilla\/3511893?utm_source=relacionadas&amp;utm_medium=nota&amp;utm_campaign=relacionadas\" title=\"                                                                                                                            \">                                                                <img decoding=\"async\" loading=\"lazy\" src=\"https:\/\/resources.diariolibre.com\/images\/2026\/04\/23\/fallece-la-influencer-dominicana-paloma-bonilla-0be74775-focus-min0.14-0.74-149-99.jpg\" width=\"149\" height=\"99\" title=\"Muere la creadora de contenido dominicana Paloma Bonilla\" alt=\"Muere la creadora de contenido dominicana Paloma Bonilla\" class=\"object-cover\">                                                            <\/a>                                            <\/figure>\n<\/p><\/div>\n<div class=\"xl:w-10\/12 w-8\/12 pl-3\">\n<div class=\"text-md mb-2 meta\">                        <a href=\"https:\/\/www.diariolibre.com\/revista\/farandula\" title=\"Far\u00e1ndula\">Far\u00e1ndula<\/a>                    <\/div>\n<h2><a href=\"https:\/\/www.diariolibre.com\/revista\/farandula\/2026\/04\/23\/fallece-la-influencer-dominicana-paloma-bonilla\/3511893?utm_source=relacionadas&amp;utm_medium=nota&amp;utm_campaign=relacionadas\" title=\"Muere la creadora de contenido dominicana Paloma Bonilla\">Muere la creadora de contenido dominicana Paloma Bonilla<\/a><\/h2>\n<\/p><\/div>\n<\/article><\/div>\n<p>Lejos de mantenerse en el \u00e1mbito privado, decidi\u00f3 hacer p\u00fablica su experiencia. A trav\u00e9s de <strong>redes sociales<\/strong>, construy\u00f3 una <strong>comunidad<\/strong> que creci\u00f3 alrededor de su <strong>historia<\/strong>, donde compart\u00eda reflexiones, vivencias cotidianas y mensajes de <strong>superaci\u00f3n<\/strong>. Su autenticidad y franqueza conectaron con miles de personas que encontraron en ella una <strong>voz<\/strong> cercana y real.<\/p>\n<ul>\n<li>En paralelo, emprendi\u00f3 un <strong>proceso judicial<\/strong> en busca de responsabilidades por lo ocurrido. El caso evidenci\u00f3 las dificultades del sistema en este tipo de litigios: decisiones contradictorias, apelaciones y una <strong>compensaci\u00f3n econ\u00f3mica<\/strong> que, aunque reconoc\u00eda el da\u00f1o, resultaba insuficiente frente a los costos de su nueva condici\u00f3n de vida. Aun as\u00ed, Bonilla destac\u00f3 que su <strong>lucha<\/strong> no era \u00fanicamente econ\u00f3mica, sino tambi\u00e9n moral: necesitaba que se reconociera lo sucedido.<\/li>\n<\/ul>\n<figure class=\"my-12 component infografia\">\n<div class=\"expand-img-placeholder\"><img loading=\"lazy\" decoding=\"async\" src=\"https:\/\/resources.diariolibre.com\/images\/expand.svg\" alt=\"Expandir imagen\" width=\"20\" height=\"20\"><span class=\"rutaimagenoriginal-placeholder\">https:\/\/resources.diariolibre.com\/images\/2026\/04\/23\/milly-5d-2-2179222a.jpg<\/span><\/div>\n<p><img decoding=\"async\" loading=\"lazy\" src=\"https:\/\/resources.diariolibre.com\/images\/2026\/04\/23\/milly-5d-2-2179222a.jpg\" width=\"auto\" height=\"350\" alt=\"Infograf\u00eda\" class=\"mx-auto\"><\/figure>\n<p>Otro de los aspectos que marc\u00f3 su <strong>historia<\/strong> fue el acompa\u00f1amiento de su <strong>pareja<\/strong>, quien regres\u00f3 a su vida durante el proceso m\u00e1s cr\u00edtico y decidi\u00f3 permanecer a su lado. Ese v\u00ednculo, fortalecido en medio de la <strong>adversidad<\/strong>, se convirti\u00f3 en un pilar importante dentro de su proceso de <strong>reconstrucci\u00f3n personal<\/strong>.<\/p>\n<p>M\u00e1s all\u00e1 de su experiencia individual, su caso abri\u00f3 conversaciones necesarias sobre la <strong>negligencia m\u00e9dica<\/strong>, el <strong>acceso a la justicia<\/strong> y las condiciones de vida de las personas con <strong>discapacidad<\/strong>. Tambi\u00e9n puso en evidencia las dificultades econ\u00f3micas que enfrentan quienes requieren terapias constantes, equipos especializados y atenci\u00f3n m\u00e9dica continua.<\/p>\n<figure class=\"inline-block\">\n<div class=\"expand-img-placeholder\"><img loading=\"lazy\" decoding=\"async\" src=\"https:\/\/resources.diariolibre.com\/images\/expand.svg\" alt=\"Expandir imagen\" width=\"20\" height=\"20\"><span class=\"rutaimagenoriginal-placeholder\">https:\/\/resources.diariolibre.com\/images\/2026\/04\/23\/milly-5djj-2-55bbc1ae.jpg<\/span><\/div>\n<p><img decoding=\"async\" loading=\"lazy\" src=\"https:\/\/resources.diariolibre.com\/images\/2026\/04\/23\/milly-5djj-2-55bbc1ae.jpg\" width=\"auto\" height=\"350\" alt=\"Infograf\u00eda\" class=\"mx-auto\"><figcaption><span>Paloma Bonilla comparti\u00f3 en redes sociales su proceso de vida tras quedar en silla de ruedas, convirti\u00e9ndose en una voz de apoyo e inspiraci\u00f3n.<\/span><\/figcaption><\/figure>\n<h2>Su muerte<\/h2>\n<ul>\n<li>El <strong>fallecimiento<\/strong> de <strong>Paloma Bonilla<\/strong> el <strong>22 de abril<\/strong> gener\u00f3 una ola de reacciones en <strong>redes sociales<\/strong>, donde seguidores, amigos y allegados destacaron su fortaleza, su transparencia y el impacto de su <strong>historia<\/strong>. Fue recordada como una persona \u201cllena de luz, amor y bondad\u201d, pero tambi\u00e9n como alguien que decidi\u00f3 no callar.<\/li>\n<\/ul>\n<p>Su <strong>legado<\/strong> trasciende su propia experiencia. Paloma no solo enfrent\u00f3 la <strong>adversidad<\/strong>: la transform\u00f3 en un mensaje. En una sociedad donde muchas historias similares permanecen invisibles, la suya logr\u00f3 abrir espacio, generar <strong>conciencia<\/strong> y <strong>acompa\u00f1ar a otros<\/strong>.<\/p>\n<p>Su <strong>voz<\/strong>, construida desde la <strong>vulnerabilidad<\/strong> y la <strong>firmeza<\/strong>, permanece.<\/p>\n<p><\/p>\n<p>\u200bLa vida de Paloma Bonilla qued\u00f3 marcada por un antes y un despu\u00e9s tras una intervenci\u00f3n quir\u00fargica que, lejos de mejorar su salud, transform\u00f3 radicalmente su realidad. Lo que comenz\u00f3 como un procedimiento m\u00e9dico deriv\u00f3 en una condici\u00f3n de paraplejia que la oblig\u00f3 a reconstruir su vida desde una silla de ruedas. Sin embargo, su historia no se limit\u00f3 al dolor: se convirti\u00f3 en un relato de lucha, visibilidad y b\u00fasqueda de justicia.Antes de ese punto de quiebre, Bonilla ya hab\u00eda enfrentado importantes desaf\u00edos. A los 17 a\u00f1os perdi\u00f3 a su madre, una experiencia que defini\u00f3 su car\u00e1cter y su manera de enfrentar la vida. Poco tiempo despu\u00e9s, asumi\u00f3 la maternidad a temprana edad, tomando decisiones complejas para sostener a su hija, entre ellas abandonar sus estudios universitarios para priorizar la estabilidad econ\u00f3mica familiar.A\u00f1os m\u00e1s tarde, cuando su vida avanzaba entre responsabilidades y proyectos personales, comenz\u00f3 a experimentar problemas de salud que la llevaron al quir\u00f3fano. Seg\u00fan su propio testimonio, la intervenci\u00f3n, a la que lleg\u00f3 caminando, deriv\u00f3 en complicaciones graves. En el proceso, denunci\u00f3 irregularidades m\u00e9dicas, incluyendo procedimientos adicionales sin el debido consentimiento informado y la colocaci\u00f3n incorrecta de materiales quir\u00fargicos.El resultado fue irreversible: perdi\u00f3 la movilidad de la mitad inferior de su cuerpo. A partir de ese momento, inici\u00f3 no solo un proceso f\u00edsico de adaptaci\u00f3n, sino tambi\u00e9n un profundo camino emocional. Bonilla habl\u00f3 abiertamente de episodios de depresi\u00f3n, incertidumbre y miedo, incluyendo momentos l\u00edmite en los que cuestion\u00f3 su propia continuidad. No obstante, tambi\u00e9n narr\u00f3 c\u00f3mo encontr\u00f3 en su hija una raz\u00f3n para seguir adelante.    RELACIONADAS                                                                                                                                                                                                                                                                                                                                                            Far\u00e1ndula                                        Muere la creadora de contenido dominicana Paloma Bonilla                                    Lejos de mantenerse en el \u00e1mbito privado, decidi\u00f3 hacer p\u00fablica su experiencia. A trav\u00e9s de redes sociales, construy\u00f3 una comunidad que creci\u00f3 alrededor de su historia, donde compart\u00eda reflexiones, vivencias cotidianas y mensajes de superaci\u00f3n. Su autenticidad y franqueza conectaron con miles de personas que encontraron en ella una voz cercana y real.    En paralelo, emprendi\u00f3 un proceso judicial en busca de responsabilidades por lo ocurrido. El caso evidenci\u00f3 las dificultades del sistema en este tipo de litigios: decisiones contradictorias, apelaciones y una compensaci\u00f3n econ\u00f3mica que, aunque reconoc\u00eda el da\u00f1o, resultaba insuficiente frente a los costos de su nueva condici\u00f3n de vida. Aun as\u00ed, Bonilla destac\u00f3 que su lucha no era \u00fanicamente econ\u00f3mica, sino tambi\u00e9n moral: necesitaba que se reconociera lo sucedido.https:\/\/resources.diariolibre.com\/images\/2026\/04\/23\/milly-5d-2-2179222a.jpgOtro de los aspectos que marc\u00f3 su historia fue el acompa\u00f1amiento de su pareja, quien regres\u00f3 a su vida durante el proceso m\u00e1s cr\u00edtico y decidi\u00f3 permanecer a su lado. Ese v\u00ednculo, fortalecido en medio de la adversidad, se convirti\u00f3 en un pilar importante dentro de su proceso de reconstrucci\u00f3n personal.M\u00e1s all\u00e1 de su experiencia individual, su caso abri\u00f3 conversaciones necesarias sobre la negligencia m\u00e9dica, el acceso a la justicia y las condiciones de vida de las personas con discapacidad. Tambi\u00e9n puso en evidencia las dificultades econ\u00f3micas que enfrentan quienes requieren terapias constantes, equipos especializados y atenci\u00f3n m\u00e9dica continua.https:\/\/resources.diariolibre.com\/images\/2026\/04\/23\/milly-5djj-2-55bbc1ae.jpgPaloma Bonilla comparti\u00f3 en redes sociales su proceso de vida tras quedar en silla de ruedas, convirti\u00e9ndose en una voz de apoyo e inspiraci\u00f3n.Su muerte    El fallecimiento de Paloma Bonilla el 22 de abril gener\u00f3 una ola de reacciones en redes sociales, donde seguidores, amigos y allegados destacaron su fortaleza, su transparencia y el impacto de su historia. Fue recordada como una persona \u201cllena de luz, amor y bondad\u201d, pero tambi\u00e9n como alguien que decidi\u00f3 no callar.Su legado trasciende su propia experiencia. Paloma no solo enfrent\u00f3 la adversidad: la transform\u00f3 en un mensaje. En una sociedad donde muchas historias similares permanecen invisibles, la suya logr\u00f3 abrir espacio, generar conciencia y acompa\u00f1ar a otros.Su voz, construida desde la vulnerabilidad y la firmeza, permanece.\u00a0\u00a0Revista, Cultura, Diario Libre, Santo Domingo, Influencer dominicana, mala pr\u00e1ctica m\u00e9dica, Paloma Bonilla, Creadora de contenido dominicana\u00a0<\/p>\n","protected":false},"excerpt":{"rendered":"<p>La vida de Paloma Bonilla qued\u00f3 marcada por un antes y un despu\u00e9s tras una intervenci\u00f3n quir\u00fargica que, lejos de mejorar su salud, transform\u00f3 radicalmente su realidad. Lo que comenz\u00f3 como un procedimiento m\u00e9dico deriv\u00f3 en una condici\u00f3n de paraplejia que la oblig\u00f3 a reconstruir su vida desde una silla de ruedas. Sin embargo, su [&hellip;]<\/p>\n","protected":false},"author":1,"featured_media":22688,"comment_status":"open","ping_status":"open","sticky":false,"template":"","format":"standard","meta":{"amp_status":"","footnotes":""},"categories":[9],"tags":[],"class_list":["post-22911","post","type-post","status-publish","format-standard","has-post-thumbnail","hentry","category-espectaculo"],"_links":{"self":[{"href":"https:\/\/ermdigital.com\/index.php?rest_route=\/wp\/v2\/posts\/22911","targetHints":{"allow":["GET"]}}],"collection":[{"href":"https:\/\/ermdigital.com\/index.php?rest_route=\/wp\/v2\/posts"}],"about":[{"href":"https:\/\/ermdigital.com\/index.php?rest_route=\/wp\/v2\/types\/post"}],"author":[{"embeddable":true,"href":"https:\/\/ermdigital.com\/index.php?rest_route=\/wp\/v2\/users\/1"}],"replies":[{"embeddable":true,"href":"https:\/\/ermdigital.com\/index.php?rest_route=%2Fwp%2Fv2%2Fcomments&post=22911"}],"version-history":[{"count":0,"href":"https:\/\/ermdigital.com\/index.php?rest_route=\/wp\/v2\/posts\/22911\/revisions"}],"wp:featuredmedia":[{"embeddable":true,"href":"https:\/\/ermdigital.com\/index.php?rest_route=\/wp\/v2\/media\/22688"}],"wp:attachment":[{"href":"https:\/\/ermdigital.com\/index.php?rest_route=%2Fwp%2Fv2%2Fmedia&parent=22911"}],"wp:term":[{"taxonomy":"category","embeddable":true,"href":"https:\/\/ermdigital.com\/index.php?rest_route=%2Fwp%2Fv2%2Fcategories&post=22911"},{"taxonomy":"post_tag","embeddable":true,"href":"https:\/\/ermdigital.com\/index.php?rest_route=%2Fwp%2Fv2%2Ftags&post=22911"}],"curies":[{"name":"wp","href":"https:\/\/api.w.org\/{rel}","templated":true}]}}