{"id":22866,"date":"2026-04-23T10:21:00","date_gmt":"2026-04-23T14:21:00","guid":{"rendered":"https:\/\/ermdigital.com\/index.php\/2026\/04\/23\/sobrino-de-michael-jackson-desmiente-que-su-tio-queria-ser-blanco\/"},"modified":"2026-04-23T10:21:00","modified_gmt":"2026-04-23T14:21:00","slug":"sobrino-de-michael-jackson-desmiente-que-su-tio-queria-ser-blanco","status":"publish","type":"post","link":"https:\/\/ermdigital.com\/?p=22866","title":{"rendered":"Sobrino de Michael Jackson desmiente que su t\u00edo quer\u00eda ser blanco"},"content":{"rendered":"<p>Durante la <strong>alfombra roja<\/strong> del estreno de la pel\u00edcula \u201c<strong>Michael<\/strong>\u201d, el actor <strong>Jaafar Jackson<\/strong> abord\u00f3 una de las narrativas m\u00e1s persistentes y pol\u00e9micas en torno a la figura de su t\u00edo, el legendario <strong>cantante<\/strong> <strong>Michael Jackson<\/strong>: la creencia de que habr\u00eda deseado ser una persona blanca.<\/p>\n<p>El int\u00e9rprete, quien da vida al artista en la nueva producci\u00f3n cinematogr\u00e1fica, rechaz\u00f3 esa interpretaci\u00f3n y afirm\u00f3 que se trata de una percepci\u00f3n equivocada que ha sido ampliamente difundida en la <strong>cultura popular<\/strong>.<\/p>\n<p> Seg\u00fan explic\u00f3, la <strong>transformaci\u00f3n f\u00edsica<\/strong> del <strong>cantante<\/strong> estuvo directamente relacionada con el <strong>vitiligo<\/strong>, una <strong>enfermedad dermatol\u00f3gica<\/strong> que provoca la p\u00e9rdida progresiva de pigmentaci\u00f3n en la piel.<\/p>\n<p>\u201cEsa es una de las mayores ideas err\u00f3neas\u201d, se\u00f1al\u00f3 <strong>Jaafar Jackson<\/strong> al ser consultado durante el evento en Los \u00c1ngeles. En ese sentido, destac\u00f3 que la pel\u00edcula busca precisamente ofrecer contexto sobre la condici\u00f3n m\u00e9dica que afect\u00f3 al artista desde joven, y que con frecuencia fue malinterpretada por el p\u00fablico y los medios.<\/p>\n<p>El <strong>vitiligo<\/strong>, de acuerdo con informaci\u00f3n m\u00e9dica de referencia, es una <strong>enfermedad autoinmune<\/strong> que genera <strong>manchas despigmentadas<\/strong> en distintas zonas del cuerpo. En el caso de <strong>Michael Jackson<\/strong>, esta condici\u00f3n resultaba especialmente visible debido a su tono de piel original, lo que aliment\u00f3 durante a\u00f1os especulaciones sobre posibles tratamientos est\u00e9ticos con fines de aclaramiento.<\/p>\n<ul>\n<li>El propio artista abord\u00f3 estos rumores en vida, particularmente durante su entrevista con Oprah <strong>Winfrey<\/strong> en 1993, donde confirm\u00f3 su diagn\u00f3stico y expres\u00f3 el impacto emocional que le generaban las interpretaciones err\u00f3neas sobre su apariencia.<\/li>\n<\/ul>\n<p>\u201cEs algo que <strong>no puedo controlar<\/strong>\u201d, afirm\u00f3 entonces, al tiempo que rechaz\u00f3 la idea de que su identidad estuviera ligada a una intenci\u00f3n de <strong>cambio racial<\/strong>.<\/p>\n<div class=\"social-embed mb-4\">\n<div class=\"placeholderYoutube\"><\/div>\n<\/div>\n<p>Tras su fallecimiento en 2009, la conversaci\u00f3n en torno a su imagen continu\u00f3 generando <strong>debate p\u00fablico<\/strong>, incluso entre figuras del entretenimiento como la propia <strong>Winfrey<\/strong>, quien a\u00f1os despu\u00e9s reconoci\u00f3 la sensibilidad del tema y la falta de comprensi\u00f3n que exist\u00eda en ese momento sobre el <strong>vitiligo<\/strong>.<\/p>\n<div class=\"social-embed mb-4\">\n<div class=\"placeholderYoutube\"><\/div>\n<\/div>\n<h2>M\u00e1s<\/h2>\n<p><strong>La pel\u00edcula \u201cMichael\u201d<\/strong>, cuyo estreno en salas est\u00e1 previsto para el 24 de abril, recorre los inicios del artista en la <strong>m\u00fasica<\/strong>, su ascenso a la fama y los desaf\u00edos personales que enfrent\u00f3 a lo largo de su carrera, ofreciendo una mirada m\u00e1s \u00edntima a su vida m\u00e1s all\u00e1 del fen\u00f3meno global.<\/p>\n<div class=\"read-more mb-7\">    <span class=\"block mb-2\">Leer m\u00e1s<\/span>    <\/p>\n<ul class=\"glosa\">\n<li>\n<h3><a href=\"https:\/\/www.diariolibre.com\/revista\/cine\/2026\/04\/21\/michael-llega-el-esperado-biopic-del-rey-del-pop\/3509386?utm_source=relacionadas&amp;utm_medium=nota&amp;utm_campaign=relacionadas\" title=\"Michael, llega el esperado biopic que explora el lado m\u00e1s \u00edntimo del rey del pop\">\"Michael\", llega el esperado biopic que explora el lado m\u00e1s \u00edntimo del rey del pop<\/a><\/h3>\n<\/li>\n<\/ul>\n<\/div>\n<p><\/p>\n<p>\u200bDurante la alfombra roja del estreno de la pel\u00edcula \u201cMichael\u201d, el actor Jaafar Jackson abord\u00f3 una de las narrativas m\u00e1s persistentes y pol\u00e9micas en torno a la figura de su t\u00edo, el legendario cantante Michael Jackson: la creencia de que habr\u00eda deseado ser una persona blanca.El int\u00e9rprete, quien da vida al artista en la nueva producci\u00f3n cinematogr\u00e1fica, rechaz\u00f3 esa interpretaci\u00f3n y afirm\u00f3 que se trata de una percepci\u00f3n equivocada que ha sido ampliamente difundida en la cultura popular. Seg\u00fan explic\u00f3, la transformaci\u00f3n f\u00edsica del cantante estuvo directamente relacionada con el vitiligo, una enfermedad dermatol\u00f3gica que provoca la p\u00e9rdida progresiva de pigmentaci\u00f3n en la piel.\u201cEsa es una de las mayores ideas err\u00f3neas\u201d, se\u00f1al\u00f3 Jaafar Jackson al ser consultado durante el evento en Los \u00c1ngeles. En ese sentido, destac\u00f3 que la pel\u00edcula busca precisamente ofrecer contexto sobre la condici\u00f3n m\u00e9dica que afect\u00f3 al artista desde joven, y que con frecuencia fue malinterpretada por el p\u00fablico y los medios.El vitiligo, de acuerdo con informaci\u00f3n m\u00e9dica de referencia, es una enfermedad autoinmune que genera manchas despigmentadas en distintas zonas del cuerpo. En el caso de Michael Jackson, esta condici\u00f3n resultaba especialmente visible debido a su tono de piel original, lo que aliment\u00f3 durante a\u00f1os especulaciones sobre posibles tratamientos est\u00e9ticos con fines de aclaramiento.    El propio artista abord\u00f3 estos rumores en vida, particularmente durante su entrevista con Oprah Winfrey en 1993, donde confirm\u00f3 su diagn\u00f3stico y expres\u00f3 el impacto emocional que le generaban las interpretaciones err\u00f3neas sobre su apariencia.\u201cEs algo que no puedo controlar\u201d, afirm\u00f3 entonces, al tiempo que rechaz\u00f3 la idea de que su identidad estuviera ligada a una intenci\u00f3n de cambio racial.Tras su fallecimiento en 2009, la conversaci\u00f3n en torno a su imagen continu\u00f3 generando debate p\u00fablico, incluso entre figuras del entretenimiento como la propia Winfrey, quien a\u00f1os despu\u00e9s reconoci\u00f3 la sensibilidad del tema y la falta de comprensi\u00f3n que exist\u00eda en ese momento sobre el vitiligo.M\u00e1sLa pel\u00edcula \u201cMichael\u201d, cuyo estreno en salas est\u00e1 previsto para el 24 de abril, recorre los inicios del artista en la m\u00fasica, su ascenso a la fama y los desaf\u00edos personales que enfrent\u00f3 a lo largo de su carrera, ofreciendo una mirada m\u00e1s \u00edntima a su vida m\u00e1s all\u00e1 del fen\u00f3meno global.    Leer m\u00e1s                            \"Michael\", llega el esperado biopic que explora el lado m\u00e1s \u00edntimo del rey del pop\u00a0\u00a0Revista, M\u00fasica, Diario Libre, Santo Domingo, Cantante, Michael Jackson, Jaafar Jackson, Michael\u00a0<\/p>\n","protected":false},"excerpt":{"rendered":"<p>Durante la alfombra roja del estreno de la pel\u00edcula \u201cMichael\u201d, el actor Jaafar Jackson abord\u00f3 una de las narrativas m\u00e1s persistentes y pol\u00e9micas en torno a la figura de su t\u00edo, el legendario cantante Michael Jackson: la creencia de que habr\u00eda deseado ser una persona blanca. El int\u00e9rprete, quien da vida al artista en la [&hellip;]<\/p>\n","protected":false},"author":1,"featured_media":22690,"comment_status":"open","ping_status":"open","sticky":false,"template":"","format":"standard","meta":{"amp_status":"","footnotes":""},"categories":[9],"tags":[],"class_list":["post-22866","post","type-post","status-publish","format-standard","has-post-thumbnail","hentry","category-espectaculo"],"_links":{"self":[{"href":"https:\/\/ermdigital.com\/index.php?rest_route=\/wp\/v2\/posts\/22866","targetHints":{"allow":["GET"]}}],"collection":[{"href":"https:\/\/ermdigital.com\/index.php?rest_route=\/wp\/v2\/posts"}],"about":[{"href":"https:\/\/ermdigital.com\/index.php?rest_route=\/wp\/v2\/types\/post"}],"author":[{"embeddable":true,"href":"https:\/\/ermdigital.com\/index.php?rest_route=\/wp\/v2\/users\/1"}],"replies":[{"embeddable":true,"href":"https:\/\/ermdigital.com\/index.php?rest_route=%2Fwp%2Fv2%2Fcomments&post=22866"}],"version-history":[{"count":0,"href":"https:\/\/ermdigital.com\/index.php?rest_route=\/wp\/v2\/posts\/22866\/revisions"}],"wp:featuredmedia":[{"embeddable":true,"href":"https:\/\/ermdigital.com\/index.php?rest_route=\/wp\/v2\/media\/22690"}],"wp:attachment":[{"href":"https:\/\/ermdigital.com\/index.php?rest_route=%2Fwp%2Fv2%2Fmedia&parent=22866"}],"wp:term":[{"taxonomy":"category","embeddable":true,"href":"https:\/\/ermdigital.com\/index.php?rest_route=%2Fwp%2Fv2%2Fcategories&post=22866"},{"taxonomy":"post_tag","embeddable":true,"href":"https:\/\/ermdigital.com\/index.php?rest_route=%2Fwp%2Fv2%2Ftags&post=22866"}],"curies":[{"name":"wp","href":"https:\/\/api.w.org\/{rel}","templated":true}]}}