{"id":22840,"date":"2026-04-23T08:06:00","date_gmt":"2026-04-23T12:06:00","guid":{"rendered":"https:\/\/ermdigital.com\/index.php\/2026\/04\/23\/fallece-la-influencer-dominicana-paloma-bonilla\/"},"modified":"2026-04-23T08:06:00","modified_gmt":"2026-04-23T12:06:00","slug":"fallece-la-influencer-dominicana-paloma-bonilla","status":"publish","type":"post","link":"https:\/\/ermdigital.com\/?p=22840","title":{"rendered":"Fallece la influencer dominicana Paloma Bonilla"},"content":{"rendered":"<p>La creadora de contenido dominicana <strong>Paloma Bonilla<\/strong> <strong>falleci\u00f3<\/strong> este mi\u00e9rcoles 22 de abril, seg\u00fan confirmaron sus allegados a trav\u00e9s de un comunicado difundido en sus redes sociales. Bonilla era conocida por su historia de vida, marcada por la superaci\u00f3n personal tras quedar en silla de ruedas a ra\u00edz de una\u00a0<strong>mala pr\u00e1ctica m\u00e9dica<\/strong>.\u00a0<\/p>\n<p>En el mensaje, su entorno la describi\u00f3 como \u201cuna <strong>persona llena de luz<\/strong>, <strong>amor<\/strong> y <strong>bondad<\/strong>\u201d, destacando que su legado dej\u00f3 una huella significativa en quienes tuvieron la oportunidad de conocerla.<\/p>\n<p>\u201cSu <strong>recuerdo vivir\u00e1<\/strong> por siempre en nuestros corazones, como s\u00edmbolo de cari\u00f1o, <strong>fortaleza<\/strong> y <strong>alegr\u00eda<\/strong>\u201d, expresaron sus familiares, quienes tambi\u00e9n agradecieron las muestras de apoyo recibidas en este momento de duelo.<\/p>\n<p>Asimismo, solicitaron <strong>elevar oraciones<\/strong> por su <strong>descanso eterno<\/strong> y <strong>fortaleza<\/strong> para sus seres queridos ante la p\u00e9rdida. \u201cDescansa en paz, Paloma\u201d, concluye el comunicado.<\/p>\n<p><strong>Paloma Bonilla<\/strong> alcanz\u00f3 notoriedad p\u00fablica tras compartir en redes sociales su proceso de <strong>adaptaci\u00f3n a la paraplejia<\/strong>, condici\u00f3n que marc\u00f3 un giro profundo en su vida. Su historia gener\u00f3 empat\u00eda y admiraci\u00f3n, convirti\u00e9ndola en una figura de <strong>inspiraci\u00f3n<\/strong> para muchas personas.<\/p>\n<figure class=\"my-12 component infografia\">\n<div class=\"expand-img-placeholder\"><img loading=\"lazy\" decoding=\"async\" src=\"https:\/\/resources.diariolibre.com\/images\/expand.svg\" alt=\"Expandir imagen\" width=\"20\" height=\"20\"><span class=\"rutaimagenoriginal-placeholder\">https:\/\/resources.diariolibre.com\/images\/2026\/04\/23\/milly-5d-2-5997d80b.jpg<\/span><\/div>\n<p><img decoding=\"async\" loading=\"lazy\" src=\"https:\/\/resources.diariolibre.com\/images\/2026\/04\/23\/milly-5d-2-5997d80b.jpg\" width=\"auto\" height=\"350\" alt=\"Infograf\u00eda\" class=\"mx-auto\"><\/figure>\n<p>Adem\u00e1s de su presencia en plataformas digitales, su caso tambi\u00e9n trascendi\u00f3 al \u00e1mbito judicial, ya que manten\u00eda un proceso en busca de <strong>justicia<\/strong> relacionado con las <strong>circunstancias m\u00e9dicas<\/strong> que derivaron en su condici\u00f3n.<\/p>\n<div class=\"social-embed mb-4\">\n<div class=\"placeholderYoutube\"><\/div>\n<\/div>\n<h2>Mensaje poderoso<\/h2>\n<ul>\n<li>A lo largo de su trayectoria en redes sociales, Bonilla comparti\u00f3 <strong>mensajes de esperanza<\/strong>, <strong>fortaleza<\/strong> y motivaci\u00f3n, consolid\u00e1ndose como una voz de <strong>resiliencia<\/strong> frente a la adversidad.<\/li>\n<\/ul>\n<div class=\"read-more mb-7\">    <span class=\"block mb-2\">Leer m\u00e1s<\/span>    <\/p>\n<ul class=\"glosa\">\n<li>\n<h3><a href=\"https:\/\/www.diariolibre.com\/revista\/farandula\/2026\/04\/14\/la-influencer-ashlee-jenae-muere-en-zanzibar-durante-vacaciones\/3501827?utm_source=relacionadas&amp;utm_medium=nota&amp;utm_campaign=relacionadas\" title=\"Muere influencer estadounidense durante un viaje de lujo a Zanz\u00edbar, en Tanzania\">Muere influencer estadounidense durante un viaje de lujo a Zanz\u00edbar, en Tanzania<\/a><\/h3>\n<\/li>\n<\/ul>\n<\/div>\n<p><\/p>\n<p><\/p>\n<p>\u200bLa creadora de contenido dominicana Paloma Bonilla falleci\u00f3 este mi\u00e9rcoles 22 de abril, seg\u00fan confirmaron sus allegados a trav\u00e9s de un comunicado difundido en sus redes sociales. Bonilla era conocida por su historia de vida, marcada por la superaci\u00f3n personal tras quedar en silla de ruedas a ra\u00edz de una\u00a0mala pr\u00e1ctica m\u00e9dica.\u00a0En el mensaje, su entorno la describi\u00f3 como \u201cuna persona llena de luz, amor y bondad\u201d, destacando que su legado dej\u00f3 una huella significativa en quienes tuvieron la oportunidad de conocerla.\u201cSu recuerdo vivir\u00e1 por siempre en nuestros corazones, como s\u00edmbolo de cari\u00f1o, fortaleza y alegr\u00eda\u201d, expresaron sus familiares, quienes tambi\u00e9n agradecieron las muestras de apoyo recibidas en este momento de duelo.Asimismo, solicitaron elevar oraciones por su descanso eterno y fortaleza para sus seres queridos ante la p\u00e9rdida. \u201cDescansa en paz, Paloma\u201d, concluye el comunicado.Paloma Bonilla alcanz\u00f3 notoriedad p\u00fablica tras compartir en redes sociales su proceso de adaptaci\u00f3n a la paraplejia, condici\u00f3n que marc\u00f3 un giro profundo en su vida. Su historia gener\u00f3 empat\u00eda y admiraci\u00f3n, convirti\u00e9ndola en una figura de inspiraci\u00f3n para muchas personas.https:\/\/resources.diariolibre.com\/images\/2026\/04\/23\/milly-5d-2-5997d80b.jpgAdem\u00e1s de su presencia en plataformas digitales, su caso tambi\u00e9n trascendi\u00f3 al \u00e1mbito judicial, ya que manten\u00eda un proceso en busca de justicia relacionado con las circunstancias m\u00e9dicas que derivaron en su condici\u00f3n.Mensaje poderoso    A lo largo de su trayectoria en redes sociales, Bonilla comparti\u00f3 mensajes de esperanza, fortaleza y motivaci\u00f3n, consolid\u00e1ndose como una voz de resiliencia frente a la adversidad.    Leer m\u00e1s                            Muere influencer estadounidense durante un viaje de lujo a Zanz\u00edbar, en Tanzania\u00a0\u00a0Revista, Far\u00e1ndula, Diario Libre, Santo Domingo, Fallece la influencer dominicana Paloma Bonilla, Paloma Bonilla, Muerte de Paloma Bonilla, Muere la creadora de contenido dominicana Paloma Bonilla\u00a0<\/p>\n","protected":false},"excerpt":{"rendered":"<p>La creadora de contenido dominicana Paloma Bonilla falleci\u00f3 este mi\u00e9rcoles 22 de abril, seg\u00fan confirmaron sus allegados a trav\u00e9s de un comunicado difundido en sus redes sociales. Bonilla era conocida por su historia de vida, marcada por la superaci\u00f3n personal tras quedar en silla de ruedas a ra\u00edz de una\u00a0mala pr\u00e1ctica m\u00e9dica.\u00a0 En el mensaje, [&hellip;]<\/p>\n","protected":false},"author":1,"featured_media":22591,"comment_status":"open","ping_status":"open","sticky":false,"template":"","format":"standard","meta":{"amp_status":"","footnotes":""},"categories":[9],"tags":[],"class_list":["post-22840","post","type-post","status-publish","format-standard","has-post-thumbnail","hentry","category-espectaculo"],"_links":{"self":[{"href":"https:\/\/ermdigital.com\/index.php?rest_route=\/wp\/v2\/posts\/22840","targetHints":{"allow":["GET"]}}],"collection":[{"href":"https:\/\/ermdigital.com\/index.php?rest_route=\/wp\/v2\/posts"}],"about":[{"href":"https:\/\/ermdigital.com\/index.php?rest_route=\/wp\/v2\/types\/post"}],"author":[{"embeddable":true,"href":"https:\/\/ermdigital.com\/index.php?rest_route=\/wp\/v2\/users\/1"}],"replies":[{"embeddable":true,"href":"https:\/\/ermdigital.com\/index.php?rest_route=%2Fwp%2Fv2%2Fcomments&post=22840"}],"version-history":[{"count":0,"href":"https:\/\/ermdigital.com\/index.php?rest_route=\/wp\/v2\/posts\/22840\/revisions"}],"wp:featuredmedia":[{"embeddable":true,"href":"https:\/\/ermdigital.com\/index.php?rest_route=\/wp\/v2\/media\/22591"}],"wp:attachment":[{"href":"https:\/\/ermdigital.com\/index.php?rest_route=%2Fwp%2Fv2%2Fmedia&parent=22840"}],"wp:term":[{"taxonomy":"category","embeddable":true,"href":"https:\/\/ermdigital.com\/index.php?rest_route=%2Fwp%2Fv2%2Fcategories&post=22840"},{"taxonomy":"post_tag","embeddable":true,"href":"https:\/\/ermdigital.com\/index.php?rest_route=%2Fwp%2Fv2%2Ftags&post=22840"}],"curies":[{"name":"wp","href":"https:\/\/api.w.org\/{rel}","templated":true}]}}