{"id":22376,"date":"2026-04-22T11:10:53","date_gmt":"2026-04-22T15:10:53","guid":{"rendered":"https:\/\/ermdigital.com\/index.php\/2026\/04\/22\/rainieri-contundente-al-gobierno-le-ha-faltado-coraje-para-frenar-el-desorden-inmobiliario\/"},"modified":"2026-04-22T11:10:53","modified_gmt":"2026-04-22T15:10:53","slug":"rainieri-contundente-al-gobierno-le-ha-faltado-coraje-para-frenar-el-desorden-inmobiliario","status":"publish","type":"post","link":"https:\/\/ermdigital.com\/?p=22376","title":{"rendered":"Rainieri, contundente: \u201cAl Gobierno le ha faltado coraje para frenar el desorden inmobiliario\u201d"},"content":{"rendered":"<p>\u200b<\/p>\n<p>El empresario tur\u00edstico, <strong>Frank Rainieri,<\/strong> afirm\u00f3 que al Gobierno dominicano le ha faltado \u201ccoraje\u201d para enfrentar el desorden en el desarrollo inmobiliario y el crecimiento sin planificaci\u00f3n en los principales polos tur\u00edsticos del pa\u00eds, especialmente en <strong>B\u00e1varo\u2013Punta Cana<\/strong>.<\/p>\n<p><a href=\"https:\/\/www.arecoa.com\/wp-content\/uploads\/2026\/04\/Rainieri-Date-2026.jpg\"><img loading=\"lazy\" decoding=\"async\" class=\"alignleft size-full wp-image-215166\" src=\"https:\/\/www.arecoa.com\/wp-content\/uploads\/2026\/04\/Rainieri-Date-2026.jpg\" alt=\"\" width=\"1153\" height=\"1163\" \/><\/a>Rainieri sostuvo que el modelo de \u00e9xito de Punta Cana no puede replicarse en todo el territorio y llam\u00f3 a diversificar la oferta tur\u00edstica mediante la identificaci\u00f3n de \u201cnichos\u201d en cada destino.<\/p>\n<p>El empresario tur\u00edstico cit\u00f3 como ejemplos a <strong>Puerto Plata, Cabarete<\/strong> y <strong>Saman\u00e1<\/strong>, que \u2014seg\u00fan dijo\u2014 han logrado o est\u00e1n en proceso de definir propuestas diferenciadas para atraer visitantes durante un encuentro con la prensa en el marco del Dominican Annual Tourism Exchange (<strong>DATE 2026<\/strong>) de <strong>Asonahores<\/strong>.<\/p>\n<p>El empresario advirti\u00f3 que el crecimiento del turismo debe ir acompa\u00f1ado de infraestructura adecuada, incluyendo transporte a\u00e9reo, ferroviario y vial, y critic\u00f3 el desorden en el tr\u00e1nsito.<\/p>\n<p>\u201cNo podemos seguir con la vagabunder\u00eda que tenemos en el tr\u00e1fico\u201d, expres\u00f3, al tiempo que insisti\u00f3 en la necesidad de un plan de ordenamiento efectivo.<\/p>\n<p>En cuanto al auge de los complejos inmobiliarios en la zona Este, Rainieri denunci\u00f3 una expansi\u00f3n descontrolada y carente de regulaci\u00f3n.<\/p>\n<p>Se\u00f1al\u00f3 que numerosos desarrollos se levantan sin planificaci\u00f3n b\u00e1sica, como plantas de tratamiento, v\u00edas adecuadas o servicios esenciales, lo que \u2014a su juicio\u2014 hace insostenible el crecimiento de la zona.<\/p>\n<p>Indic\u00f3 que la extensi\u00f3n del corredor tur\u00edstico desde <strong>Juanillo<\/strong> hasta <strong>Macao<\/strong> alcanza dimensiones comparables con el <strong>Gran Santo Domingo<\/strong>, lo que agrava los problemas de movilidad.<\/p>\n<p>\u201cLos tapones son consecuencia de calles estrechas donde est\u00e1n construyendo mastodontes\u201d, afirm\u00f3.<\/p>\n<p>Rainieri tambi\u00e9n cuestion\u00f3 que muchos desarrolladores priorizan las ganancias sin asumir responsabilidades a largo plazo. \u201cDespu\u00e9s que venden, se van, y los que nos quedamos somos los que vivimos aqu\u00ed\u201d, enfatiz\u00f3.<\/p>\n<p>El empresario insisti\u00f3 en que tanto el Gobierno como las autoridades locales deben actuar con firmeza para regular el sector, limitar construcciones sin control y garantizar un desarrollo sostenible que no afecte la calidad de vida de residentes ni la competitividad del destino tur\u00edstico.<\/p>\n<p>\u00a0<\/p>\n","protected":false},"excerpt":{"rendered":"<p>\u200b El empresario tur\u00edstico, Frank Rainieri, afirm\u00f3 que al Gobierno dominicano le ha faltado \u201ccoraje\u201d para enfrentar el desorden en el desarrollo inmobiliario y el crecimiento sin planificaci\u00f3n en los principales polos tur\u00edsticos del pa\u00eds, especialmente en B\u00e1varo\u2013Punta Cana. Rainieri sostuvo que el modelo de \u00e9xito de Punta Cana no puede replicarse en todo el [&hellip;]<\/p>\n","protected":false},"author":1,"featured_media":22377,"comment_status":"open","ping_status":"open","sticky":false,"template":"","format":"standard","meta":{"amp_status":"","footnotes":""},"categories":[10],"tags":[],"class_list":["post-22376","post","type-post","status-publish","format-standard","has-post-thumbnail","hentry","category-food-travel"],"_links":{"self":[{"href":"https:\/\/ermdigital.com\/index.php?rest_route=\/wp\/v2\/posts\/22376","targetHints":{"allow":["GET"]}}],"collection":[{"href":"https:\/\/ermdigital.com\/index.php?rest_route=\/wp\/v2\/posts"}],"about":[{"href":"https:\/\/ermdigital.com\/index.php?rest_route=\/wp\/v2\/types\/post"}],"author":[{"embeddable":true,"href":"https:\/\/ermdigital.com\/index.php?rest_route=\/wp\/v2\/users\/1"}],"replies":[{"embeddable":true,"href":"https:\/\/ermdigital.com\/index.php?rest_route=%2Fwp%2Fv2%2Fcomments&post=22376"}],"version-history":[{"count":0,"href":"https:\/\/ermdigital.com\/index.php?rest_route=\/wp\/v2\/posts\/22376\/revisions"}],"wp:featuredmedia":[{"embeddable":true,"href":"https:\/\/ermdigital.com\/index.php?rest_route=\/wp\/v2\/media\/22377"}],"wp:attachment":[{"href":"https:\/\/ermdigital.com\/index.php?rest_route=%2Fwp%2Fv2%2Fmedia&parent=22376"}],"wp:term":[{"taxonomy":"category","embeddable":true,"href":"https:\/\/ermdigital.com\/index.php?rest_route=%2Fwp%2Fv2%2Fcategories&post=22376"},{"taxonomy":"post_tag","embeddable":true,"href":"https:\/\/ermdigital.com\/index.php?rest_route=%2Fwp%2Fv2%2Ftags&post=22376"}],"curies":[{"name":"wp","href":"https:\/\/api.w.org\/{rel}","templated":true}]}}