{"id":22354,"date":"2026-04-22T06:48:00","date_gmt":"2026-04-22T10:48:00","guid":{"rendered":"https:\/\/ermdigital.com\/index.php\/2026\/04\/22\/feria-del-libro-del-cibao-con-actividades-de-narrativa-musica-y-comic\/"},"modified":"2026-04-22T06:48:00","modified_gmt":"2026-04-22T10:48:00","slug":"feria-del-libro-del-cibao-con-actividades-de-narrativa-musica-y-comic","status":"publish","type":"post","link":"https:\/\/ermdigital.com\/?p=22354","title":{"rendered":"Feria del Libro del Cibao con actividades de narrativa, m\u00fasica y c\u00f3mic"},"content":{"rendered":"<p>La <strong>Feria Regional del Libro<\/strong> y la Cultura <strong>Cibao 2026<\/strong> realiz\u00f3 una jornada con actividades vinculadas a la <strong>literatura<\/strong>, la <strong>identidad<\/strong> y la <strong>m\u00fasica<\/strong>.<\/p>\n<p>El programa inici\u00f3 en el <strong>Pabell\u00f3n El Poder<\/strong> de las Buenas Palabras con una lectura a cargo de <strong>Johanna D\u00edaz<\/strong> y Karla Mya N\u00fa\u00f1ez, quienes abordaron la lectura y la narraci\u00f3n como herramientas para el desarrollo del pensamiento y la empat\u00eda.<\/p>\n<p>En el <strong>Pabell\u00f3n de Identidad<\/strong> y Ciudadan\u00eda se presentaron obras de autores de Monse\u00f1or Nouel. La <strong>Uni\u00f3n de Escritores<\/strong> de la provincia se\u00f1al\u00f3 el papel de sus integrantes en la preservaci\u00f3n de la <strong>memoria hist\u00f3rica<\/strong> y el valor de la <strong>producci\u00f3n literaria<\/strong> desde el \u00e1mbito provincial.<\/p>\n<p>Durante esta actividad se expusieron textos de distintos g\u00e9neros, entre ellos <strong>poes\u00eda e investigaci\u00f3n<\/strong> hist\u00f3rica, vinculados a la <strong>producci\u00f3n literaria<\/strong> de Bonao y sus municipios.<\/p>\n<p>La jornada incluy\u00f3 una presentaci\u00f3n de la <strong>Banda de M\u00fasica<\/strong> de la <strong>Escuela de Bellas Artes<\/strong> de La Vega en la Sala de la Restauraci\u00f3n del <strong>Gran Teatro del Cibao<\/strong>, con un repertorio de piezas de La Vega y Villa Altagracia.<\/p>\n<h2>M\u00e1s<\/h2>\n<ul>\n<li>En el <strong>Pabell\u00f3n del C\u00f3mic<\/strong> se realiz\u00f3 la <strong>conferencia<\/strong> \"El m\u00e9todo Greb: ideas azules\", impartida por <strong>Guillermo Molina<\/strong>, centrada en procesos y estrategias de creaci\u00f3n.<\/li>\n<\/ul>\n<div class=\"read-more mb-7\">    <span class=\"block mb-2\">Leer m\u00e1s<\/span>    <\/p>\n<ul class=\"glosa\">\n<li>\n<h3><a href=\"https:\/\/www.diariolibre.com\/revista\/cultura\/2026\/04\/20\/feria-regional-del-libro-cibao-inicia-con-buena-asistencia\/3508452?utm_source=relacionadas&amp;utm_medium=nota&amp;utm_campaign=relacionadas\" title=\"Gran asistencia marca el inicio de la Feria Regional del Libro y la Cultura Cibao\">Gran asistencia marca el inicio de la Feria Regional del Libro y la Cultura Cibao<\/a><\/h3>\n<\/li>\n<li>\n<h3><a href=\"https:\/\/www.diariolibre.com\/revista\/cultura\/2026\/04\/19\/inauguran-feria-regional-del-libro-y-la-cultura-cibao-en-santiago\/3507739?utm_source=relacionadas&amp;utm_medium=nota&amp;utm_campaign=relacionadas\" title=\"Inauguran Feria Regional del Libro y la Cultura Cibao 2026 en Santiago\">Inauguran Feria Regional del Libro y la Cultura Cibao 2026 en Santiago<\/a><\/h3>\n<\/li>\n<li>\n<h3><a href=\"https:\/\/www.diariolibre.com\/actualidad\/dialogo-libre\/2026\/04\/13\/roberto-angel-salcedo-feria-regional-del-libro-y-la-cultura-cibao\/3499774?utm_source=relacionadas&amp;utm_medium=nota&amp;utm_campaign=relacionadas\" title=\"Roberto \u00c1ngel Salcedo: \u201cQueremos que cada provincia del Cibao pueda promover sus valores culturales\">Roberto \u00c1ngel Salcedo: \u201cQueremos que cada provincia del Cibao pueda promover sus valores culturales\"<\/a><\/h3>\n<\/li>\n<\/ul>\n<\/div>\n<p><\/p>\n<p><\/p>\n<p><\/p>\n<p><\/p>\n<p>\u200bLa Feria Regional del Libro y la Cultura Cibao 2026 realiz\u00f3 una jornada con actividades vinculadas a la literatura, la identidad y la m\u00fasica.El programa inici\u00f3 en el Pabell\u00f3n El Poder de las Buenas Palabras con una lectura a cargo de Johanna D\u00edaz y Karla Mya N\u00fa\u00f1ez, quienes abordaron la lectura y la narraci\u00f3n como herramientas para el desarrollo del pensamiento y la empat\u00eda.En el Pabell\u00f3n de Identidad y Ciudadan\u00eda se presentaron obras de autores de Monse\u00f1or Nouel. La Uni\u00f3n de Escritores de la provincia se\u00f1al\u00f3 el papel de sus integrantes en la preservaci\u00f3n de la memoria hist\u00f3rica y el valor de la producci\u00f3n literaria desde el \u00e1mbito provincial.Durante esta actividad se expusieron textos de distintos g\u00e9neros, entre ellos poes\u00eda e investigaci\u00f3n hist\u00f3rica, vinculados a la producci\u00f3n literaria de Bonao y sus municipios.La jornada incluy\u00f3 una presentaci\u00f3n de la Banda de M\u00fasica de la Escuela de Bellas Artes de La Vega en la Sala de la Restauraci\u00f3n del Gran Teatro del Cibao, con un repertorio de piezas de La Vega y Villa Altagracia.M\u00e1s    En el Pabell\u00f3n del C\u00f3mic se realiz\u00f3 la conferencia \"El m\u00e9todo Greb: ideas azules\", impartida por Guillermo Molina, centrada en procesos y estrategias de creaci\u00f3n.    Leer m\u00e1s                            Gran asistencia marca el inicio de la Feria Regional del Libro y la Cultura Cibao                            Inauguran Feria Regional del Libro y la Cultura Cibao 2026 en Santiago                            Roberto \u00c1ngel Salcedo: \u201cQueremos que cada provincia del Cibao pueda promover sus valores culturales\"\u00a0\u00a0Revista, Cultura, Diario Libre, Santo Domingo, M\u00fasica, Literatura, IDENTIDAD, Feria del Libro del Cibao 2026, Feria del Libro del Cibao\u00a0<\/p>\n","protected":false},"excerpt":{"rendered":"<p>La Feria Regional del Libro y la Cultura Cibao 2026 realiz\u00f3 una jornada con actividades vinculadas a la literatura, la identidad y la m\u00fasica. El programa inici\u00f3 en el Pabell\u00f3n El Poder de las Buenas Palabras con una lectura a cargo de Johanna D\u00edaz y Karla Mya N\u00fa\u00f1ez, quienes abordaron la lectura y la narraci\u00f3n [&hellip;]<\/p>\n","protected":false},"author":1,"featured_media":21991,"comment_status":"open","ping_status":"open","sticky":false,"template":"","format":"standard","meta":{"amp_status":"","footnotes":""},"categories":[9],"tags":[],"class_list":["post-22354","post","type-post","status-publish","format-standard","has-post-thumbnail","hentry","category-espectaculo"],"_links":{"self":[{"href":"https:\/\/ermdigital.com\/index.php?rest_route=\/wp\/v2\/posts\/22354","targetHints":{"allow":["GET"]}}],"collection":[{"href":"https:\/\/ermdigital.com\/index.php?rest_route=\/wp\/v2\/posts"}],"about":[{"href":"https:\/\/ermdigital.com\/index.php?rest_route=\/wp\/v2\/types\/post"}],"author":[{"embeddable":true,"href":"https:\/\/ermdigital.com\/index.php?rest_route=\/wp\/v2\/users\/1"}],"replies":[{"embeddable":true,"href":"https:\/\/ermdigital.com\/index.php?rest_route=%2Fwp%2Fv2%2Fcomments&post=22354"}],"version-history":[{"count":0,"href":"https:\/\/ermdigital.com\/index.php?rest_route=\/wp\/v2\/posts\/22354\/revisions"}],"wp:featuredmedia":[{"embeddable":true,"href":"https:\/\/ermdigital.com\/index.php?rest_route=\/wp\/v2\/media\/21991"}],"wp:attachment":[{"href":"https:\/\/ermdigital.com\/index.php?rest_route=%2Fwp%2Fv2%2Fmedia&parent=22354"}],"wp:term":[{"taxonomy":"category","embeddable":true,"href":"https:\/\/ermdigital.com\/index.php?rest_route=%2Fwp%2Fv2%2Fcategories&post=22354"},{"taxonomy":"post_tag","embeddable":true,"href":"https:\/\/ermdigital.com\/index.php?rest_route=%2Fwp%2Fv2%2Ftags&post=22354"}],"curies":[{"name":"wp","href":"https:\/\/api.w.org\/{rel}","templated":true}]}}