{"id":22353,"date":"2026-04-22T07:32:00","date_gmt":"2026-04-22T11:32:00","guid":{"rendered":"https:\/\/ermdigital.com\/index.php\/2026\/04\/22\/realizan-taller-de-luteria-en-diferentes-regiones-del-pais\/"},"modified":"2026-04-22T07:32:00","modified_gmt":"2026-04-22T11:32:00","slug":"realizan-taller-de-luteria-en-diferentes-regiones-del-pais","status":"publish","type":"post","link":"https:\/\/ermdigital.com\/?p=22353","title":{"rendered":"Realizan taller de luter\u00eda en diferentes regiones del pa\u00eds"},"content":{"rendered":"<p>Como parte del <strong>programa de cooperaci\u00f3n cultural<\/strong> \u201c<strong>Marianne por la Cultura Dominicana<\/strong>\u201d, impulsado por el <strong>Ministerio Franc\u00e9s de Asuntos Exteriores<\/strong> a trav\u00e9s de la Embajada de Francia en Rep\u00fablica Dominicana, se realiz\u00f3 el\u00a0<strong>Taller Intensivo de Luter\u00eda<\/strong> dedicado a la reparaci\u00f3n y mantenimiento de clarinetes en la Rep\u00fablica Dominicana.<\/p>\n<p>La iniciativa cont\u00f3 con la participaci\u00f3n del destacado <strong>t\u00e9cnico franc\u00e9s Thomas Skropeta<\/strong>, especialista de la prestigiosa casa francesa <strong>Buffet Crampon<\/strong>, quien aport\u00f3 <strong>m\u00e1s de dos d\u00e9cadas<\/strong> de experiencia en el \u00e1rea, formando y acompa\u00f1ando a luthiers, profesores y estudiantes de clarinete.<\/p>\n<p>El taller tuvo un <strong>impacto significativo<\/strong> no solo en los participantes, sino en <strong>comunidades musicales<\/strong> completas en distintas regiones del pa\u00eds, fortaleciendo las capacidades t\u00e9cnicas locales y promoviendo la sostenibilidad del quehacer musical.<\/p>\n<figure class=\"my-12 component infografia\">\n<div class=\"expand-img-placeholder\"><img loading=\"lazy\" decoding=\"async\" src=\"https:\/\/resources.diariolibre.com\/images\/expand.svg\" alt=\"Expandir imagen\" width=\"20\" height=\"20\"><span class=\"rutaimagenoriginal-placeholder\">https:\/\/resources.diariolibre.com\/images\/2026\/04\/22\/luteria-2-c57fa9ba.jpg<\/span><\/div>\n<p><img decoding=\"async\" loading=\"lazy\" src=\"https:\/\/resources.diariolibre.com\/images\/2026\/04\/22\/luteria-2-c57fa9ba.jpg\" width=\"auto\" height=\"350\" alt=\"Infograf\u00eda\" class=\"mx-auto\"><\/figure>\n<p>Durante su visita, Skropeta desarroll\u00f3 jornadas en la <strong>Escuela de Bellas Artes La Vega<\/strong> (13 de abril), la <strong>Escuela de Bellas Artes La Romana<\/strong> (14 de abril) y el <strong>Conservatorio Nacional de M\u00fasica<\/strong> (del 15 al 17 de abril), permitiendo la participaci\u00f3n de 57 estudiantes y docentes de estas y otras localidades cercanas.<\/p>\n<p>Como parte fundamental de esta iniciativa, se llev\u00f3 a cabo la reparaci\u00f3n de los clarinetes pertenecientes a estas <strong>instituciones<\/strong> y a los <strong>participantes del taller<\/strong>.<\/p>\n<figure class=\"my-12 component infografia\">\n<div class=\"expand-img-placeholder\"><img loading=\"lazy\" decoding=\"async\" src=\"https:\/\/resources.diariolibre.com\/images\/expand.svg\" alt=\"Expandir imagen\" width=\"20\" height=\"20\"><span class=\"rutaimagenoriginal-placeholder\">https:\/\/resources.diariolibre.com\/images\/2026\/04\/22\/luteria-8d834ca9.jpg<\/span><\/div>\n<p><img decoding=\"async\" loading=\"lazy\" src=\"https:\/\/resources.diariolibre.com\/images\/2026\/04\/22\/luteria-8d834ca9.jpg\" width=\"auto\" height=\"350\" alt=\"Infograf\u00eda\" class=\"mx-auto\"><\/figure>\n<p>Esta labor no solo mejora las condiciones de ense\u00f1anza, sino que contribuye directamente a la <strong>preservaci\u00f3n del patrimonio musical<\/strong> de cada centro educativo, garantizando que estos instrumentos contin\u00faen siendo utilizados por <strong>futuras generaciones<\/strong> de m\u00fasicos.<\/p>\n<p>Esta acci\u00f3n formativa se enmarca dentro del <strong>programa de cooperaci\u00f3n cultural<\/strong> \u201c<strong>Marianne por la Cultura Dominicana<\/strong>\u201d, financiado por el <strong>Ministerio Franc\u00e9s de Asuntos Exteriores<\/strong> a trav\u00e9s de Embajada de Francia en Rep\u00fablica Dominicana, el cual cuenta con la <strong>Fundaci\u00f3n Sinfon\u00eda<\/strong> y la DGCINE como socios gestores y con el apoyo del Ministerio de Cultura y la Direcci\u00f3n General de Bellas Artes.<\/p>\n<p>Asimismo, cont\u00f3 con la colaboraci\u00f3n de <strong>Buffet Crampon<\/strong>, la <strong>Alianza Francesa de Santo Domingo<\/strong>, la DEFAE, y las <strong>instituciones<\/strong> anfitrionas.<\/p>\n<h2>M\u00e1s<\/h2>\n<ul>\n<li>Este taller representa un paso significativo en el fortalecimiento del ecosistema musical dominicano, al combinar formaci\u00f3n especializada, transferencia de conocimiento y conservaci\u00f3n del patrimonio instrumental en distintas regiones del pa\u00eds.<\/li>\n<\/ul>\n<article class=\"border-t border-b py-5 mb-5 component nota-incrustada\">    <span class=\"block mb-2\"><strong>Te puede interesar<\/strong><\/span>                <\/p>\n<h2><a href=\"https:\/\/www.diariolibre.com\/revista\/musica\/2026\/03\/13\/francia-hace-donacion-instrumentos-al-conservatorio-nacional-de-musica\/3468799?utm_source=relacionadas&amp;utm_medium=nota&amp;utm_campaign=relacionadas\" title=\"Francia dona instrumentos al Conservatorio Nacional de M\u00fasica\">Francia dona instrumentos al Conservatorio Nacional de M\u00fasica<\/a><\/h2>\n<\/article>\n<p><\/p>\n<p><\/p>\n<p>\u200bComo parte del programa de cooperaci\u00f3n cultural \u201cMarianne por la Cultura Dominicana\u201d, impulsado por el Ministerio Franc\u00e9s de Asuntos Exteriores a trav\u00e9s de la Embajada de Francia en Rep\u00fablica Dominicana, se realiz\u00f3 el\u00a0Taller Intensivo de Luter\u00eda dedicado a la reparaci\u00f3n y mantenimiento de clarinetes en la Rep\u00fablica Dominicana.La iniciativa cont\u00f3 con la participaci\u00f3n del destacado t\u00e9cnico franc\u00e9s Thomas Skropeta, especialista de la prestigiosa casa francesa Buffet Crampon, quien aport\u00f3 m\u00e1s de dos d\u00e9cadas de experiencia en el \u00e1rea, formando y acompa\u00f1ando a luthiers, profesores y estudiantes de clarinete.El taller tuvo un impacto significativo no solo en los participantes, sino en comunidades musicales completas en distintas regiones del pa\u00eds, fortaleciendo las capacidades t\u00e9cnicas locales y promoviendo la sostenibilidad del quehacer musical.https:\/\/resources.diariolibre.com\/images\/2026\/04\/22\/luteria-2-c57fa9ba.jpgDurante su visita, Skropeta desarroll\u00f3 jornadas en la Escuela de Bellas Artes La Vega (13 de abril), la Escuela de Bellas Artes La Romana (14 de abril) y el Conservatorio Nacional de M\u00fasica (del 15 al 17 de abril), permitiendo la participaci\u00f3n de 57 estudiantes y docentes de estas y otras localidades cercanas.Como parte fundamental de esta iniciativa, se llev\u00f3 a cabo la reparaci\u00f3n de los clarinetes pertenecientes a estas instituciones y a los participantes del taller.https:\/\/resources.diariolibre.com\/images\/2026\/04\/22\/luteria-8d834ca9.jpgEsta labor no solo mejora las condiciones de ense\u00f1anza, sino que contribuye directamente a la preservaci\u00f3n del patrimonio musical de cada centro educativo, garantizando que estos instrumentos contin\u00faen siendo utilizados por futuras generaciones de m\u00fasicos.Esta acci\u00f3n formativa se enmarca dentro del programa de cooperaci\u00f3n cultural \u201cMarianne por la Cultura Dominicana\u201d, financiado por el Ministerio Franc\u00e9s de Asuntos Exteriores a trav\u00e9s de Embajada de Francia en Rep\u00fablica Dominicana, el cual cuenta con la Fundaci\u00f3n Sinfon\u00eda y la DGCINE como socios gestores y con el apoyo del Ministerio de Cultura y la Direcci\u00f3n General de Bellas Artes.Asimismo, cont\u00f3 con la colaboraci\u00f3n de Buffet Crampon, la Alianza Francesa de Santo Domingo, la DEFAE, y las instituciones anfitrionas.M\u00e1s    Este taller representa un paso significativo en el fortalecimiento del ecosistema musical dominicano, al combinar formaci\u00f3n especializada, transferencia de conocimiento y conservaci\u00f3n del patrimonio instrumental en distintas regiones del pa\u00eds.    Te puede interesar                Francia dona instrumentos al Conservatorio Nacional de M\u00fasica\u00a0\u00a0Revista, Sociales, Diario Libre, Santo Domingo, instrumentos musicales, Patrimonio musical, Luter\u00eda\u00a0<\/p>\n","protected":false},"excerpt":{"rendered":"<p>Como parte del programa de cooperaci\u00f3n cultural \u201cMarianne por la Cultura Dominicana\u201d, impulsado por el Ministerio Franc\u00e9s de Asuntos Exteriores a trav\u00e9s de la Embajada de Francia en Rep\u00fablica Dominicana, se realiz\u00f3 el\u00a0Taller Intensivo de Luter\u00eda dedicado a la reparaci\u00f3n y mantenimiento de clarinetes en la Rep\u00fablica Dominicana. La iniciativa cont\u00f3 con la participaci\u00f3n del [&hellip;]<\/p>\n","protected":false},"author":1,"featured_media":22029,"comment_status":"open","ping_status":"open","sticky":false,"template":"","format":"standard","meta":{"amp_status":"","footnotes":""},"categories":[9],"tags":[],"class_list":["post-22353","post","type-post","status-publish","format-standard","has-post-thumbnail","hentry","category-espectaculo"],"_links":{"self":[{"href":"https:\/\/ermdigital.com\/index.php?rest_route=\/wp\/v2\/posts\/22353","targetHints":{"allow":["GET"]}}],"collection":[{"href":"https:\/\/ermdigital.com\/index.php?rest_route=\/wp\/v2\/posts"}],"about":[{"href":"https:\/\/ermdigital.com\/index.php?rest_route=\/wp\/v2\/types\/post"}],"author":[{"embeddable":true,"href":"https:\/\/ermdigital.com\/index.php?rest_route=\/wp\/v2\/users\/1"}],"replies":[{"embeddable":true,"href":"https:\/\/ermdigital.com\/index.php?rest_route=%2Fwp%2Fv2%2Fcomments&post=22353"}],"version-history":[{"count":0,"href":"https:\/\/ermdigital.com\/index.php?rest_route=\/wp\/v2\/posts\/22353\/revisions"}],"wp:featuredmedia":[{"embeddable":true,"href":"https:\/\/ermdigital.com\/index.php?rest_route=\/wp\/v2\/media\/22029"}],"wp:attachment":[{"href":"https:\/\/ermdigital.com\/index.php?rest_route=%2Fwp%2Fv2%2Fmedia&parent=22353"}],"wp:term":[{"taxonomy":"category","embeddable":true,"href":"https:\/\/ermdigital.com\/index.php?rest_route=%2Fwp%2Fv2%2Fcategories&post=22353"},{"taxonomy":"post_tag","embeddable":true,"href":"https:\/\/ermdigital.com\/index.php?rest_route=%2Fwp%2Fv2%2Ftags&post=22353"}],"curies":[{"name":"wp","href":"https:\/\/api.w.org\/{rel}","templated":true}]}}