{"id":22352,"date":"2026-04-22T09:14:00","date_gmt":"2026-04-22T13:14:00","guid":{"rendered":"https:\/\/ermdigital.com\/index.php\/2026\/04\/22\/asi-fue-el-estreno-de-la-pelicula-dia-ocho-en-madrid\/"},"modified":"2026-04-22T09:14:00","modified_gmt":"2026-04-22T13:14:00","slug":"asi-fue-el-estreno-de-la-pelicula-dia-ocho-en-madrid","status":"publish","type":"post","link":"https:\/\/ermdigital.com\/?p=22352","title":{"rendered":"As\u00ed fue el estreno de la pel\u00edcula \"D\u00eda ocho\" en Madrid"},"content":{"rendered":"<p>La <strong>pel\u00edcula<\/strong> \u201c<strong>D\u00eda ocho: el soplo del Esp\u00edritu<\/strong>\u201d tuvo una <strong>premiere<\/strong> a sala llena en el Cine Proyecciones de Madrid, en una noche marcada por la emoci\u00f3n, la espiritualidad y la acogida entusiasta del p\u00fablico, que respondi\u00f3 con una valoraci\u00f3n altamente positiva a esta producci\u00f3n inspirada en la vida del padre <strong>Emiliano Tardif<\/strong>.<\/p>\n<p>La <strong>pel\u00edcula<\/strong> llegar\u00e1 a los cines de Espa\u00f1a el pr\u00f3ximo <strong>8 de mayo<\/strong>, distribuida por <strong>Goya Producciones<\/strong> y European Dreams Factory, con una duraci\u00f3n de <strong>90 minutos<\/strong> y una propuesta dirigida a p\u00fablicos diversos.<\/p>\n<p>La proyecci\u00f3n de la premier congreg\u00f3 a destacadas figuras del \u00e1mbito art\u00edstico, eclesial y diplom\u00e1tico, entre ellas las actrices protagonistas <strong>Angeline Monegro<\/strong> y <strong>Marta Gonz\u00e1lez<\/strong>, as\u00ed como la productora <strong>\u00c1ngela Medina<\/strong>, quienes compartieron con los asistentes en una velada que evidenci\u00f3 el alcance universal del mensaje de la <strong>pel\u00edcula<\/strong>.<\/p>\n<p>El evento cont\u00f3 adem\u00e1s con la presencia del obispo espa\u00f1ol <strong>monse\u00f1or Ra\u00fal Berzosa<\/strong> y representantes de diversas <strong>comunidades<\/strong> de la <strong>capital ib\u00e9rica<\/strong>.<\/p>\n<p>La <strong>premiere<\/strong> tambi\u00e9n recibi\u00f3 el respaldo institucional de la Embajada y el Consulado de la Rep\u00fablica Dominicana en Madrid, en apoyo a una producci\u00f3n que, aunque profundamente enraizada en la historia dominicana, logra <strong>proyectar<\/strong> un mensaje de alcance global.<\/p>\n<p>Durante el encuentro, la productora <strong>\u00c1ngela Medina<\/strong> destac\u00f3 la <strong>inspiraci\u00f3n<\/strong> que sustenta el proyecto. \u201cEsta es una <strong>historia que llega<\/strong> al coraz\u00f3n, seas o no religioso\u201d, expres\u00f3, al tiempo que invit\u00f3 al p\u00fablico a asistir a las salas de cine en espa\u00f1a.<\/p>\n<p>Por su parte, la actriz <strong>Marta Gonz\u00e1lez<\/strong> subray\u00f3 el <strong>compromiso<\/strong> del <strong>equipo<\/strong> con la historia. \u201cEsta <strong>pel\u00edcula<\/strong> se hizo con mucho amor y con profundo agradecimiento por poder formar parte de un relato de <strong>sanaci\u00f3n y perd\u00f3n<\/strong>\u201d, afirm\u00f3.<\/p>\n<p><strong>Angeline Monegro<\/strong>, la joven protagonista del filme, enfatiz\u00f3 el <strong>alcance generacional<\/strong> de la obra, al invitar especialmente a los j\u00f3venes a verla. <\/p>\n<p>\u201cEs una <strong>pel\u00edcula<\/strong> para toda la familia. En un mundo donde muchas veces buscamos aprobaci\u00f3n en cosas que no nos llenan, esta historia puede ayudarnos a <strong>descubrir algo<\/strong> <strong>m\u00e1s profundo<\/strong> y verdadero\u201d, sostuvo. <\/p>\n<p>Asimismo, destac\u00f3 la experiencia vivida durante el rodaje: \u201cTodo el <strong>equipo<\/strong> sinti\u00f3 el <strong>Esp\u00edritu Santo<\/strong>. Fue una <strong>gracia<\/strong> que toc\u00f3 a todos, t\u00e9cnicos y actores\u201d.<\/p>\n<p>Al t\u00e9rmino de la proyecci\u00f3n, el ambiente en la sala fue de <strong>entusiasmo<\/strong> generalizado. Los asistentes salieron con <strong>impresiones positivas<\/strong> y coincidieron en recomendar la <strong>pel\u00edcula<\/strong>, destacando su capacidad de conmover y de conectar emocionalmente con el espectador.<\/p>\n<p>La <strong>respuesta<\/strong> del p\u00fablico confirm\u00f3 el inter\u00e9s generado por una propuesta cinematogr\u00e1fica que combina el drama con una dimensi\u00f3n espiritual, ofreciendo una experiencia que trasciende lo estrictamente narrativo para convertirse en un mensaje de <strong>esperanza<\/strong>.<\/p>\n<h2>Sinopsis<\/h2>\n<ul>\n<li>Inspirada en la vida del sacerdote canadiense <strong>Emiliano Tardif<\/strong>, reconocido por sus dones de sanaci\u00f3n, \u201c<strong>D\u00eda ocho: el soplo del Esp\u00edritu<\/strong>\u201d presenta la historia de <strong>Yira Sandoval<\/strong>, una joven influencer que enfrenta un proceso de <strong>transformaci\u00f3n personal<\/strong> a partir de la enfermedad de su hermana y su encuentro con la fe.<\/li>\n<\/ul>\n<article class=\"border-t border-b py-5 mb-5 component nota-incrustada\">    <span class=\"block mb-2\"><strong>Te puede interesar<\/strong><\/span>                <\/p>\n<h2><a href=\"https:\/\/www.diariolibre.com\/actualidad\/nacional\/2023\/03\/17\/iglesia-solicitara-canonizacion-del-padre-emiliano-tardif\/2258605?utm_source=relacionadas&amp;utm_medium=nota&amp;utm_campaign=relacionadas\" title=\"Iglesia concluye investigaci\u00f3n para solicitar canonizaci\u00f3n del padre Emiliano Tardif\">Iglesia concluye investigaci\u00f3n para solicitar canonizaci\u00f3n del padre Emiliano Tardif<\/a><\/h2>\n<\/article>\n<p><\/p>\n<p><\/p>\n<p>\u200bLa pel\u00edcula \u201cD\u00eda ocho: el soplo del Esp\u00edritu\u201d tuvo una premiere a sala llena en el Cine Proyecciones de Madrid, en una noche marcada por la emoci\u00f3n, la espiritualidad y la acogida entusiasta del p\u00fablico, que respondi\u00f3 con una valoraci\u00f3n altamente positiva a esta producci\u00f3n inspirada en la vida del padre Emiliano Tardif.La pel\u00edcula llegar\u00e1 a los cines de Espa\u00f1a el pr\u00f3ximo 8 de mayo, distribuida por Goya Producciones y European Dreams Factory, con una duraci\u00f3n de 90 minutos y una propuesta dirigida a p\u00fablicos diversos.La proyecci\u00f3n de la premier congreg\u00f3 a destacadas figuras del \u00e1mbito art\u00edstico, eclesial y diplom\u00e1tico, entre ellas las actrices protagonistas Angeline Monegro y Marta Gonz\u00e1lez, as\u00ed como la productora \u00c1ngela Medina, quienes compartieron con los asistentes en una velada que evidenci\u00f3 el alcance universal del mensaje de la pel\u00edcula.El evento cont\u00f3 adem\u00e1s con la presencia del obispo espa\u00f1ol monse\u00f1or Ra\u00fal Berzosa y representantes de diversas comunidades de la capital ib\u00e9rica.La premiere tambi\u00e9n recibi\u00f3 el respaldo institucional de la Embajada y el Consulado de la Rep\u00fablica Dominicana en Madrid, en apoyo a una producci\u00f3n que, aunque profundamente enraizada en la historia dominicana, logra proyectar un mensaje de alcance global.Durante el encuentro, la productora \u00c1ngela Medina destac\u00f3 la inspiraci\u00f3n que sustenta el proyecto. \u201cEsta es una historia que llega al coraz\u00f3n, seas o no religioso\u201d, expres\u00f3, al tiempo que invit\u00f3 al p\u00fablico a asistir a las salas de cine en espa\u00f1a.Por su parte, la actriz Marta Gonz\u00e1lez subray\u00f3 el compromiso del equipo con la historia. \u201cEsta pel\u00edcula se hizo con mucho amor y con profundo agradecimiento por poder formar parte de un relato de sanaci\u00f3n y perd\u00f3n\u201d, afirm\u00f3.Angeline Monegro, la joven protagonista del filme, enfatiz\u00f3 el alcance generacional de la obra, al invitar especialmente a los j\u00f3venes a verla. \u201cEs una pel\u00edcula para toda la familia. En un mundo donde muchas veces buscamos aprobaci\u00f3n en cosas que no nos llenan, esta historia puede ayudarnos a descubrir algo m\u00e1s profundo y verdadero\u201d, sostuvo. Asimismo, destac\u00f3 la experiencia vivida durante el rodaje: \u201cTodo el equipo sinti\u00f3 el Esp\u00edritu Santo. Fue una gracia que toc\u00f3 a todos, t\u00e9cnicos y actores\u201d.Al t\u00e9rmino de la proyecci\u00f3n, el ambiente en la sala fue de entusiasmo generalizado. Los asistentes salieron con impresiones positivas y coincidieron en recomendar la pel\u00edcula, destacando su capacidad de conmover y de conectar emocionalmente con el espectador.La respuesta del p\u00fablico confirm\u00f3 el inter\u00e9s generado por una propuesta cinematogr\u00e1fica que combina el drama con una dimensi\u00f3n espiritual, ofreciendo una experiencia que trasciende lo estrictamente narrativo para convertirse en un mensaje de esperanza.Sinopsis    Inspirada en la vida del sacerdote canadiense Emiliano Tardif, reconocido por sus dones de sanaci\u00f3n, \u201cD\u00eda ocho: el soplo del Esp\u00edritu\u201d presenta la historia de Yira Sandoval, una joven influencer que enfrenta un proceso de transformaci\u00f3n personal a partir de la enfermedad de su hermana y su encuentro con la fe.    Te puede interesar                Iglesia concluye investigaci\u00f3n para solicitar canonizaci\u00f3n del padre Emiliano Tardif\u00a0\u00a0Revista, Cultura, Diario Libre, Santo Domingo, Estreno, Pel\u00edcula, Emiliano Tardif, D\u00eda Ocho\u00a0<\/p>\n","protected":false},"excerpt":{"rendered":"<p>La pel\u00edcula \u201cD\u00eda ocho: el soplo del Esp\u00edritu\u201d tuvo una premiere a sala llena en el Cine Proyecciones de Madrid, en una noche marcada por la emoci\u00f3n, la espiritualidad y la acogida entusiasta del p\u00fablico, que respondi\u00f3 con una valoraci\u00f3n altamente positiva a esta producci\u00f3n inspirada en la vida del padre Emiliano Tardif. La pel\u00edcula [&hellip;]<\/p>\n","protected":false},"author":1,"featured_media":22098,"comment_status":"open","ping_status":"open","sticky":false,"template":"","format":"standard","meta":{"amp_status":"","footnotes":""},"categories":[9],"tags":[],"class_list":["post-22352","post","type-post","status-publish","format-standard","has-post-thumbnail","hentry","category-espectaculo"],"_links":{"self":[{"href":"https:\/\/ermdigital.com\/index.php?rest_route=\/wp\/v2\/posts\/22352","targetHints":{"allow":["GET"]}}],"collection":[{"href":"https:\/\/ermdigital.com\/index.php?rest_route=\/wp\/v2\/posts"}],"about":[{"href":"https:\/\/ermdigital.com\/index.php?rest_route=\/wp\/v2\/types\/post"}],"author":[{"embeddable":true,"href":"https:\/\/ermdigital.com\/index.php?rest_route=\/wp\/v2\/users\/1"}],"replies":[{"embeddable":true,"href":"https:\/\/ermdigital.com\/index.php?rest_route=%2Fwp%2Fv2%2Fcomments&post=22352"}],"version-history":[{"count":0,"href":"https:\/\/ermdigital.com\/index.php?rest_route=\/wp\/v2\/posts\/22352\/revisions"}],"wp:featuredmedia":[{"embeddable":true,"href":"https:\/\/ermdigital.com\/index.php?rest_route=\/wp\/v2\/media\/22098"}],"wp:attachment":[{"href":"https:\/\/ermdigital.com\/index.php?rest_route=%2Fwp%2Fv2%2Fmedia&parent=22352"}],"wp:term":[{"taxonomy":"category","embeddable":true,"href":"https:\/\/ermdigital.com\/index.php?rest_route=%2Fwp%2Fv2%2Fcategories&post=22352"},{"taxonomy":"post_tag","embeddable":true,"href":"https:\/\/ermdigital.com\/index.php?rest_route=%2Fwp%2Fv2%2Ftags&post=22352"}],"curies":[{"name":"wp","href":"https:\/\/api.w.org\/{rel}","templated":true}]}}