{"id":22349,"date":"2026-04-22T10:56:00","date_gmt":"2026-04-22T14:56:00","guid":{"rendered":"https:\/\/ermdigital.com\/index.php\/2026\/04\/22\/gente-de-zona-orgullosos-de-llevar-la-musica-cubana-por-el-mundo\/"},"modified":"2026-04-22T10:56:00","modified_gmt":"2026-04-22T14:56:00","slug":"gente-de-zona-orgullosos-de-llevar-la-musica-cubana-por-el-mundo","status":"publish","type":"post","link":"https:\/\/ermdigital.com\/?p=22349","title":{"rendered":"Gente de Zona, orgullosos de llevar la m\u00fasica cubana por el mundo"},"content":{"rendered":"<p>\"Lo mejor\" que le pudo haber pasado al emblem\u00e1tico d\u00fao cubano <strong>Gente de Zona<\/strong> ha sido \"<strong>llevar la m\u00fasica cubana<\/strong> como la llev\u00f3 <strong>Celia Cruz<\/strong> por el mundo entero\", adem\u00e1s de defender sus ideales y ser \"embajadores de la <strong>m\u00fasica<\/strong> tropical\", seg\u00fan afirmaron en una entrevista con EFE en <strong>Madrid<\/strong> previa a su gira por <strong>Espa\u00f1a<\/strong>.<\/p>\n<p>\"Desde que salimos del anonimato, lo mejor que nos pudo haber pasado fue llevar nuestra <strong>m\u00fasica cubana<\/strong> por el mundo entero, como la llev\u00f3 <strong>Celia Cruz<\/strong>, y defender nuestros ideales\", confes\u00f3 <strong>Randy Malcom<\/strong>, uno de los dos fundadores del d\u00fao musical, ante la sonrisa c\u00f3mplice de su pareja art\u00edstica, <strong>Alexander Delgado<\/strong>.<\/p>\n<p><strong>Gente de Zona<\/strong> iniciar\u00e1 su gira \"m\u00e1s grande hasta ahora por <strong>Espa\u00f1a<\/strong>\" el pr\u00f3ximo 25 de junio, cuando cumplen su <strong>25 aniversario<\/strong> en la industria.<\/p>\n<p>En este \"<strong>Tour Espa\u00f1a 2026<\/strong>\", el d\u00fao pisar\u00e1 los escenarios de diferentes ciudades espa\u00f1olas, como <strong>Madrid<\/strong>, Granada (sur), Barcelona (noreste) o Valencia (este) hasta el 8 de agosto, cuando culminar\u00e1 en <strong>Matalasca\u00f1as<\/strong> (suroeste).<\/p>\n<h2>La moda de lo latino<\/h2>\n<p><strong>Malcom<\/strong> recalc\u00f3 que, para ellos, es \"muy grande\" haber podido llevar su cultura por el mundo, pues para <strong>Cuba<\/strong> \"siempre ha sido un poco dif\u00edcil exportar su <strong>m\u00fasica<\/strong>\".<\/p>\n<p>\"En <strong>Cuba<\/strong> no existen <strong>discogr\u00e1ficas multinacionales<\/strong> y siempre hemos sido vetados por Estados Unidos, que tiene una de las industrias mas grandes\", asegur\u00f3 el artista.<\/p>\n<p>El cantante agreg\u00f3 despu\u00e9s que piensa que <strong>Gente de Zona<\/strong> fue parte de abrir \"este proceso nuevo que hay con la <strong>m\u00fasica cubana<\/strong> en el mundo entero\".<\/p>\n<p><strong>Delgado<\/strong> repas\u00f3, desde su propia experiencia, la evoluci\u00f3n de c\u00f3mo se percibe lo latino en otros continentes, concretamente en <strong>Europa<\/strong>, desde sus inicios en la <strong>m\u00fasica<\/strong> en el a\u00f1o 2000.<\/p>\n<p>\"Pienso que los <strong>latinos<\/strong> han ocupado un lugar grand\u00edsimo en la <strong>m\u00fasica<\/strong> y en muchos aspectos, pero creo que a\u00f1os atr\u00e1s no era visto as\u00ed\", apunt\u00f3.<\/p>\n<p>\"Cuando nosotros comenzamos en la industria, era pr\u00e1cticamente el momento en el que los <strong>latinos<\/strong> empezaban a hacer <strong>m\u00fasica<\/strong> y gente de otros continentes empezaba a interesarse\", rememor\u00f3.<\/p>\n<p>Hace ya <strong>25 a\u00f1os<\/strong>, cuando ellos llegaron por primera vez a <strong>Espa\u00f1a<\/strong> o Italia, cont\u00f3 <strong>Delgado<\/strong>, la <strong>m\u00fasica<\/strong> urbana \"no se escuchaba mucho ni hab\u00eda tantos grupos de reguet\u00f3n de Puerto Rico que se escucharan\".<\/p>\n<p>Ahora, con la popularidad que disfruta la <strong>m\u00fasica<\/strong> urbana en <strong>Europa<\/strong>, <strong>Delgado<\/strong> cree que \"ha sido un <strong>avance grande<\/strong> para la <strong>m\u00fasica<\/strong> latina\".<\/p>\n<p>A continuaci\u00f3n, <strong>Malcom<\/strong> celebr\u00f3 que a sus shows acudan <strong>latinos<\/strong> orgullosos de su cultura, algo muchas veces inesperado para ellos: \"Se siente muy bien cada vez que vamos a un pa\u00eds en el que pensamos que no va a haber cubanos ver c\u00f3mo la gente canta nuestras canciones y c\u00f3mo ondean las banderas de <strong>Cuba<\/strong> por todo lo alto\".<\/p>\n<h2>Su <strong>sello tropical<\/strong>, intacto<\/h2>\n<p>\"La esencia de <strong>Gente de Zona<\/strong> nos ha marcado como un grupo cubano que ha dejado un legado en la industria\", afirm\u00f3 <strong>Malcom<\/strong>, quien destac\u00f3 la \"<strong>identidad<\/strong>\" que tuvieron desde siempre, \"lo m\u00e1s dif\u00edcil de encontrar cuando uno est\u00e1 empezando en la <strong>m\u00fasica<\/strong>\".<\/p>\n<p>A pesar de ello, afirm\u00f3 que lo \"normal\" con las <strong>tendencias<\/strong> que van surgiendo en la <strong>m\u00fasica<\/strong> es \"<strong>evolucionar<\/strong>\", aunque para ellos es \"esencial\" dejar su \"<strong>sello tropical<\/strong>\" en todas las canciones que hacen.<\/p>\n<p><strong>Delgado<\/strong> se uni\u00f3 a esta idea y anunci\u00f3 una <strong>colaboraci\u00f3n<\/strong> que estrenar\u00e1n en su gira con el cantante espa\u00f1ol nacionalizado dominicano <strong>Juan Mag\u00e1n<\/strong>, que tuvo un gran reconocimiento en Am\u00e9rica Latina y realiz\u00f3 colaboraciones con Don Omar o Cali y el Dandee, entre otros.<\/p>\n<p>\"Se repite de nuevo la formula <strong>Gente de Zona<\/strong>-Juan Mag\u00e1n con una <strong>canci\u00f3n del verano<\/strong>\", celebr\u00f3 <strong>Delgado<\/strong>.<\/p>\n<p>No obstante, ambos quieren que la gente disfrute de su <strong>repertorio<\/strong> y de sus \"grandes canciones\", como <strong>Bailando<\/strong> (2014) o <strong>La Gozadera<\/strong> (2015).<\/p>\n<article class=\"border-t border-b py-5 mb-5 component nota-incrustada\">    <span class=\"block mb-2\"><strong>Te puede interesar<\/strong><\/span>                <\/p>\n<h2><a href=\"https:\/\/www.diariolibre.com\/revista\/musica\/2026\/02\/25\/gira-gente-de-zona-espana-fechas-y-ciudades-confirmadas\/3448996?utm_source=relacionadas&amp;utm_medium=nota&amp;utm_campaign=relacionadas\" title=\"Gente de Zona llevar\u00e1 el ritmo cubano a Espa\u00f1a: fechas y ciudades de su gira\">Gente de Zona llevar\u00e1 el ritmo cubano a Espa\u00f1a: fechas y ciudades de su gira<\/a><\/h2>\n<\/article>\n<p><\/p>\n<p>\u200b\"Lo mejor\" que le pudo haber pasado al emblem\u00e1tico d\u00fao cubano Gente de Zona ha sido \"llevar la m\u00fasica cubana como la llev\u00f3 Celia Cruz por el mundo entero\", adem\u00e1s de defender sus ideales y ser \"embajadores de la m\u00fasica tropical\", seg\u00fan afirmaron en una entrevista con EFE en Madrid previa a su gira por Espa\u00f1a.\"Desde que salimos del anonimato, lo mejor que nos pudo haber pasado fue llevar nuestra m\u00fasica cubana por el mundo entero, como la llev\u00f3 Celia Cruz, y defender nuestros ideales\", confes\u00f3 Randy Malcom, uno de los dos fundadores del d\u00fao musical, ante la sonrisa c\u00f3mplice de su pareja art\u00edstica, Alexander Delgado.Gente de Zona iniciar\u00e1 su gira \"m\u00e1s grande hasta ahora por Espa\u00f1a\" el pr\u00f3ximo 25 de junio, cuando cumplen su 25 aniversario en la industria.En este \"Tour Espa\u00f1a 2026&#8243;, el d\u00fao pisar\u00e1 los escenarios de diferentes ciudades espa\u00f1olas, como Madrid, Granada (sur), Barcelona (noreste) o Valencia (este) hasta el 8 de agosto, cuando culminar\u00e1 en Matalasca\u00f1as (suroeste).La moda de lo latinoMalcom recalc\u00f3 que, para ellos, es \"muy grande\" haber podido llevar su cultura por el mundo, pues para Cuba \"siempre ha sido un poco dif\u00edcil exportar su m\u00fasica\".\"En Cuba no existen discogr\u00e1ficas multinacionales y siempre hemos sido vetados por Estados Unidos, que tiene una de las industrias mas grandes\", asegur\u00f3 el artista.El cantante agreg\u00f3 despu\u00e9s que piensa que Gente de Zona fue parte de abrir \"este proceso nuevo que hay con la m\u00fasica cubana en el mundo entero\".Delgado repas\u00f3, desde su propia experiencia, la evoluci\u00f3n de c\u00f3mo se percibe lo latino en otros continentes, concretamente en Europa, desde sus inicios en la m\u00fasica en el a\u00f1o 2000.\"Pienso que los latinos han ocupado un lugar grand\u00edsimo en la m\u00fasica y en muchos aspectos, pero creo que a\u00f1os atr\u00e1s no era visto as\u00ed\", apunt\u00f3.\"Cuando nosotros comenzamos en la industria, era pr\u00e1cticamente el momento en el que los latinos empezaban a hacer m\u00fasica y gente de otros continentes empezaba a interesarse\", rememor\u00f3.Hace ya 25 a\u00f1os, cuando ellos llegaron por primera vez a Espa\u00f1a o Italia, cont\u00f3 Delgado, la m\u00fasica urbana \"no se escuchaba mucho ni hab\u00eda tantos grupos de reguet\u00f3n de Puerto Rico que se escucharan\".Ahora, con la popularidad que disfruta la m\u00fasica urbana en Europa, Delgado cree que \"ha sido un avance grande para la m\u00fasica latina\".A continuaci\u00f3n, Malcom celebr\u00f3 que a sus shows acudan latinos orgullosos de su cultura, algo muchas veces inesperado para ellos: \"Se siente muy bien cada vez que vamos a un pa\u00eds en el que pensamos que no va a haber cubanos ver c\u00f3mo la gente canta nuestras canciones y c\u00f3mo ondean las banderas de Cuba por todo lo alto\".Su sello tropical, intacto\"La esencia de Gente de Zona nos ha marcado como un grupo cubano que ha dejado un legado en la industria\", afirm\u00f3 Malcom, quien destac\u00f3 la \"identidad\" que tuvieron desde siempre, \"lo m\u00e1s dif\u00edcil de encontrar cuando uno est\u00e1 empezando en la m\u00fasica\".A pesar de ello, afirm\u00f3 que lo \"normal\" con las tendencias que van surgiendo en la m\u00fasica es \"evolucionar\", aunque para ellos es \"esencial\" dejar su \"sello tropical\" en todas las canciones que hacen.Delgado se uni\u00f3 a esta idea y anunci\u00f3 una colaboraci\u00f3n que estrenar\u00e1n en su gira con el cantante espa\u00f1ol nacionalizado dominicano Juan Mag\u00e1n, que tuvo un gran reconocimiento en Am\u00e9rica Latina y realiz\u00f3 colaboraciones con Don Omar o Cali y el Dandee, entre otros.\"Se repite de nuevo la formula Gente de Zona-Juan Mag\u00e1n con una canci\u00f3n del verano\", celebr\u00f3 Delgado.No obstante, ambos quieren que la gente disfrute de su repertorio y de sus \"grandes canciones\", como Bailando (2014) o La Gozadera (2015).    Te puede interesar                Gente de Zona llevar\u00e1 el ritmo cubano a Espa\u00f1a: fechas y ciudades de su gira\u00a0\u00a0Revista, M\u00fasica, EFE, Madrid, Gente de Zona, Celia Cruz, m\u00fasica cubana\u00a0<\/p>\n","protected":false},"excerpt":{"rendered":"<p>\"Lo mejor\" que le pudo haber pasado al emblem\u00e1tico d\u00fao cubano Gente de Zona ha sido \"llevar la m\u00fasica cubana como la llev\u00f3 Celia Cruz por el mundo entero\", adem\u00e1s de defender sus ideales y ser \"embajadores de la m\u00fasica tropical\", seg\u00fan afirmaron en una entrevista con EFE en Madrid previa a su gira por [&hellip;]<\/p>\n","protected":false},"author":1,"featured_media":22121,"comment_status":"open","ping_status":"open","sticky":false,"template":"","format":"standard","meta":{"amp_status":"","footnotes":""},"categories":[9],"tags":[],"class_list":["post-22349","post","type-post","status-publish","format-standard","has-post-thumbnail","hentry","category-espectaculo"],"_links":{"self":[{"href":"https:\/\/ermdigital.com\/index.php?rest_route=\/wp\/v2\/posts\/22349","targetHints":{"allow":["GET"]}}],"collection":[{"href":"https:\/\/ermdigital.com\/index.php?rest_route=\/wp\/v2\/posts"}],"about":[{"href":"https:\/\/ermdigital.com\/index.php?rest_route=\/wp\/v2\/types\/post"}],"author":[{"embeddable":true,"href":"https:\/\/ermdigital.com\/index.php?rest_route=\/wp\/v2\/users\/1"}],"replies":[{"embeddable":true,"href":"https:\/\/ermdigital.com\/index.php?rest_route=%2Fwp%2Fv2%2Fcomments&post=22349"}],"version-history":[{"count":0,"href":"https:\/\/ermdigital.com\/index.php?rest_route=\/wp\/v2\/posts\/22349\/revisions"}],"wp:featuredmedia":[{"embeddable":true,"href":"https:\/\/ermdigital.com\/index.php?rest_route=\/wp\/v2\/media\/22121"}],"wp:attachment":[{"href":"https:\/\/ermdigital.com\/index.php?rest_route=%2Fwp%2Fv2%2Fmedia&parent=22349"}],"wp:term":[{"taxonomy":"category","embeddable":true,"href":"https:\/\/ermdigital.com\/index.php?rest_route=%2Fwp%2Fv2%2Fcategories&post=22349"},{"taxonomy":"post_tag","embeddable":true,"href":"https:\/\/ermdigital.com\/index.php?rest_route=%2Fwp%2Fv2%2Ftags&post=22349"}],"curies":[{"name":"wp","href":"https:\/\/api.w.org\/{rel}","templated":true}]}}