{"id":22295,"date":"2026-04-22T06:43:00","date_gmt":"2026-04-22T10:43:00","guid":{"rendered":"https:\/\/ermdigital.com\/index.php\/2026\/04\/22\/claro-dominicana-reconocida-en-exposostenible-2026\/"},"modified":"2026-04-22T06:43:00","modified_gmt":"2026-04-22T10:43:00","slug":"claro-dominicana-reconocida-en-exposostenible-2026","status":"publish","type":"post","link":"https:\/\/ermdigital.com\/?p=22295","title":{"rendered":"Claro Dominicana, reconocida en ExpoSostenible 2026"},"content":{"rendered":"<p><strong>Claro Dominicana<\/strong> obtuvo el <strong>segundo lugar<\/strong> en el <strong>pilar de gobernanza<\/strong> (91.7 %), el de mayor valoraci\u00f3n dentro del ranking <strong>Top 15<\/strong> \u201cEmpresas que Transforman la Rep\u00fablica Dominicana <strong>ExpoSostenible<\/strong> 2026\u201d, consolid\u00e1ndose como un referente en gesti\u00f3n \u00e9tica, transparencia y coherencia en su forma de operar.<\/p>\n<p>En el resultado del r\u00e1nking general, la empresa se ubic\u00f3 en el <strong>Top 5<\/strong>, posicion\u00e1ndose adem\u00e1s como la <strong>empresa n\u00famero 1<\/strong> del <strong>sector telecomunicaciones<\/strong> dentro de esta medici\u00f3n, al convertir la <strong>conectividad<\/strong> en desarrollo sostenible, impulsando la <strong>inclusi\u00f3n digital<\/strong> y contribuyendo a la reducci\u00f3n de emisiones.<\/p>\n<p>\u201cEste <strong>reconocimiento<\/strong> confirma nuestro compromiso con una gesti\u00f3n \u00e9tica, transparente y coherente\", expres\u00f3 <strong>Carlos Cueto<\/strong>, presidente de <strong>Claro Dominicana<\/strong>.<\/p>\n<p>\"En <strong>Claro Dominicana<\/strong> creemos que la <strong>conectividad<\/strong> no solo acerca, sino que genera oportunidades reales, impulsa el desarrollo y contribuye a un futuro m\u00e1s sostenible para todos\u201d, expres\u00f3 <strong>Carlos Cueto<\/strong>, presidente de <strong>Claro Dominicana<\/strong>\u201d.<\/p>\n<p>Este desempe\u00f1o se complementa con su evaluaci\u00f3n en los dem\u00e1s pilares ASG. En el \u00e1mbito social, alcanz\u00f3 la <strong>quinta posici\u00f3n<\/strong> (88.3 %), reflejo de su contribuci\u00f3n al desarrollo mediante la generaci\u00f3n de <strong>empleo de calidad<\/strong>, la promoci\u00f3n de entornos laborales inclusivos y el impulso de iniciativas que impactan positivamente a las comunidades.\u00a0<\/p>\n<p>En ese sentido, la empresa fomenta oportunidades en <strong>educaci\u00f3n<\/strong>, <strong>trabajo<\/strong> y entretenimiento, conectando a m\u00e1s de <strong>8.1 millones<\/strong> de personas, hogares y negocios, brindando acceso a internet de alta velocidad.<\/p>\n<p>En el <strong>pilar ambiental<\/strong>, se posicion\u00f3 en el 6to. lugar (77.1 %), evidenciando su compromiso con el uso responsable de los recursos, la eficiencia energ\u00e9tica y la adecuada gesti\u00f3n de residuos. En m\u00e1s de 30 instalaciones, Claro incorpora el uso de <strong>energ\u00eda renovable<\/strong> avanzando hacia un futuro con menor impacto ambiental.<\/p>\n<figure class=\"inline-block\">\n<div class=\"expand-img-placeholder\"><img loading=\"lazy\" decoding=\"async\" src=\"https:\/\/resources.diariolibre.com\/images\/expand.svg\" alt=\"Expandir imagen\" width=\"20\" height=\"20\"><span class=\"rutaimagenoriginal-placeholder\">https:\/\/resources.diariolibre.com\/images\/2026\/04\/22\/claro-dom-2-b0f099c1.jpg<\/span><\/div>\n<p><img decoding=\"async\" loading=\"lazy\" src=\"https:\/\/resources.diariolibre.com\/images\/2026\/04\/22\/claro-dom-2-b0f099c1.jpg\" width=\"auto\" height=\"350\" alt=\"Infograf\u00eda\" class=\"mx-auto\"><figcaption><span>Pilar Hach\u00e9, Carolina Lantigua y Tammy V\u00e1squez.<\/span><span> (<strong>FUENTE EXTERNA<\/strong>)<\/span><\/figcaption><\/figure>\n<p>De igual forma, este compromiso se materializa en iniciativas como el Programa para la Gesti\u00f3n Integral de Residuos de Aparatos El\u00e9ctricos y Electr\u00f3nicos (RAEE), pionero en el sector de las <strong>telecomunicaciones<\/strong> del pa\u00eds, con el que recolect\u00f3 m\u00e1s de 1.7 millones de kilogramos de <strong>residuos electr\u00f3nicos<\/strong> entre el a\u00f1o 2020 y el 2025.\u00a0 <\/p>\n<p>Adem\u00e1s, a trav\u00e9s de <strong>Aprende con Claro<\/strong>, la compa\u00f1\u00eda promueve la <strong>educaci\u00f3n<\/strong> ambiental, formando ciudadanos m\u00e1s conscientes con el <strong>cuidado del planeta<\/strong>.<\/p>\n<p>M\u00e1s all\u00e1 de los resultados, este <strong>reconocimiento<\/strong> refleja la forma en c\u00f3mo hacen posible un mejor pa\u00eds, enfocada en las personas y en generar <strong>impacto real<\/strong>. A trav\u00e9s de la <strong>conectividad<\/strong> y la tecnolog\u00eda, la empresa impulsa la <strong>inclusi\u00f3n digital<\/strong>, reduce brechas y contribuye al <strong>desarrollo econ\u00f3mico<\/strong>, social y ambiental del pa\u00eds.<\/p>\n<h2>Metodolog\u00eda\u00a0<\/h2>\n<p>Este r\u00e1nking de <strong>ExpoSostenible<\/strong>, plataforma liderada por el Consejo de <strong>Desarrollo Econ\u00f3mico<\/strong> y Social de Santo Domingo (<strong>CODESSD<\/strong>), El Nuevo Diario, Innovent, EM, Estrategia &amp; Soluciones y cont\u00f3 con el respaldo t\u00e9cnico <strong>Newlink Dominicana<\/strong>, eval\u00faa la <strong>percepci\u00f3n<\/strong>, consistencia e <strong>impacto real<\/strong> de las empresas en la sociedad, combinando investigaci\u00f3n cuantitativa, opini\u00f3n especializada y validaci\u00f3n documental.<\/p>\n<p>Durante su presentaci\u00f3n, <strong>Eduardo Valc\u00e1rcel<\/strong>, managing Partner de <strong>Newlink Dominicana<\/strong> explic\u00f3 que el estudio \u201cno parte de declaraciones; parte de <strong>percepci\u00f3n<\/strong>, consistencia e impacto\u201d, destacando su enfoque en la credibilidad y el <strong>reconocimiento<\/strong> real por parte de la sociedad.<\/p>\n<p>M\u00e1s de <strong>300 empresas<\/strong> fueron mencionadas de forma espont\u00e1nea, identific\u00e1ndose posteriormente las 15 con mayor <strong>percepci\u00f3n<\/strong> de sostenibilidad en el pa\u00eds, a partir de un proceso estructurado de evaluaci\u00f3n y validaci\u00f3n t\u00e9cnica.\u00a0<\/p>\n<p>Este <strong>reconocimiento<\/strong> se suma a otros logros de <strong>Claro Dominicana<\/strong>, como su posicionamiento en el ranking de Empresas M\u00e1s Responsables en materia <strong>ESG<\/strong> de <strong>Merco<\/strong>, reafirmando su compromiso de hacer posible un mejor pa\u00eds y de seguir generando <strong>valor sostenible<\/strong> para la sociedad.<\/p>\n<article class=\"border-t border-b py-5 mb-5 component nota-incrustada\">    <span class=\"block mb-2\"><strong>Te puede interesar<\/strong><\/span>                <\/p>\n<h2><a href=\"https:\/\/www.diariolibre.com\/revista\/sociales\/2026\/04\/14\/claro-dominicana-celebra-premios-a-la-excelencia-2026\/3502307?utm_source=relacionadas&amp;utm_medium=nota&amp;utm_campaign=relacionadas\" title=\"Claro Dominicana celebra los Premios a la Excelencia 2026\">Claro Dominicana celebra los Premios a la Excelencia 2026<\/a><\/h2>\n<\/article>\n<p><\/p>\n<p><\/p>\n<p>\u200bClaro Dominicana obtuvo el segundo lugar en el pilar de gobernanza (91.7 %), el de mayor valoraci\u00f3n dentro del ranking Top 15 \u201cEmpresas que Transforman la Rep\u00fablica Dominicana ExpoSostenible 2026\u201d, consolid\u00e1ndose como un referente en gesti\u00f3n \u00e9tica, transparencia y coherencia en su forma de operar.En el resultado del r\u00e1nking general, la empresa se ubic\u00f3 en el Top 5, posicion\u00e1ndose adem\u00e1s como la empresa n\u00famero 1 del sector telecomunicaciones dentro de esta medici\u00f3n, al convertir la conectividad en desarrollo sostenible, impulsando la inclusi\u00f3n digital y contribuyendo a la reducci\u00f3n de emisiones.\u201cEste reconocimiento confirma nuestro compromiso con una gesti\u00f3n \u00e9tica, transparente y coherente\", expres\u00f3 Carlos Cueto, presidente de Claro Dominicana.\"En Claro Dominicana creemos que la conectividad no solo acerca, sino que genera oportunidades reales, impulsa el desarrollo y contribuye a un futuro m\u00e1s sostenible para todos\u201d, expres\u00f3 Carlos Cueto, presidente de Claro Dominicana\u201d.Este desempe\u00f1o se complementa con su evaluaci\u00f3n en los dem\u00e1s pilares ASG. En el \u00e1mbito social, alcanz\u00f3 la quinta posici\u00f3n (88.3 %), reflejo de su contribuci\u00f3n al desarrollo mediante la generaci\u00f3n de empleo de calidad, la promoci\u00f3n de entornos laborales inclusivos y el impulso de iniciativas que impactan positivamente a las comunidades.\u00a0En ese sentido, la empresa fomenta oportunidades en educaci\u00f3n, trabajo y entretenimiento, conectando a m\u00e1s de 8.1 millones de personas, hogares y negocios, brindando acceso a internet de alta velocidad.En el pilar ambiental, se posicion\u00f3 en el 6to. lugar (77.1 %), evidenciando su compromiso con el uso responsable de los recursos, la eficiencia energ\u00e9tica y la adecuada gesti\u00f3n de residuos. En m\u00e1s de 30 instalaciones, Claro incorpora el uso de energ\u00eda renovable avanzando hacia un futuro con menor impacto ambiental.https:\/\/resources.diariolibre.com\/images\/2026\/04\/22\/claro-dom-2-b0f099c1.jpgPilar Hach\u00e9, Carolina Lantigua y Tammy V\u00e1squez. (FUENTE EXTERNA)De igual forma, este compromiso se materializa en iniciativas como el Programa para la Gesti\u00f3n Integral de Residuos de Aparatos El\u00e9ctricos y Electr\u00f3nicos (RAEE), pionero en el sector de las telecomunicaciones del pa\u00eds, con el que recolect\u00f3 m\u00e1s de 1.7 millones de kilogramos de residuos electr\u00f3nicos entre el a\u00f1o 2020 y el 2025.\u00a0 Adem\u00e1s, a trav\u00e9s de Aprende con Claro, la compa\u00f1\u00eda promueve la educaci\u00f3n ambiental, formando ciudadanos m\u00e1s conscientes con el cuidado del planeta.M\u00e1s all\u00e1 de los resultados, este reconocimiento refleja la forma en c\u00f3mo hacen posible un mejor pa\u00eds, enfocada en las personas y en generar impacto real. A trav\u00e9s de la conectividad y la tecnolog\u00eda, la empresa impulsa la inclusi\u00f3n digital, reduce brechas y contribuye al desarrollo econ\u00f3mico, social y ambiental del pa\u00eds.Metodolog\u00eda\u00a0Este r\u00e1nking de ExpoSostenible, plataforma liderada por el Consejo de Desarrollo Econ\u00f3mico y Social de Santo Domingo (CODESSD), El Nuevo Diario, Innovent, EM, Estrategia &amp; Soluciones y cont\u00f3 con el respaldo t\u00e9cnico Newlink Dominicana, eval\u00faa la percepci\u00f3n, consistencia e impacto real de las empresas en la sociedad, combinando investigaci\u00f3n cuantitativa, opini\u00f3n especializada y validaci\u00f3n documental.Durante su presentaci\u00f3n, Eduardo Valc\u00e1rcel, managing Partner de Newlink Dominicana explic\u00f3 que el estudio \u201cno parte de declaraciones; parte de percepci\u00f3n, consistencia e impacto\u201d, destacando su enfoque en la credibilidad y el reconocimiento real por parte de la sociedad.M\u00e1s de 300 empresas fueron mencionadas de forma espont\u00e1nea, identific\u00e1ndose posteriormente las 15 con mayor percepci\u00f3n de sostenibilidad en el pa\u00eds, a partir de un proceso estructurado de evaluaci\u00f3n y validaci\u00f3n t\u00e9cnica.\u00a0Este reconocimiento se suma a otros logros de Claro Dominicana, como su posicionamiento en el ranking de Empresas M\u00e1s Responsables en materia ESG de Merco, reafirmando su compromiso de hacer posible un mejor pa\u00eds y de seguir generando valor sostenible para la sociedad.    Te puede interesar                Claro Dominicana celebra los Premios a la Excelencia 2026\u00a0\u00a0Revista, Sociales, Diario Libre, Santo Domingo, Telecomunicaciones, Claro Dominicana, ExpoSostenible 2026\u00a0<\/p>\n","protected":false},"excerpt":{"rendered":"<p>Claro Dominicana obtuvo el segundo lugar en el pilar de gobernanza (91.7 %), el de mayor valoraci\u00f3n dentro del ranking Top 15 \u201cEmpresas que Transforman la Rep\u00fablica Dominicana ExpoSostenible 2026\u201d, consolid\u00e1ndose como un referente en gesti\u00f3n \u00e9tica, transparencia y coherencia en su forma de operar. En el resultado del r\u00e1nking general, la empresa se ubic\u00f3 [&hellip;]<\/p>\n","protected":false},"author":1,"featured_media":21993,"comment_status":"open","ping_status":"open","sticky":false,"template":"","format":"standard","meta":{"amp_status":"","footnotes":""},"categories":[9],"tags":[],"class_list":["post-22295","post","type-post","status-publish","format-standard","has-post-thumbnail","hentry","category-espectaculo"],"_links":{"self":[{"href":"https:\/\/ermdigital.com\/index.php?rest_route=\/wp\/v2\/posts\/22295","targetHints":{"allow":["GET"]}}],"collection":[{"href":"https:\/\/ermdigital.com\/index.php?rest_route=\/wp\/v2\/posts"}],"about":[{"href":"https:\/\/ermdigital.com\/index.php?rest_route=\/wp\/v2\/types\/post"}],"author":[{"embeddable":true,"href":"https:\/\/ermdigital.com\/index.php?rest_route=\/wp\/v2\/users\/1"}],"replies":[{"embeddable":true,"href":"https:\/\/ermdigital.com\/index.php?rest_route=%2Fwp%2Fv2%2Fcomments&post=22295"}],"version-history":[{"count":0,"href":"https:\/\/ermdigital.com\/index.php?rest_route=\/wp\/v2\/posts\/22295\/revisions"}],"wp:featuredmedia":[{"embeddable":true,"href":"https:\/\/ermdigital.com\/index.php?rest_route=\/wp\/v2\/media\/21993"}],"wp:attachment":[{"href":"https:\/\/ermdigital.com\/index.php?rest_route=%2Fwp%2Fv2%2Fmedia&parent=22295"}],"wp:term":[{"taxonomy":"category","embeddable":true,"href":"https:\/\/ermdigital.com\/index.php?rest_route=%2Fwp%2Fv2%2Fcategories&post=22295"},{"taxonomy":"post_tag","embeddable":true,"href":"https:\/\/ermdigital.com\/index.php?rest_route=%2Fwp%2Fv2%2Ftags&post=22295"}],"curies":[{"name":"wp","href":"https:\/\/api.w.org\/{rel}","templated":true}]}}