{"id":22130,"date":"2026-04-21T20:01:00","date_gmt":"2026-04-22T00:01:00","guid":{"rendered":"https:\/\/ermdigital.com\/index.php\/2026\/04\/21\/raphael-eterno-frente-a-las-despedidas\/"},"modified":"2026-04-21T20:01:00","modified_gmt":"2026-04-22T00:01:00","slug":"raphael-eterno-frente-a-las-despedidas","status":"publish","type":"post","link":"https:\/\/ermdigital.com\/?p=22130","title":{"rendered":"Raphael, eterno frente a las despedidas"},"content":{"rendered":"<p>El cantante espa\u00f1ol <strong>Raphael<\/strong> volver\u00e1 a encontrarse con el <strong>p\u00fablico dominicano<\/strong> el pr\u00f3ximo <strong>6 de mayo<\/strong> en la Sala Carlos Piantini del <strong>Teatro Nacional Eduardo Brito<\/strong>, donde presentar\u00e1 su espect\u00e1culo \"<strong>Raphael\u00edsimo<\/strong>\", bajo la producci\u00f3n de C\u00e9sar Su\u00e1rez Pizano.<\/p>\n<p>Su visita al pa\u00eds coincide con una etapa especial de su carrera. A finales de 2024, el artista fue diagnosticado con un <strong>linfoma cerebral primario<\/strong>, condici\u00f3n que lo mantuvo alejado temporalmente de los escenarios. Sin embargo, en mayo de 2025 retom\u00f3 su <strong>gira internacional<\/strong>, con la que repasa los momentos m\u00e1s emblem\u00e1ticos de su trayectoria.<\/p>\n<p>Con <strong>82 a\u00f1os<\/strong>, <strong>Raphael<\/strong> mantiene intacta su <strong>conexi\u00f3n<\/strong> con el <strong>p\u00fablico<\/strong> y una vigencia art\u00edstica construida durante <strong>m\u00e1s de cinco d\u00e9cadas<\/strong> de \u00e9xitos.<\/p>\n<p>Poco antes de su llegada a la <strong>Rep\u00fablica Dominicana<\/strong>, la <strong>C\u00e1mara de Diputados<\/strong> aprob\u00f3 un <strong>reconocimiento<\/strong> que le ser\u00e1 entregado por sus aportes a la m\u00fasica y su impacto en varias generaciones.<\/p>\n<p>Previo a su presentaci\u00f3n, el int\u00e9rprete concedi\u00f3 una <strong>entrevista<\/strong> a <em><strong>Diario Libre<\/strong><\/em>, en la que habl\u00f3 sobre su esperado reencuentro con los dominicanos, el valor de regresar a los escenarios y los aprendizajes acumulados a lo largo de su extensa carrera art\u00edstica.<\/p>\n<figure class=\"my-12 component infografia\">\n<div class=\"expand-img-placeholder\"><img loading=\"lazy\" decoding=\"async\" src=\"https:\/\/resources.diariolibre.com\/images\/expand.svg\" alt=\"Expandir imagen\" width=\"20\" height=\"20\"><span class=\"rutaimagenoriginal-placeholder\">https:\/\/resources.diariolibre.com\/images\/2026\/04\/21\/-raphael-en-luchadegigantes-una-de-las-voces-mas-legendarias-de-la-musica-en-espanol-raphae-d98dfb63.jpg<\/span><\/div>\n<p><img decoding=\"async\" loading=\"lazy\" src=\"https:\/\/resources.diariolibre.com\/images\/2026\/04\/21\/-raphael-en-luchadegigantes-una-de-las-voces-mas-legendarias-de-la-musica-en-espanol-raphae-d98dfb63.jpg\" width=\"auto\" height=\"350\" alt=\"Infograf\u00eda\" class=\"mx-auto\"><\/figure>\n<h2><strong>Llega a Santo Domingo en medio de una gira internacional y con una \u00fanica funci\u00f3n en el Teatro Nacional. \u00bfQu\u00e9 significado tiene esta presentaci\u00f3n dentro de su recorrido actual?<\/strong><\/h2>\n<p>Esta <strong>gira<\/strong> \u2014que arranca tras la publicaci\u00f3n de\u00a0<em><strong>Ayer\u2026 a\u00fan<\/strong><\/em>, mi disco homenaje a la <em>chanson<\/em> francesa\u2014 tiene mucho de <strong>celebraci\u00f3n<\/strong>; en ella festejo m\u00e1s de <strong>seis d\u00e9cadas<\/strong> dedicadas a la m\u00fasica y a mi <strong>p\u00fablico<\/strong>. <\/p>\n<p>Y <strong>Santo Domingo<\/strong> siempre ha sido una plaza muy importante. El pa\u00eds cuenta con uno de los p\u00fablicos m\u00e1s cultos y exigentes; la m\u00fasica est\u00e1 en su ADN.\u00a0<\/p>\n<h2><strong>Despu\u00e9s de m\u00e1s de seis d\u00e9cadas en los escenarios, \u00bfc\u00f3mo se mira hoy como artista frente a ese joven que comenz\u00f3 en los a\u00f1os 60?<\/strong><\/h2>\n<p>Mantengo intacta la forma de entender este oficio: empec\u00e9 muy pronto, en una industria completamente distinta, pero ya ten\u00eda claro que el <strong>escenario<\/strong> no admite trampas o medias tintas. Con los a\u00f1os ganas experiencia; pero la <strong>actitud<\/strong> \u2014la entrega absoluta\u2014 no ha cambiado.<\/p>\n<h2><strong>Ha atravesado distintas \u00e9pocas de la m\u00fasica y de la industria. \u00bfCu\u00e1l ha sido el mayor reto para mantenerse vigente sin perder identidad?<\/strong><\/h2>\n<p>Nunca he intentado ser alguien diferente a m\u00ed. He grabado con orquesta, con formatos m\u00e1s electr\u00f3nicos y contempor\u00e1neos, he realizado <strong>m\u00faltiples<\/strong> <strong>colaboraciones<\/strong>\u2026 pero siempre fiel a m\u00ed mismo. Si pierdes eso, puedes sonar actual durante un tiempo, pero pronto dejas de ser reconocible porque te conviertes en alguien que no eres t\u00fa.<\/p>\n<h2><strong>Ha construido un repertorio que varias generaciones reconocen. \u00bfC\u00f3mo decide qu\u00e9 canciones permanecen y cu\u00e1les salen en una gira como esta?<\/strong><\/h2>\n<p>Hay <strong>canciones<\/strong> que no se negocian: forman parte de la historia compartida con el <strong>p\u00fablico<\/strong>. Pero tambi\u00e9n necesito incorporar <strong>nuevo material<\/strong> y actualizar mi <strong>repertorio<\/strong>. Suenan mis cl\u00e1sicos, y tambi\u00e9n <strong>canciones<\/strong> de\u00a0<em><strong>Ayer\u2026 a\u00fan<\/strong><\/em>.<\/p>\n<h2><strong>Temas como \u201cYo soy aquel\u201d, \u201cMi gran noche\u201d o \u201cQu\u00e9 sabe nadie\u201d siguen siendo pilares. \u00bfC\u00f3mo evita que se conviertan en rutina y logra que cada interpretaci\u00f3n sea distinta?<\/strong><\/h2>\n<p>No las trato como piezas de museo; son <strong>obras vivas<\/strong> y cada noche suenan de una manera seg\u00fan la emoci\u00f3n del momento y el di\u00e1logo con el <strong>p\u00fablico<\/strong>.\u00a0<\/p>\n<h2><strong>Ha trabajado con distintos formatos, desde lo sinf\u00f3nico hasta lo m\u00e1s \u00edntimo. \u00bfEsta gira recoge esa evoluci\u00f3n art\u00edstica?<\/strong><\/h2>\n<p>Por supuesto; vais a escuchar momentos de canci\u00f3n <strong>mel\u00f3dica<\/strong> tremendamente emocional frente a otros m\u00e1s <strong>rock<\/strong>, electr\u00f3nicos&#8230; Reh\u00fayo de etiquetas; lo \u00fanico que me interesa es crear desde la libertad y <strong>honestidad<\/strong>. Por eso, cada noche es diferente y resume 60 a\u00f1os de historia que seguimos escribiendo con cada <em>show<\/em>.<\/p>\n<article class=\"border-t border-b py-5 mb-5 component nota-incrustada\">    <span class=\"block mb-2\"><strong>Te puede interesar<\/strong><\/span>                <\/p>\n<h2><a href=\"https:\/\/www.diariolibre.com\/revista\/cultura\/2026\/04\/15\/camara-de-diputados-reconoce-a-raphael-por-su-trayectoria\/3503591?utm_source=relacionadas&amp;utm_medium=nota&amp;utm_campaign=relacionadas\" title=\"La C\u00e1mara de Diputados dominicana reconoce a Raphael por su extraordinaria trayectoria\">La C\u00e1mara de Diputados dominicana reconoce a Raphael por su \"extraordinaria trayectoria\"<\/a><\/h2>\n<\/article>\n<h2><strong>\u00bfC\u00f3mo ha cambiado su forma de conectar con el p\u00fablico con el paso del tiempo?<\/strong><\/h2>\n<p>Siempre he trabajado por y para el <strong>p\u00fablico<\/strong>. Despu\u00e9s de tantos a\u00f1os&#8230; nos conocemos muy bien. He sido muy afortunado: no solo me apoyaran, si no que entienden mi propuesta. Y ello me da mucha <strong>seguridad<\/strong> para seguir creando.<\/p>\n<h2><strong>\u00bfQu\u00e9 lugar ocupa Rep\u00fablica Dominicana en su historia personal y art\u00edstica?<\/strong><\/h2>\n<p>Es un pa\u00eds donde siempre he sentido una <strong>conexi\u00f3n<\/strong> muy directa. Desde las primeras veces que vine. Y con los a\u00f1os eso no solo se ha mantenido, sino que se ha ampliado. Me emociona ver a <strong>p\u00fablico<\/strong> de los a\u00f1os 60, 70&#8230; pero tambi\u00e9n reci\u00e9n llegado. \u00a1Re\u00fano ya a <strong>cuatro generaciones<\/strong> distintas!<\/p>\n<h2><strong>El p\u00fablico dominicano suele ser intenso, participativo y muy emocional. \u00bfC\u00f3mo influye eso en su manera de construir el concierto?<\/strong><\/h2>\n<p>El <strong>concierto<\/strong> nunca es un mon\u00f3logo. Hay lugares donde el <strong>p\u00fablico<\/strong> escucha de una manera m\u00e1s contenida y otros donde la participaci\u00f3n es m\u00e1s abierta. Aqu\u00ed hay una energ\u00eda muy viva, vibrante, y eso hace que el <strong>concierto<\/strong> gane <strong>intensidad<\/strong> desde el primer acorde. <\/p>\n<p>Como dec\u00eda, el <strong>p\u00fablico dominicano<\/strong> es muy exigente; todo derivado de su amplio conocimiento en materia art\u00edstica y musical.<\/p>\n<h2><strong>Ser\u00e1 una sola funci\u00f3n. \u00bfC\u00f3mo se enfrenta a un concierto sin segunda oportunidad y qu\u00e9 tendr\u00eda que pasar para que lo considere una noche perfecta?<\/strong><\/h2>\n<p>Cuando sabes que no hay segunda noche, todo se intensifica. En cualquier caso, lo importante no es la perfecci\u00f3n, sino que pase <strong>algo real<\/strong> entre el <strong>escenario<\/strong> y la sala.<\/p>\n<h2><strong>Sus conciertos suelen ser largos y exigentes. \u00bfQu\u00e9 nivel de preparaci\u00f3n requiere hoy sostener ese ritmo?<\/strong><\/h2>\n<p>Mucho. Siempre he sido disciplinado, pero con los a\u00f1os eso se vuelve a\u00fan m\u00e1s importante. Hay <strong>preparaci\u00f3n vocal<\/strong>, f\u00edsica y tambi\u00e9n mental. Y algo fundamental: saber cuidar los tiempos de <strong>descanso<\/strong> antes del <strong>concierto<\/strong>.<\/p>\n<h2><strong>Usted domina el silencio, las pausas y la mirada. \u00bfEse lenguaje esc\u00e9nico es completamente consciente o sigue habiendo espacio para la improvisaci\u00f3n?<\/strong><\/h2>\n<p>Si&#8230; hay <strong>preparaci\u00f3n<\/strong> y <strong>ensayo<\/strong>; si todo estuviera calculado, el espect\u00e1culo estar\u00eda muerto. Tiene que haber margen para que ocurran cosas en el momento, para reaccionar a lo que pasa en la sala.<\/p>\n<h2><strong>Esta gira ha sido interpretada por muchos como un posible cierre de ciclo. \u00bfC\u00f3mo se relaciona usted con esa idea?<\/strong><\/h2>\n<p>No. Yo trabajo sobre el <strong>presente<\/strong>. Llevo a\u00f1os oyendo hablar de despedidas y aqu\u00ed sigo. Mientras tenga <strong>voz y ganas<\/strong>, no veo motivo para plantearlo en esos t\u00e9rminos.<\/p>\n<h2><strong>Despu\u00e9s de todo lo vivido, \u00bfqu\u00e9 sigue siendo lo m\u00e1s importante cada vez que pisa un escenario?<\/strong><\/h2>\n<p>Que lo que pase sea honesto. El <strong>p\u00fablico detecta<\/strong> enseguida cuando algo es autom\u00e1tico. Puedes tener una gran producci\u00f3n, pero si no hay <strong>implicaci\u00f3n real<\/strong>, no funciona.<\/p>\n<h2><strong>\u00bfC\u00f3mo le gustar\u00eda ser recordado en la historia de la m\u00fasica?<\/strong><\/h2>\n<p>\u00bfCrees que ser\u00e9 <strong>recordado<\/strong>? (risas). En ese caso, como alguien que se comprometi\u00f3 con su profesi\u00f3n. No solo con la m\u00fasica, sino con el <strong>p\u00fablico<\/strong>.<\/p>\n<div class=\"social-embed mb-4\">\n<blockquote class=\"instagram-media\" data-instgrm-captioned=\"\" data-instgrm-permalink=\"https:\/\/www.instagram.com\/reel\/DW9TtyujHfq\/?utm_source=ig_embed&amp;utm_campaign=loading\" data-instgrm-version=\"14\">\n<div> <a href=\"https:\/\/www.instagram.com\/reel\/DW9TtyujHfq\/?utm_source=ig_embed&amp;utm_campaign=loading\" target=\"_blank\" title=\"       Ver esta publicaci\u00f3n en Instagram            \" rel=\"nofollow noopener noreferrer\"> <\/p>\n<div>\n<div><\/div>\n<div>\n<div><\/div>\n<div><\/div>\n<\/div>\n<\/div>\n<div><\/div>\n<div><\/div>\n<div>\n<div>Ver esta publicaci\u00f3n en Instagram<\/div>\n<\/div>\n<div><\/div>\n<div>\n<div>\n<div><\/div>\n<div><\/div>\n<div><\/div>\n<\/div>\n<div>\n<div><\/div>\n<div><\/div>\n<\/div>\n<div>\n<div><\/div>\n<div><\/div>\n<div><\/div>\n<\/div>\n<\/div>\n<div>\n<div><\/div>\n<div><\/div>\n<\/div>\n<p><\/a><\/p>\n<p><a href=\"https:\/\/www.instagram.com\/reel\/DW9TtyujHfq\/?utm_source=ig_embed&amp;utm_campaign=loading\" target=\"_blank\" title=\"Una publicaci\u00f3n compartida de Manuel Alejandro (@manuelalejandro.oficial)\" rel=\"nofollow noopener noreferrer\">Una publicaci\u00f3n compartida de Manuel Alejandro (@manuelalejandro.oficial)<\/a><\/p>\n<\/div>\n<\/blockquote>\n<div class=\"lazyload\" data-script=\"https:\/\/www.instagram.com\/embed.js\"><\/div>\n<\/div>\n<h2><strong>Manuel Alejandro es una figura central en su trayectoria. \u00bfQu\u00e9 ha representado para usted y c\u00f3mo marc\u00f3 su carrera?<\/strong><\/h2>\n<p>Entendi\u00f3 muy bien mi manera de ser artista. No solo escrib\u00eda buenas <strong>canciones<\/strong>, escrib\u00eda <strong>canciones<\/strong> que encajaban exactamente con una forma de decirlas. Esa <strong>conexi\u00f3n<\/strong> no es tan habitual. Y en mi caso fue determinante. Le debo mucho.<\/p>\n<div class=\"read-more mb-7\">    <span class=\"block mb-2\">Leer m\u00e1s<\/span>    <\/p>\n<ul class=\"glosa\">\n<li>\n<h3><a href=\"https:\/\/www.diariolibre.com\/revista\/musica\/2026\/02\/09\/raphael-vuelve-a-rd-con-su-espectaculo-raphaelisimo\/3431936?utm_source=relacionadas&amp;utm_medium=nota&amp;utm_campaign=relacionadas\" title=\"Raphael regresa a Santo Domingo con su espect\u00e1culo \u201cRaphael\u00edsimo\u201d\">Raphael regresa a Santo Domingo con su espect\u00e1culo \u201cRaphael\u00edsimo\u201d<\/a><\/h3>\n<\/li>\n<li>\n<h3><a href=\"https:\/\/www.diariolibre.com\/videos\/revista\/musica\/2025\/11\/13\/raphael-brillo-en-su-gran-noche-como-persona-del-ano-en-los-grammy\/3309751?utm_source=relacionadas&amp;utm_medium=nota&amp;utm_campaign=relacionadas\" title=\"La industria le regala a Raphael su gran noche como Persona del A\u00f1o en los Latin Grammy\">La industria le regala a Raphael \"su gran noche\" como Persona del A\u00f1o en los Latin Grammy<\/a><\/h3>\n<\/li>\n<li>\n<h3><a href=\"https:\/\/www.diariolibre.com\/revista\/musica\/2025\/06\/03\/raphael-persona-del-ano-2025-de-la-academia-latina-de-la-grabacion\/3136654?utm_source=relacionadas&amp;utm_medium=nota&amp;utm_campaign=relacionadas\" title=\"Raphael es nombrado Persona del A\u00f1o 2025 de la Academia Latina de la Grabaci\u00f3n\">Raphael es nombrado Persona del A\u00f1o 2025 de la Academia Latina de la Grabaci\u00f3n<\/a><\/h3>\n<\/li>\n<li>\n<h3><a href=\"https:\/\/www.diariolibre.com\/videos\/revista\/musica\/2025\/05\/02\/raphael-promete-una-gira-extensa-pero-con-descansos\/3096479?utm_source=relacionadas&amp;utm_medium=nota&amp;utm_campaign=relacionadas\" title=\"Raphael, de vuelta tras su hospitalizaci\u00f3n: Si te digo que no me asust\u00e9, mentir\u00eda\">Raphael, de vuelta tras su hospitalizaci\u00f3n: \"Si te digo que no me asust\u00e9, mentir\u00eda\"<\/a><\/h3>\n<\/li>\n<\/ul>\n<\/div>\n<p><\/p>\n<p>\u200bEl cantante espa\u00f1ol Raphael volver\u00e1 a encontrarse con el p\u00fablico dominicano el pr\u00f3ximo 6 de mayo en la Sala Carlos Piantini del Teatro Nacional Eduardo Brito, donde presentar\u00e1 su espect\u00e1culo \"Raphael\u00edsimo\", bajo la producci\u00f3n de C\u00e9sar Su\u00e1rez Pizano.Su visita al pa\u00eds coincide con una etapa especial de su carrera. A finales de 2024, el artista fue diagnosticado con un linfoma cerebral primario, condici\u00f3n que lo mantuvo alejado temporalmente de los escenarios. Sin embargo, en mayo de 2025 retom\u00f3 su gira internacional, con la que repasa los momentos m\u00e1s emblem\u00e1ticos de su trayectoria.Con 82 a\u00f1os, Raphael mantiene intacta su conexi\u00f3n con el p\u00fablico y una vigencia art\u00edstica construida durante m\u00e1s de cinco d\u00e9cadas de \u00e9xitos.Poco antes de su llegada a la Rep\u00fablica Dominicana, la C\u00e1mara de Diputados aprob\u00f3 un reconocimiento que le ser\u00e1 entregado por sus aportes a la m\u00fasica y su impacto en varias generaciones.Previo a su presentaci\u00f3n, el int\u00e9rprete concedi\u00f3 una entrevista a Diario Libre, en la que habl\u00f3 sobre su esperado reencuentro con los dominicanos, el valor de regresar a los escenarios y los aprendizajes acumulados a lo largo de su extensa carrera art\u00edstica.https:\/\/resources.diariolibre.com\/images\/2026\/04\/21\/-raphael-en-luchadegigantes-una-de-las-voces-mas-legendarias-de-la-musica-en-espanol-raphae-d98dfb63.jpgLlega a Santo Domingo en medio de una gira internacional y con una \u00fanica funci\u00f3n en el Teatro Nacional. \u00bfQu\u00e9 significado tiene esta presentaci\u00f3n dentro de su recorrido actual?Esta gira \u2014que arranca tras la publicaci\u00f3n de\u00a0Ayer\u2026 a\u00fan, mi disco homenaje a la chanson francesa\u2014 tiene mucho de celebraci\u00f3n; en ella festejo m\u00e1s de seis d\u00e9cadas dedicadas a la m\u00fasica y a mi p\u00fablico. Y Santo Domingo siempre ha sido una plaza muy importante. El pa\u00eds cuenta con uno de los p\u00fablicos m\u00e1s cultos y exigentes; la m\u00fasica est\u00e1 en su ADN.\u00a0Despu\u00e9s de m\u00e1s de seis d\u00e9cadas en los escenarios, \u00bfc\u00f3mo se mira hoy como artista frente a ese joven que comenz\u00f3 en los a\u00f1os 60?Mantengo intacta la forma de entender este oficio: empec\u00e9 muy pronto, en una industria completamente distinta, pero ya ten\u00eda claro que el escenario no admite trampas o medias tintas. Con los a\u00f1os ganas experiencia; pero la actitud \u2014la entrega absoluta\u2014 no ha cambiado.Ha atravesado distintas \u00e9pocas de la m\u00fasica y de la industria. \u00bfCu\u00e1l ha sido el mayor reto para mantenerse vigente sin perder identidad?Nunca he intentado ser alguien diferente a m\u00ed. He grabado con orquesta, con formatos m\u00e1s electr\u00f3nicos y contempor\u00e1neos, he realizado m\u00faltiples colaboraciones\u2026 pero siempre fiel a m\u00ed mismo. Si pierdes eso, puedes sonar actual durante un tiempo, pero pronto dejas de ser reconocible porque te conviertes en alguien que no eres t\u00fa.Ha construido un repertorio que varias generaciones reconocen. \u00bfC\u00f3mo decide qu\u00e9 canciones permanecen y cu\u00e1les salen en una gira como esta?Hay canciones que no se negocian: forman parte de la historia compartida con el p\u00fablico. Pero tambi\u00e9n necesito incorporar nuevo material y actualizar mi repertorio. Suenan mis cl\u00e1sicos, y tambi\u00e9n canciones de\u00a0Ayer\u2026 a\u00fan.Temas como \u201cYo soy aquel\u201d, \u201cMi gran noche\u201d o \u201cQu\u00e9 sabe nadie\u201d siguen siendo pilares. \u00bfC\u00f3mo evita que se conviertan en rutina y logra que cada interpretaci\u00f3n sea distinta?No las trato como piezas de museo; son obras vivas y cada noche suenan de una manera seg\u00fan la emoci\u00f3n del momento y el di\u00e1logo con el p\u00fablico.\u00a0Ha trabajado con distintos formatos, desde lo sinf\u00f3nico hasta lo m\u00e1s \u00edntimo. \u00bfEsta gira recoge esa evoluci\u00f3n art\u00edstica?Por supuesto; vais a escuchar momentos de canci\u00f3n mel\u00f3dica tremendamente emocional frente a otros m\u00e1s rock, electr\u00f3nicos&#8230; Reh\u00fayo de etiquetas; lo \u00fanico que me interesa es crear desde la libertad y honestidad. Por eso, cada noche es diferente y resume 60 a\u00f1os de historia que seguimos escribiendo con cada show.    Te puede interesar                La C\u00e1mara de Diputados dominicana reconoce a Raphael por su \"extraordinaria trayectoria\"            \u00bfC\u00f3mo ha cambiado su forma de conectar con el p\u00fablico con el paso del tiempo?Siempre he trabajado por y para el p\u00fablico. Despu\u00e9s de tantos a\u00f1os&#8230; nos conocemos muy bien. He sido muy afortunado: no solo me apoyaran, si no que entienden mi propuesta. Y ello me da mucha seguridad para seguir creando.\u00bfQu\u00e9 lugar ocupa Rep\u00fablica Dominicana en su historia personal y art\u00edstica?Es un pa\u00eds donde siempre he sentido una conexi\u00f3n muy directa. Desde las primeras veces que vine. Y con los a\u00f1os eso no solo se ha mantenido, sino que se ha ampliado. Me emociona ver a p\u00fablico de los a\u00f1os 60, 70&#8230; pero tambi\u00e9n reci\u00e9n llegado. \u00a1Re\u00fano ya a cuatro generaciones distintas!El p\u00fablico dominicano suele ser intenso, participativo y muy emocional. \u00bfC\u00f3mo influye eso en su manera de construir el concierto?El concierto nunca es un mon\u00f3logo. Hay lugares donde el p\u00fablico escucha de una manera m\u00e1s contenida y otros donde la participaci\u00f3n es m\u00e1s abierta. Aqu\u00ed hay una energ\u00eda muy viva, vibrante, y eso hace que el concierto gane intensidad desde el primer acorde. Como dec\u00eda, el p\u00fablico dominicano es muy exigente; todo derivado de su amplio conocimiento en materia art\u00edstica y musical.Ser\u00e1 una sola funci\u00f3n. \u00bfC\u00f3mo se enfrenta a un concierto sin segunda oportunidad y qu\u00e9 tendr\u00eda que pasar para que lo considere una noche perfecta?Cuando sabes que no hay segunda noche, todo se intensifica. En cualquier caso, lo importante no es la perfecci\u00f3n, sino que pase algo real entre el escenario y la sala.Sus conciertos suelen ser largos y exigentes. \u00bfQu\u00e9 nivel de preparaci\u00f3n requiere hoy sostener ese ritmo?Mucho. Siempre he sido disciplinado, pero con los a\u00f1os eso se vuelve a\u00fan m\u00e1s importante. Hay preparaci\u00f3n vocal, f\u00edsica y tambi\u00e9n mental. Y algo fundamental: saber cuidar los tiempos de descanso antes del concierto.Usted domina el silencio, las pausas y la mirada. \u00bfEse lenguaje esc\u00e9nico es completamente consciente o sigue habiendo espacio para la improvisaci\u00f3n?Si&#8230; hay preparaci\u00f3n y ensayo; si todo estuviera calculado, el espect\u00e1culo estar\u00eda muerto. Tiene que haber margen para que ocurran cosas en el momento, para reaccionar a lo que pasa en la sala.Esta gira ha sido interpretada por muchos como un posible cierre de ciclo. \u00bfC\u00f3mo se relaciona usted con esa idea?No. Yo trabajo sobre el presente. Llevo a\u00f1os oyendo hablar de despedidas y aqu\u00ed sigo. Mientras tenga voz y ganas, no veo motivo para plantearlo en esos t\u00e9rminos.Despu\u00e9s de todo lo vivido, \u00bfqu\u00e9 sigue siendo lo m\u00e1s importante cada vez que pisa un escenario?Que lo que pase sea honesto. El p\u00fablico detecta enseguida cuando algo es autom\u00e1tico. Puedes tener una gran producci\u00f3n, pero si no hay implicaci\u00f3n real, no funciona.\u00bfC\u00f3mo le gustar\u00eda ser recordado en la historia de la m\u00fasica?\u00bfCrees que ser\u00e9 recordado? (risas). En ese caso, como alguien que se comprometi\u00f3 con su profesi\u00f3n. No solo con la m\u00fasica, sino con el p\u00fablico.        Ver esta publicaci\u00f3n en Instagram            Una publicaci\u00f3n compartida de Manuel Alejandro (@manuelalejandro.oficial) Manuel Alejandro es una figura central en su trayectoria. \u00bfQu\u00e9 ha representado para usted y c\u00f3mo marc\u00f3 su carrera?Entendi\u00f3 muy bien mi manera de ser artista. No solo escrib\u00eda buenas canciones, escrib\u00eda canciones que encajaban exactamente con una forma de decirlas. Esa conexi\u00f3n no es tan habitual. Y en mi caso fue determinante. Le debo mucho.    Leer m\u00e1s                            Raphael regresa a Santo Domingo con su espect\u00e1culo \u201cRaphael\u00edsimo\u201d                            La industria le regala a Raphael \"su gran noche\" como Persona del A\u00f1o en los Latin Grammy                            Raphael es nombrado Persona del A\u00f1o 2025 de la Academia Latina de la Grabaci\u00f3n                            Raphael, de vuelta tras su hospitalizaci\u00f3n: \"Si te digo que no me asust\u00e9, mentir\u00eda\"\u00a0\u00a0Revista, M\u00fasica, Severo Rivera, Santo Domingo, Concierto, Raphael, Raphael\u00edsimo\u00a0<\/p>\n","protected":false},"excerpt":{"rendered":"<p>El cantante espa\u00f1ol Raphael volver\u00e1 a encontrarse con el p\u00fablico dominicano el pr\u00f3ximo 6 de mayo en la Sala Carlos Piantini del Teatro Nacional Eduardo Brito, donde presentar\u00e1 su espect\u00e1culo \"Raphael\u00edsimo\", bajo la producci\u00f3n de C\u00e9sar Su\u00e1rez Pizano. Su visita al pa\u00eds coincide con una etapa especial de su carrera. A finales de 2024, el [&hellip;]<\/p>\n","protected":false},"author":1,"featured_media":21730,"comment_status":"open","ping_status":"open","sticky":false,"template":"","format":"standard","meta":{"amp_status":"","footnotes":""},"categories":[9],"tags":[],"class_list":["post-22130","post","type-post","status-publish","format-standard","has-post-thumbnail","hentry","category-espectaculo"],"_links":{"self":[{"href":"https:\/\/ermdigital.com\/index.php?rest_route=\/wp\/v2\/posts\/22130","targetHints":{"allow":["GET"]}}],"collection":[{"href":"https:\/\/ermdigital.com\/index.php?rest_route=\/wp\/v2\/posts"}],"about":[{"href":"https:\/\/ermdigital.com\/index.php?rest_route=\/wp\/v2\/types\/post"}],"author":[{"embeddable":true,"href":"https:\/\/ermdigital.com\/index.php?rest_route=\/wp\/v2\/users\/1"}],"replies":[{"embeddable":true,"href":"https:\/\/ermdigital.com\/index.php?rest_route=%2Fwp%2Fv2%2Fcomments&post=22130"}],"version-history":[{"count":0,"href":"https:\/\/ermdigital.com\/index.php?rest_route=\/wp\/v2\/posts\/22130\/revisions"}],"wp:featuredmedia":[{"embeddable":true,"href":"https:\/\/ermdigital.com\/index.php?rest_route=\/wp\/v2\/media\/21730"}],"wp:attachment":[{"href":"https:\/\/ermdigital.com\/index.php?rest_route=%2Fwp%2Fv2%2Fmedia&parent=22130"}],"wp:term":[{"taxonomy":"category","embeddable":true,"href":"https:\/\/ermdigital.com\/index.php?rest_route=%2Fwp%2Fv2%2Fcategories&post=22130"},{"taxonomy":"post_tag","embeddable":true,"href":"https:\/\/ermdigital.com\/index.php?rest_route=%2Fwp%2Fv2%2Ftags&post=22130"}],"curies":[{"name":"wp","href":"https:\/\/api.w.org\/{rel}","templated":true}]}}