{"id":22105,"date":"2026-04-21T19:17:00","date_gmt":"2026-04-21T23:17:00","guid":{"rendered":"https:\/\/ermdigital.com\/index.php\/2026\/04\/21\/entregan-el-premio-pluma-a-la-excelencia-logomarca-2026-2\/"},"modified":"2026-04-21T19:17:00","modified_gmt":"2026-04-21T23:17:00","slug":"entregan-el-premio-pluma-a-la-excelencia-logomarca-2026-2","status":"publish","type":"post","link":"https:\/\/ermdigital.com\/?p=22105","title":{"rendered":"Entregan el Premio Pluma a la Excelencia Logomarca 2026"},"content":{"rendered":"<p>En el marco del\u00a0<strong>40 aniversario<\/strong> de la empresa <strong>Logomarca<\/strong>, que preside Lorenzo G\u00f3mez Mar\u00edn, se ha reanudado el\u00a0<strong>Premio Pluma a la Excelencia Logomarca 2026.<\/strong><\/p>\n<p>En esta ocasi\u00f3n reconoci\u00f3 la admirable trayectoria de profesionales ilustres como\u00a0<strong>Roberto Cass\u00e1 y Rafael Peralta<\/strong> Romero, as\u00ed como la periodista Edith Febles.<\/p>\n<p>Lorenzo G\u00f3mez Mar\u00edn expres\u00f3 que esta es la forma de lanzar el <strong>40 aniversario de Logomarca.<\/strong> El premio se hab\u00eda iniciado en 2009 y se mantuvo vigente hasta 2014, cuando, por diversas razones de la coyuntura, se dej\u00f3 de entregar.<\/p>\n<p>Adem\u00e1s, dej\u00f3 saber que la iniciativa es coauspiciado por la empresa <strong>At Cross Company,<\/strong> que aporta la pluma fuente entregada a los ganadores, consiste en una placa de dise\u00f1o original grabada en l\u00e1ser sobre acr\u00edlico.<\/p>\n<h2>Palabras de los reconocidos<\/h2>\n<figure class=\"inline-block\">\n<div class=\"expand-img-placeholder\"><img loading=\"lazy\" decoding=\"async\" src=\"https:\/\/resources.diariolibre.com\/images\/expand.svg\" alt=\"Expandir imagen\" width=\"20\" height=\"20\"><span class=\"rutaimagenoriginal-placeholder\">https:\/\/resources.diariolibre.com\/images\/2026\/04\/22\/img-20260421-wa0402-21776643.jpg<\/span><\/div>\n<p><img decoding=\"async\" loading=\"lazy\" src=\"https:\/\/resources.diariolibre.com\/images\/2026\/04\/22\/img-20260421-wa0402-21776643.jpg\" width=\"auto\" height=\"350\" alt=\"Infograf\u00eda\" class=\"mx-auto\"><figcaption><span>La distinci\u00f3n se realiz\u00f3 en el edificio de Logomarca.<\/span><span> (<strong>SAMIL MATEO<\/strong>)<\/span><\/figcaption><\/figure>\n<p>Para el escritor <strong>Peralta Romero \"<\/strong>quien se descubre el don para escribir debe asumir la responsabilidad de hacerlo y aceptar que se trata de un compromiso con la sociedad. Cual que sea la rama de la escritura: ficci\u00f3n literaria, historia o periodismo, por ejemplo\", expres\u00f3.<\/p>\n<ul>\n<li>El tambi\u00e9n miembro de n\u00famero de la <strong>Academia Dominicana de la Lengua<\/strong> calific\u00f3 la premiaci\u00f3n como \"la m\u00e1s alta valoraci\u00f3n de mi quehacer literario&#8230; \"Lo asumo como la m\u00e1s <strong>alta valoraci\u00f3n<\/strong> de mi quehacer literario\".<\/li>\n<\/ul>\n<p>En el <strong>momento de su discurso<\/strong> record\u00f3 sus inicios.<\/p>\n<p>Llegada la oportunidad de dirigirse a los presentes, Febles la acogi\u00f3 desde su rol period\u00edstica. Denunci\u00f3 y detall\u00f3 <strong>situaciones preocupantes,<\/strong> en su mayor\u00eda vinculada a la corrupci\u00f3n, que est\u00e1n afectando Rep\u00fablica Dominicana.<\/p>\n<p>Luego agradeci\u00f3 por la distinci\u00f3n, como <strong>tambi\u00e9n lo hizo Cass\u00e1 <\/strong>durante este encuentro \u00edntimo en el edificio de <strong>Logomarca<\/strong>.<\/p>\n<div class=\"read-more mb-7\">    <span class=\"block mb-2\">Leer m\u00e1s<\/span>    <\/p>\n<ul class=\"glosa\">\n<li>\n<h3><a href=\"https:\/\/www.diariolibre.com\/revista\/cultura\/2025\/02\/24\/eligen-a-ganadores-de-los-premios-caonabo-de-oro-2025\/3011150?utm_source=relacionadas&amp;utm_medium=nota&amp;utm_campaign=relacionadas\" title=\"Eligen a los ganadores de los premios Caonabo de Oro 2025\">Eligen a los ganadores de los premios Caonabo de Oro 2025<\/a><\/h3>\n<\/li>\n<\/ul>\n<\/div>\n<p><\/p>\n<p><\/p>\n<p><\/p>\n<p>\u200bEn el marco del\u00a040 aniversario de la empresa Logomarca, que preside Lorenzo G\u00f3mez Mar\u00edn, se ha reanudado el\u00a0Premio Pluma a la Excelencia Logomarca 2026.En esta ocasi\u00f3n reconoci\u00f3 la admirable trayectoria de profesionales ilustres como\u00a0Roberto Cass\u00e1 y Rafael Peralta Romero, as\u00ed como la periodista Edith Febles.Lorenzo G\u00f3mez Mar\u00edn expres\u00f3 que esta es la forma de lanzar el 40 aniversario de Logomarca. El premio se hab\u00eda iniciado en 2009 y se mantuvo vigente hasta 2014, cuando, por diversas razones de la coyuntura, se dej\u00f3 de entregar.Adem\u00e1s, dej\u00f3 saber que la iniciativa es coauspiciado por la empresa At Cross Company, que aporta la pluma fuente entregada a los ganadores, consiste en una placa de dise\u00f1o original grabada en l\u00e1ser sobre acr\u00edlico.Palabras de los reconocidoshttps:\/\/resources.diariolibre.com\/images\/2026\/04\/22\/img-20260421-wa0402-21776643.jpgLa distinci\u00f3n se realiz\u00f3 en el edificio de Logomarca. (SAMIL MATEO)Para el escritor Peralta Romero \"quien se descubre el don para escribir debe asumir la responsabilidad de hacerlo y aceptar que se trata de un compromiso con la sociedad. Cual que sea la rama de la escritura: ficci\u00f3n literaria, historia o periodismo, por ejemplo\", expres\u00f3.    El tambi\u00e9n miembro de n\u00famero de la Academia Dominicana de la Lengua calific\u00f3 la premiaci\u00f3n como \"la m\u00e1s alta valoraci\u00f3n de mi quehacer literario&#8230; \"Lo asumo como la m\u00e1s alta valoraci\u00f3n de mi quehacer literario\".En el momento de su discurso record\u00f3 sus inicios.Llegada la oportunidad de dirigirse a los presentes, Febles la acogi\u00f3 desde su rol period\u00edstica. Denunci\u00f3 y detall\u00f3 situaciones preocupantes, en su mayor\u00eda vinculada a la corrupci\u00f3n, que est\u00e1n afectando Rep\u00fablica Dominicana.Luego agradeci\u00f3 por la distinci\u00f3n, como tambi\u00e9n lo hizo Cass\u00e1 durante este encuentro \u00edntimo en el edificio de Logomarca.    Leer m\u00e1s                            Eligen a los ganadores de los premios Caonabo de Oro 2025\u00a0\u00a0Revista, Cultura, Mayra P\u00e9rez Castillo, Santo Domingo, Reconocimiento, Roberto Cass\u00e1, Premio Pluma a la Excelencia Logomarca 2026, Logomarca, Judith Febles, Rafael Romero Peralta\u00a0<\/p>\n","protected":false},"excerpt":{"rendered":"<p>En el marco del\u00a040 aniversario de la empresa Logomarca, que preside Lorenzo G\u00f3mez Mar\u00edn, se ha reanudado el\u00a0Premio Pluma a la Excelencia Logomarca 2026. En esta ocasi\u00f3n reconoci\u00f3 la admirable trayectoria de profesionales ilustres como\u00a0Roberto Cass\u00e1 y Rafael Peralta Romero, as\u00ed como la periodista Edith Febles. Lorenzo G\u00f3mez Mar\u00edn expres\u00f3 que esta es la forma [&hellip;]<\/p>\n","protected":false},"author":1,"featured_media":21732,"comment_status":"open","ping_status":"open","sticky":false,"template":"","format":"standard","meta":{"amp_status":"","footnotes":""},"categories":[9],"tags":[],"class_list":["post-22105","post","type-post","status-publish","format-standard","has-post-thumbnail","hentry","category-espectaculo"],"_links":{"self":[{"href":"https:\/\/ermdigital.com\/index.php?rest_route=\/wp\/v2\/posts\/22105","targetHints":{"allow":["GET"]}}],"collection":[{"href":"https:\/\/ermdigital.com\/index.php?rest_route=\/wp\/v2\/posts"}],"about":[{"href":"https:\/\/ermdigital.com\/index.php?rest_route=\/wp\/v2\/types\/post"}],"author":[{"embeddable":true,"href":"https:\/\/ermdigital.com\/index.php?rest_route=\/wp\/v2\/users\/1"}],"replies":[{"embeddable":true,"href":"https:\/\/ermdigital.com\/index.php?rest_route=%2Fwp%2Fv2%2Fcomments&post=22105"}],"version-history":[{"count":0,"href":"https:\/\/ermdigital.com\/index.php?rest_route=\/wp\/v2\/posts\/22105\/revisions"}],"wp:featuredmedia":[{"embeddable":true,"href":"https:\/\/ermdigital.com\/index.php?rest_route=\/wp\/v2\/media\/21732"}],"wp:attachment":[{"href":"https:\/\/ermdigital.com\/index.php?rest_route=%2Fwp%2Fv2%2Fmedia&parent=22105"}],"wp:term":[{"taxonomy":"category","embeddable":true,"href":"https:\/\/ermdigital.com\/index.php?rest_route=%2Fwp%2Fv2%2Fcategories&post=22105"},{"taxonomy":"post_tag","embeddable":true,"href":"https:\/\/ermdigital.com\/index.php?rest_route=%2Fwp%2Fv2%2Ftags&post=22105"}],"curies":[{"name":"wp","href":"https:\/\/api.w.org\/{rel}","templated":true}]}}