{"id":22038,"date":"2026-04-21T16:24:00","date_gmt":"2026-04-21T20:24:00","guid":{"rendered":"https:\/\/ermdigital.com\/index.php\/2026\/04\/21\/festival-de-cannes-rinde-homenaje-a-thelma-y-louise-35-anos-despues\/"},"modified":"2026-04-21T16:24:00","modified_gmt":"2026-04-21T20:24:00","slug":"festival-de-cannes-rinde-homenaje-a-thelma-y-louise-35-anos-despues","status":"publish","type":"post","link":"https:\/\/ermdigital.com\/?p=22038","title":{"rendered":"Festival de Cannes rinde homenaje a \"Thelma y Louise\" 35 a\u00f1os despu\u00e9s"},"content":{"rendered":"<p>Treinta y cinco a\u00f1os despu\u00e9s de su estreno, '<strong>Thelma y Louise<\/strong>' recibir\u00e1 el homenaje del <strong>Festival de Cannes<\/strong>, que les ha convertido en <strong>protagonistas<\/strong> del <strong>cartel oficial<\/strong> de su <strong>79 edici\u00f3n<\/strong>, anunci\u00f3 este martes la organizaci\u00f3n.<\/p>\n<p>Las dos <strong>protagonistas<\/strong>, \"combatientes habituales que dieron un golpe en la mesa e hicieron saltar por los a\u00edres algunos estereotipos cinematogr\u00e1ficos y pol\u00edticos\", son las estrellas del cartel, en un gui\u00f1o a la pel\u00edcula de <strong>Ridley Scott<\/strong> que se estren\u00f3 el 20 de mayo de <strong>1991<\/strong> en el certamen de la Costa Azul francesa.<\/p>\n<p>Ambas \"encarnaron la <strong>libertad absoluta<\/strong> y la <strong>amistad inquebrantable<\/strong>\" y \"mostraron la v\u00eda de la emancipaci\u00f3n cuando se convierte en vital\", destac\u00f3 la organizaci\u00f3n en un comunicado.<\/p>\n<p>\"Recordarlas ahora supone <strong>celebrar el camino<\/strong> recorrido sin ignorar lo que <strong>resta por hacer<\/strong>\", agrega el festival, cuya <strong>pr\u00f3xima edici\u00f3n<\/strong> tendr\u00e1 lugar entre el 12 y el 23 de mayo.<\/p>\n<p>El cartel muestra a una <strong>Louise<\/strong> que desaf\u00eda al espectador con la mirada, con un rev\u00f3lver en la espalda, mientras <strong>Thelma mira<\/strong> al horizonte tras unas gafas de sol, ambas sentadas en un <strong>Ford Thunderbird<\/strong> de 1966 descapotable, en el que recorrieron las carreteras en una fuga \"para inventar su propio futuro\", se\u00f1ala.<\/p>\n<div class=\"w-full pt-2 float-left inside-related\">    <span class=\"border-b border-black pb-3 mb-4 block\"><strong>RELACIONADAS<\/strong><\/span>                <\/p>\n<article class=\"flex flex-wrap border-b pb-4 mb-3 inline-block\">\n<div class=\"xl:w-2\/12 w-4\/12\">\n<figure class=\"mb-0\">                                                    <a href=\"https:\/\/www.diariolibre.com\/revista\/cine\/2026\/04\/19\/leila-bekhti-preside-jurado-un-certain-regard-en-cannes\/3507306?utm_source=relacionadas&amp;utm_medium=nota&amp;utm_campaign=relacionadas\" title=\"                                                                                                                            \">                                                                <img decoding=\"async\" loading=\"lazy\" src=\"https:\/\/resources.diariolibre.com\/images\/2026\/04\/19\/leila-bekhti-preside-jurado-un-certain-regard-en-cannes-2127ad37-focus-0-0-149-99.jpg\" width=\"149\" height=\"99\" title=\"El Festival de Cannes designa a la actriz Le\u00efla Bekhti como presidenta del jurado\" alt=\"El Festival de Cannes designa a la actriz Le\u00efla Bekhti como presidenta del jurado\" class=\"object-cover\">                                                            <\/a>                                            <\/figure>\n<\/p><\/div>\n<div class=\"xl:w-10\/12 w-8\/12 pl-3\">\n<div class=\"text-md mb-2 meta\">                        <a href=\"https:\/\/www.diariolibre.com\/revista\/cine\" title=\"Cine\">Cine<\/a>                    <\/div>\n<h2><a href=\"https:\/\/www.diariolibre.com\/revista\/cine\/2026\/04\/19\/leila-bekhti-preside-jurado-un-certain-regard-en-cannes\/3507306?utm_source=relacionadas&amp;utm_medium=nota&amp;utm_campaign=relacionadas\" title=\"El Festival de Cannes designa a la actriz Le\u00efla Bekhti como presidenta del jurado\">El Festival de Cannes designa a la actriz Le\u00efla Bekhti como presidenta del jurado<\/a><\/h2>\n<\/p><\/div>\n<\/article>\n<article class=\"flex flex-wrap border-b pb-4 mb-3 inline-block\">\n<div class=\"xl:w-2\/12 w-4\/12\">\n<figure class=\"mb-0\">                                                    <a href=\"https:\/\/www.diariolibre.com\/revista\/cultura\/2026\/04\/15\/isabel-huppert-revive-caso-de-mujer-mas-rica-del-mundo\/3503184?utm_source=relacionadas&amp;utm_medium=nota&amp;utm_campaign=relacionadas\" title=\"                                                                                                                            \">                                                                <img decoding=\"async\" loading=\"lazy\" src=\"https:\/\/resources.diariolibre.com\/images\/2026\/04\/15\/isabel-huppert-revive-caso-de-mujer-mas-rica-del-mundo-5185352d-focus-0.25-0.25-149-99.jpg\" width=\"149\" height=\"99\" title=\"Isabelle Huppert revive el caso de la mujer m\u00e1s rica del mundo: No es solo un biopic\" alt=\"Isabelle Huppert revive el caso de la mujer m\u00e1s rica del mundo: No es solo un biopic\" class=\"object-cover\">                                                            <\/a>                                            <\/figure>\n<\/p><\/div>\n<div class=\"xl:w-10\/12 w-8\/12 pl-3\">\n<div class=\"text-md mb-2 meta\">                        <a href=\"https:\/\/www.diariolibre.com\/revista\/cultura\" title=\"Cultura\">Cultura<\/a>                    <\/div>\n<h2><a href=\"https:\/\/www.diariolibre.com\/revista\/cultura\/2026\/04\/15\/isabel-huppert-revive-caso-de-mujer-mas-rica-del-mundo\/3503184?utm_source=relacionadas&amp;utm_medium=nota&amp;utm_campaign=relacionadas\" title=\"Isabelle Huppert revive el caso de la mujer m\u00e1s rica del mundo: No es solo un biopic\">Isabelle Huppert revive el caso de la mujer m\u00e1s rica del mundo: \"No es solo un biopic\"<\/a><\/h2>\n<\/p><\/div>\n<\/article><\/div>\n<p>El Festival recuerda que en <strong>1991<\/strong> afront\u00f3 \"<strong>tem\u00e1ticas vanguardistas<\/strong> que todav\u00eda se mantienen en la <strong>actualidad<\/strong>\".<\/p>\n<p>Scott aterriz\u00f3 en Cannes por vez primera en 1977 con su primera pel\u00edcula, '<strong>The Duellists<\/strong>', que se alz\u00f3 con el premio del jurado a la mejor \u00f3pera prima, y en <strong>1991<\/strong> con su s\u00e9ptimo largometraje, este 'road movie' que invierte los papeles y da el protagonismo a dos mujeres.<\/p>\n<p>\u200bTreinta y cinco a\u00f1os despu\u00e9s de su estreno, 'Thelma y Louise' recibir\u00e1 el homenaje del Festival de Cannes, que les ha convertido en protagonistas del cartel oficial de su 79 edici\u00f3n, anunci\u00f3 este martes la organizaci\u00f3n.Las dos protagonistas, \"combatientes habituales que dieron un golpe en la mesa e hicieron saltar por los a\u00edres algunos estereotipos cinematogr\u00e1ficos y pol\u00edticos\", son las estrellas del cartel, en un gui\u00f1o a la pel\u00edcula de Ridley Scott que se estren\u00f3 el 20 de mayo de 1991 en el certamen de la Costa Azul francesa.Ambas \"encarnaron la libertad absoluta y la amistad inquebrantable\" y \"mostraron la v\u00eda de la emancipaci\u00f3n cuando se convierte en vital\", destac\u00f3 la organizaci\u00f3n en un comunicado.\"Recordarlas ahora supone celebrar el camino recorrido sin ignorar lo que resta por hacer\", agrega el festival, cuya pr\u00f3xima edici\u00f3n tendr\u00e1 lugar entre el 12 y el 23 de mayo.El cartel muestra a una Louise que desaf\u00eda al espectador con la mirada, con un rev\u00f3lver en la espalda, mientras Thelma mira al horizonte tras unas gafas de sol, ambas sentadas en un Ford Thunderbird de 1966 descapotable, en el que recorrieron las carreteras en una fuga \"para inventar su propio futuro\", se\u00f1ala.    RELACIONADAS                                                                                                                                                                                                                                                                                                                                                            Cine                                        El Festival de Cannes designa a la actriz Le\u00efla Bekhti como presidenta del jurado                                                                                                                                                                                                                                                                                                                                                                                            Cultura                                        Isabelle Huppert revive el caso de la mujer m\u00e1s rica del mundo: \"No es solo un biopic\"                                    El Festival recuerda que en 1991 afront\u00f3 \"tem\u00e1ticas vanguardistas que todav\u00eda se mantienen en la actualidad\".Scott aterriz\u00f3 en Cannes por vez primera en 1977 con su primera pel\u00edcula, 'The Duellists', que se alz\u00f3 con el premio del jurado a la mejor \u00f3pera prima, y en 1991 con su s\u00e9ptimo largometraje, este 'road movie' que invierte los papeles y da el protagonismo a dos mujeres.\u00a0\u00a0Revista, Cine, EFE, Par\u00eds, Festival de Cannes, rinde homenaje, Thelma, Louise, cartel oficial\u00a0<\/p>\n","protected":false},"excerpt":{"rendered":"<p>Treinta y cinco a\u00f1os despu\u00e9s de su estreno, 'Thelma y Louise' recibir\u00e1 el homenaje del Festival de Cannes, que les ha convertido en protagonistas del cartel oficial de su 79 edici\u00f3n, anunci\u00f3 este martes la organizaci\u00f3n. Las dos protagonistas, \"combatientes habituales que dieron un golpe en la mesa e hicieron saltar por los a\u00edres algunos [&hellip;]<\/p>\n","protected":false},"author":1,"featured_media":21644,"comment_status":"open","ping_status":"open","sticky":false,"template":"","format":"standard","meta":{"amp_status":"","footnotes":""},"categories":[9],"tags":[],"class_list":["post-22038","post","type-post","status-publish","format-standard","has-post-thumbnail","hentry","category-espectaculo"],"_links":{"self":[{"href":"https:\/\/ermdigital.com\/index.php?rest_route=\/wp\/v2\/posts\/22038","targetHints":{"allow":["GET"]}}],"collection":[{"href":"https:\/\/ermdigital.com\/index.php?rest_route=\/wp\/v2\/posts"}],"about":[{"href":"https:\/\/ermdigital.com\/index.php?rest_route=\/wp\/v2\/types\/post"}],"author":[{"embeddable":true,"href":"https:\/\/ermdigital.com\/index.php?rest_route=\/wp\/v2\/users\/1"}],"replies":[{"embeddable":true,"href":"https:\/\/ermdigital.com\/index.php?rest_route=%2Fwp%2Fv2%2Fcomments&post=22038"}],"version-history":[{"count":0,"href":"https:\/\/ermdigital.com\/index.php?rest_route=\/wp\/v2\/posts\/22038\/revisions"}],"wp:featuredmedia":[{"embeddable":true,"href":"https:\/\/ermdigital.com\/index.php?rest_route=\/wp\/v2\/media\/21644"}],"wp:attachment":[{"href":"https:\/\/ermdigital.com\/index.php?rest_route=%2Fwp%2Fv2%2Fmedia&parent=22038"}],"wp:term":[{"taxonomy":"category","embeddable":true,"href":"https:\/\/ermdigital.com\/index.php?rest_route=%2Fwp%2Fv2%2Fcategories&post=22038"},{"taxonomy":"post_tag","embeddable":true,"href":"https:\/\/ermdigital.com\/index.php?rest_route=%2Fwp%2Fv2%2Ftags&post=22038"}],"curies":[{"name":"wp","href":"https:\/\/api.w.org\/{rel}","templated":true}]}}