{"id":22001,"date":"2026-04-21T12:34:00","date_gmt":"2026-04-21T16:34:00","guid":{"rendered":"https:\/\/ermdigital.com\/index.php\/2026\/04\/21\/carlos-vives-y-juan-luis-guerra-se-unen-por-primera-vez\/"},"modified":"2026-04-21T12:34:00","modified_gmt":"2026-04-21T16:34:00","slug":"carlos-vives-y-juan-luis-guerra-se-unen-por-primera-vez","status":"publish","type":"post","link":"https:\/\/ermdigital.com\/?p=22001","title":{"rendered":"Carlos Vives y Juan Luis Guerra se unen por primera vez"},"content":{"rendered":"<p>El cantante colombiano <strong>Carlos Vives<\/strong> present\u00f3 este martes su <strong>nuevo sencillo<\/strong> \"<strong>Buscando el mar<\/strong>\", una esperada <strong>colaboraci\u00f3n<\/strong> con el dominicano <strong>Juan Luis Guerra<\/strong> que rinde tributo al universo literario de <strong>Gabriel Garc\u00eda M\u00e1rquez<\/strong> y toma como inspiraci\u00f3n \"Cien a\u00f1os de <strong>soledad<\/strong>\".<\/p>\n<p>La <strong>canci\u00f3n<\/strong> retoma la historia del m\u00edtico pueblo de <strong>Macondo<\/strong> para transformarlo en un <strong>relato musical<\/strong> sobre la b\u00fasqueda, la <strong>nostalgia<\/strong> y la libertad, detalla un comunicado.<\/p>\n<p>El tema fue creado por <strong>Carlos Vives<\/strong>, <strong>Carlos Gardel<\/strong> y Hugo Huertas como un homenaje al Nobel colombiano, utilizando la figura de un personaje que anhela llegar al mar como met\u00e1fora de libertad.<\/p>\n<p>La propuesta combina <strong>ritmos caribe\u00f1os<\/strong> y <strong>pop<\/strong> con una <strong>instrumentaci\u00f3n<\/strong> que incluye percusiones, guitarras y piano.<\/p>\n<p>\"Durante la construcci\u00f3n de la <strong>canci\u00f3n<\/strong> surgi\u00f3 la intenci\u00f3n de trabajar con el maestro <strong>Juan Luis Guerra<\/strong>, a quien se le envi\u00f3 la idea, la cual fue recibida con entusiasmo, sum\u00e1ndose junto a su (agrupaci\u00f3n) 440 al resultado final de esta mezcla entre su <strong>alegr\u00eda caracter\u00edstica<\/strong> y la <strong>nostalgia<\/strong> de los personajes de <strong>Macondo<\/strong>, especialmente la de ese hombre que buscaba el mar\", dijo Vives en la nota.<\/p>\n<div class=\"social-embed mb-4\">\n<blockquote class=\"instagram-media\" data-instgrm-captioned=\"\" data-instgrm-permalink=\"https:\/\/www.instagram.com\/reel\/DXPrvG1Deeh\/?utm_source=ig_embed&amp;utm_campaign=loading\" data-instgrm-version=\"14\">\n<div> <a href=\"https:\/\/www.instagram.com\/reel\/DXPrvG1Deeh\/?utm_source=ig_embed&amp;utm_campaign=loading\" target=\"_blank\" title=\"       View this post on Instagram            \" rel=\"nofollow noopener noreferrer\"> <\/p>\n<div>\n<div><\/div>\n<div>\n<div><\/div>\n<div><\/div>\n<\/div>\n<\/div>\n<div><\/div>\n<div><\/div>\n<div>\n<div>View this post on Instagram<\/div>\n<\/div>\n<div><\/div>\n<div>\n<div>\n<div><\/div>\n<div><\/div>\n<div><\/div>\n<\/div>\n<div>\n<div><\/div>\n<div><\/div>\n<\/div>\n<div>\n<div><\/div>\n<div><\/div>\n<div><\/div>\n<\/div>\n<\/div>\n<div>\n<div><\/div>\n<div><\/div>\n<\/div>\n<p><\/a><\/p>\n<p><a href=\"https:\/\/www.instagram.com\/reel\/DXPrvG1Deeh\/?utm_source=ig_embed&amp;utm_campaign=loading\" target=\"_blank\" title=\"A post shared by Carlos Vives (@carlosvives)\" rel=\"nofollow noopener noreferrer\">A post shared by Carlos Vives (@carlosvives)<\/a><\/p>\n<\/div>\n<\/blockquote>\n<div class=\"lazyload\" data-script=\"https:\/\/www.instagram.com\/embed.js\"><\/div>\n<\/div>\n<p>La <strong>canci\u00f3n<\/strong>, que inicialmente llevaba el nombre '<strong>La ci\u00e9naga del tiempo<\/strong>', evolucion\u00f3 a '<strong>Buscando el mar<\/strong>' tras la incorporaci\u00f3n de Guerra, quien propuso el nuevo t\u00edtulo.<\/p>\n<p>El tema tambi\u00e9n tiene un valor emocional especial para Vives, ya que incluye la <strong>\u00faltima interpretaci\u00f3n<\/strong> de <strong>acorde\u00f3n<\/strong> de <strong>Egidio Cuadrado<\/strong>, antes de su fallecimiento.<\/p>\n<p>\"Yo sigo <strong>buscando el mar<\/strong> y tu coraz\u00f3n no est\u00e1 en esta barca perdida en la <strong>soledad<\/strong> \/ Yo sigo <strong>buscando el mar<\/strong> y tu coraz\u00f3n no est\u00e1, como quisiera en la vida volver a empezar\", dice el <strong>coro<\/strong>.<\/p>\n<p>\"He admirado la <strong>m\u00fasica<\/strong> y la carrera de Carlos por muchos a\u00f1os, al igual que la <strong>m\u00fasica colombiana<\/strong>. Ya era necesario hacer esta <strong>colaboraci\u00f3n<\/strong> entre Carlos y yo. Este es el momento y el tema perfecto para cantar juntos\", expres\u00f3 por su parte <strong>Juan Luis Guerra<\/strong>.<\/p>\n<p>El <strong>lanzamiento<\/strong> llega acompa\u00f1ado de un <strong>video<\/strong> que combina im\u00e1genes del pasado y presente de ambos artistas junto con la <strong>letra de la canci\u00f3n<\/strong>.<\/p>\n<h2>M\u00e1s<\/h2>\n<ul>\n<li>\"<strong>Buscando el mar<\/strong>\" es el segundo adelanto de \"<strong>El \u00faltimo disco<\/strong>\", un \u00e1lbum concebido como una colecci\u00f3n de canciones para compartir y recordar <strong>valores esenciales<\/strong>.<\/li>\n<li>Antes de este estreno, Vives present\u00f3 \"<strong>Te dedico<\/strong>\", una <strong>propuesta \u00edntima<\/strong> centrada en la <strong>gratitud<\/strong> y el regreso a lo esencial.<\/li>\n<\/ul>\n<div class=\"read-more mb-7\">    <span class=\"block mb-2\">Leer m\u00e1s<\/span>    <\/p>\n<ul class=\"glosa\">\n<li>\n<h3><a href=\"https:\/\/www.diariolibre.com\/revista\/musica\/2026\/04\/02\/el-esperado-cruce-musical-entre-kany-garcia-y-juan-luis-guerra\/3490132?utm_source=relacionadas&amp;utm_medium=nota&amp;utm_campaign=relacionadas\" title=\"\u201cAmor bonito\u201d: el esperado cruce musical entre Kany Garc\u00eda y Juan Luis Guerra\">\u201cAmor bonito\u201d: el esperado cruce musical entre Kany Garc\u00eda y Juan Luis Guerra<\/a><\/h3>\n<\/li>\n<\/ul>\n<\/div>\n<p><\/p>\n<p>\u200bEl cantante colombiano Carlos Vives present\u00f3 este martes su nuevo sencillo \"Buscando el mar\", una esperada colaboraci\u00f3n con el dominicano Juan Luis Guerra que rinde tributo al universo literario de Gabriel Garc\u00eda M\u00e1rquez y toma como inspiraci\u00f3n \"Cien a\u00f1os de soledad\".La canci\u00f3n retoma la historia del m\u00edtico pueblo de Macondo para transformarlo en un relato musical sobre la b\u00fasqueda, la nostalgia y la libertad, detalla un comunicado.El tema fue creado por Carlos Vives, Carlos Gardel y Hugo Huertas como un homenaje al Nobel colombiano, utilizando la figura de un personaje que anhela llegar al mar como met\u00e1fora de libertad.La propuesta combina ritmos caribe\u00f1os y pop con una instrumentaci\u00f3n que incluye percusiones, guitarras y piano.\"Durante la construcci\u00f3n de la canci\u00f3n surgi\u00f3 la intenci\u00f3n de trabajar con el maestro Juan Luis Guerra, a quien se le envi\u00f3 la idea, la cual fue recibida con entusiasmo, sum\u00e1ndose junto a su (agrupaci\u00f3n) 440 al resultado final de esta mezcla entre su alegr\u00eda caracter\u00edstica y la nostalgia de los personajes de Macondo, especialmente la de ese hombre que buscaba el mar\", dijo Vives en la nota.        View this post on Instagram            A post shared by Carlos Vives (@carlosvives) La canci\u00f3n, que inicialmente llevaba el nombre 'La ci\u00e9naga del tiempo', evolucion\u00f3 a 'Buscando el mar' tras la incorporaci\u00f3n de Guerra, quien propuso el nuevo t\u00edtulo.El tema tambi\u00e9n tiene un valor emocional especial para Vives, ya que incluye la \u00faltima interpretaci\u00f3n de acorde\u00f3n de Egidio Cuadrado, antes de su fallecimiento.\"Yo sigo buscando el mar y tu coraz\u00f3n no est\u00e1 en esta barca perdida en la soledad \/ Yo sigo buscando el mar y tu coraz\u00f3n no est\u00e1, como quisiera en la vida volver a empezar\", dice el coro.\"He admirado la m\u00fasica y la carrera de Carlos por muchos a\u00f1os, al igual que la m\u00fasica colombiana. Ya era necesario hacer esta colaboraci\u00f3n entre Carlos y yo. Este es el momento y el tema perfecto para cantar juntos\", expres\u00f3 por su parte Juan Luis Guerra.El lanzamiento llega acompa\u00f1ado de un video que combina im\u00e1genes del pasado y presente de ambos artistas junto con la letra de la canci\u00f3n.M\u00e1s    \"Buscando el mar\" es el segundo adelanto de \"El \u00faltimo disco\", un \u00e1lbum concebido como una colecci\u00f3n de canciones para compartir y recordar valores esenciales.    Antes de este estreno, Vives present\u00f3 \"Te dedico\", una propuesta \u00edntima centrada en la gratitud y el regreso a lo esencial.    Leer m\u00e1s                            \u201cAmor bonito\u201d: el esperado cruce musical entre Kany Garc\u00eda y Juan Luis Guerra\u00a0\u00a0Revista, M\u00fasica, EFE, Miami, Canci\u00f3n, Juan Luis Guerra, Gabriel Garc\u00eda M\u00e1rquez, Carlos Vives\u00a0<\/p>\n","protected":false},"excerpt":{"rendered":"<p>El cantante colombiano Carlos Vives present\u00f3 este martes su nuevo sencillo \"Buscando el mar\", una esperada colaboraci\u00f3n con el dominicano Juan Luis Guerra que rinde tributo al universo literario de Gabriel Garc\u00eda M\u00e1rquez y toma como inspiraci\u00f3n \"Cien a\u00f1os de soledad\". La canci\u00f3n retoma la historia del m\u00edtico pueblo de Macondo para transformarlo en un [&hellip;]<\/p>\n","protected":false},"author":1,"featured_media":21483,"comment_status":"open","ping_status":"open","sticky":false,"template":"","format":"standard","meta":{"amp_status":"","footnotes":""},"categories":[9],"tags":[],"class_list":["post-22001","post","type-post","status-publish","format-standard","has-post-thumbnail","hentry","category-espectaculo"],"_links":{"self":[{"href":"https:\/\/ermdigital.com\/index.php?rest_route=\/wp\/v2\/posts\/22001","targetHints":{"allow":["GET"]}}],"collection":[{"href":"https:\/\/ermdigital.com\/index.php?rest_route=\/wp\/v2\/posts"}],"about":[{"href":"https:\/\/ermdigital.com\/index.php?rest_route=\/wp\/v2\/types\/post"}],"author":[{"embeddable":true,"href":"https:\/\/ermdigital.com\/index.php?rest_route=\/wp\/v2\/users\/1"}],"replies":[{"embeddable":true,"href":"https:\/\/ermdigital.com\/index.php?rest_route=%2Fwp%2Fv2%2Fcomments&post=22001"}],"version-history":[{"count":0,"href":"https:\/\/ermdigital.com\/index.php?rest_route=\/wp\/v2\/posts\/22001\/revisions"}],"wp:featuredmedia":[{"embeddable":true,"href":"https:\/\/ermdigital.com\/index.php?rest_route=\/wp\/v2\/media\/21483"}],"wp:attachment":[{"href":"https:\/\/ermdigital.com\/index.php?rest_route=%2Fwp%2Fv2%2Fmedia&parent=22001"}],"wp:term":[{"taxonomy":"category","embeddable":true,"href":"https:\/\/ermdigital.com\/index.php?rest_route=%2Fwp%2Fv2%2Fcategories&post=22001"},{"taxonomy":"post_tag","embeddable":true,"href":"https:\/\/ermdigital.com\/index.php?rest_route=%2Fwp%2Fv2%2Ftags&post=22001"}],"curies":[{"name":"wp","href":"https:\/\/api.w.org\/{rel}","templated":true}]}}