{"id":21968,"date":"2026-04-21T12:21:00","date_gmt":"2026-04-21T16:21:00","guid":{"rendered":"https:\/\/ermdigital.com\/index.php\/2026\/04\/21\/ciclo-lecturas-de-llerena-continua-con-obra-premiada-de-frank-disla\/"},"modified":"2026-04-21T12:21:00","modified_gmt":"2026-04-21T16:21:00","slug":"ciclo-lecturas-de-llerena-continua-con-obra-premiada-de-frank-disla","status":"publish","type":"post","link":"https:\/\/ermdigital.com\/?p=21968","title":{"rendered":"Ciclo Lecturas de Llerena contin\u00faa con obra premiada de Frank Disla"},"content":{"rendered":"<p>La <strong>Compa\u00f1\u00eda Nacional de Teatro<\/strong>, adscrita a la Direcci\u00f3n General de Bellas Artes, <strong>retoma<\/strong> su ciclo \u201c<strong>Lecturas de Llerena<\/strong>\u201d, una iniciativa dedicada a la difusi\u00f3n de textos teatrales reconocidos con el <strong>Premio Anual de Teatro Crist\u00f3bal de Llerena<\/strong>, otorgado por el Ministerio de Cultura.<\/p>\n<p>En esta ocasi\u00f3n, el programa presenta la <strong>lectura dramatizada<\/strong> de la obra \u201c<strong>Un b\u00fafalo de El Paso, Texas<\/strong>\u201d, del dramaturgo <strong>Frank Disla<\/strong>, galardonada en el a\u00f1o 2005.<\/p>\n<p>La actividad tendr\u00e1 lugar el <strong>jueves 30 de abril<\/strong>, a las 7:00 de la noche, en la <strong>Sala La Dram\u00e1tica<\/strong> del <strong>Palacio de Bellas Artes<\/strong>, en el marco de la conmemoraci\u00f3n del <strong>80 aniversario<\/strong> de la <strong>Compa\u00f1\u00eda Nacional de Teatro<\/strong>.<\/p>\n<p>La lectura contar\u00e1 con las actuaciones de <strong>Pachy M\u00e9ndez<\/strong> y <strong>Ernesto B\u00e1ez<\/strong>, bajo la <strong>direcci\u00f3n de Fausto Rojas<\/strong>, quienes explorar\u00e1n los matices y la profundidad de la obra a trav\u00e9s del formato de <strong>lectura dramatizada<\/strong>.<\/p>\n<figure class=\"inline-block\">\n<div class=\"expand-img-placeholder\"><img loading=\"lazy\" decoding=\"async\" src=\"https:\/\/resources.diariolibre.com\/images\/expand.svg\" alt=\"Expandir imagen\" width=\"20\" height=\"20\"><span class=\"rutaimagenoriginal-placeholder\">https:\/\/resources.diariolibre.com\/images\/2026\/04\/21\/img0053-scaled-1-23ff3c7a.jpg<\/span><\/div>\n<p><img decoding=\"async\" loading=\"lazy\" src=\"https:\/\/resources.diariolibre.com\/images\/2026\/04\/21\/img0053-scaled-1-23ff3c7a.jpg\" width=\"auto\" height=\"350\" alt=\"Infograf\u00eda\" class=\"mx-auto\"><figcaption><span>Foto de archivo del dramaturgo Frank Disla. (Fuente externa)<\/span><\/figcaption><\/figure>\n<h2>M\u00e1s<\/h2>\n<ul>\n<li>Este ciclo reafirma el compromiso de la instituci\u00f3n con la promoci\u00f3n de la dramaturgia dominicana, acercando al p\u00fablico a obras premiadas mediante propuestas esc\u00e9nicas que resaltan su valor literario y teatral. Asimismo, \u201c<strong>Lecturas de Llerena<\/strong>\u201d se consolida como un espacio de encuentro entre creadores, int\u00e9rpretes y espectadores, contribuyendo a la preservaci\u00f3n y difusi\u00f3n de la memoria teatral del pa\u00eds.<\/li>\n<\/ul>\n<div class=\"read-more mb-7\">    <span class=\"block mb-2\">Leer m\u00e1s<\/span>    <\/p>\n<ul class=\"glosa\">\n<li>\n<h3><a href=\"https:\/\/www.diariolibre.com\/revista\/cultura\/2026\/02\/26\/casa-de-teatro-anuncia-ciclo-de-cine-dominicano\/3450117?utm_source=relacionadas&amp;utm_medium=nota&amp;utm_campaign=relacionadas\" title=\"Casa de Teatro anuncia ciclo de cine dominicano con 20 pel\u00edculas\">Casa de Teatro anuncia ciclo de cine dominicano con 20 pel\u00edculas<\/a><\/h3>\n<\/li>\n<\/ul>\n<\/div>\n<p><\/p>\n<p><\/p>\n<p>\u200bLa Compa\u00f1\u00eda Nacional de Teatro, adscrita a la Direcci\u00f3n General de Bellas Artes, retoma su ciclo \u201cLecturas de Llerena\u201d, una iniciativa dedicada a la difusi\u00f3n de textos teatrales reconocidos con el Premio Anual de Teatro Crist\u00f3bal de Llerena, otorgado por el Ministerio de Cultura.En esta ocasi\u00f3n, el programa presenta la lectura dramatizada de la obra \u201cUn b\u00fafalo de El Paso, Texas\u201d, del dramaturgo Frank Disla, galardonada en el a\u00f1o 2005.La actividad tendr\u00e1 lugar el jueves 30 de abril, a las 7:00 de la noche, en la Sala La Dram\u00e1tica del Palacio de Bellas Artes, en el marco de la conmemoraci\u00f3n del 80 aniversario de la Compa\u00f1\u00eda Nacional de Teatro.La lectura contar\u00e1 con las actuaciones de Pachy M\u00e9ndez y Ernesto B\u00e1ez, bajo la direcci\u00f3n de Fausto Rojas, quienes explorar\u00e1n los matices y la profundidad de la obra a trav\u00e9s del formato de lectura dramatizada.https:\/\/resources.diariolibre.com\/images\/2026\/04\/21\/img0053-scaled-1-23ff3c7a.jpgFoto de archivo del dramaturgo Frank Disla. (Fuente externa)M\u00e1s    Este ciclo reafirma el compromiso de la instituci\u00f3n con la promoci\u00f3n de la dramaturgia dominicana, acercando al p\u00fablico a obras premiadas mediante propuestas esc\u00e9nicas que resaltan su valor literario y teatral. Asimismo, \u201cLecturas de Llerena\u201d se consolida como un espacio de encuentro entre creadores, int\u00e9rpretes y espectadores, contribuyendo a la preservaci\u00f3n y difusi\u00f3n de la memoria teatral del pa\u00eds.    Leer m\u00e1s                            Casa de Teatro anuncia ciclo de cine dominicano con 20 pel\u00edculas\u00a0\u00a0Revista, Cultura, Diario Libre, Santo Domingo, Teatro, Palacio de Bellas Artes, Compa\u00f1\u00eda Nacional de Teatro, Lecturas de Llerena\u00a0<\/p>\n","protected":false},"excerpt":{"rendered":"<p>La Compa\u00f1\u00eda Nacional de Teatro, adscrita a la Direcci\u00f3n General de Bellas Artes, retoma su ciclo \u201cLecturas de Llerena\u201d, una iniciativa dedicada a la difusi\u00f3n de textos teatrales reconocidos con el Premio Anual de Teatro Crist\u00f3bal de Llerena, otorgado por el Ministerio de Cultura. En esta ocasi\u00f3n, el programa presenta la lectura dramatizada de la [&hellip;]<\/p>\n","protected":false},"author":1,"featured_media":21485,"comment_status":"open","ping_status":"open","sticky":false,"template":"","format":"standard","meta":{"amp_status":"","footnotes":""},"categories":[9],"tags":[],"class_list":["post-21968","post","type-post","status-publish","format-standard","has-post-thumbnail","hentry","category-espectaculo"],"_links":{"self":[{"href":"https:\/\/ermdigital.com\/index.php?rest_route=\/wp\/v2\/posts\/21968","targetHints":{"allow":["GET"]}}],"collection":[{"href":"https:\/\/ermdigital.com\/index.php?rest_route=\/wp\/v2\/posts"}],"about":[{"href":"https:\/\/ermdigital.com\/index.php?rest_route=\/wp\/v2\/types\/post"}],"author":[{"embeddable":true,"href":"https:\/\/ermdigital.com\/index.php?rest_route=\/wp\/v2\/users\/1"}],"replies":[{"embeddable":true,"href":"https:\/\/ermdigital.com\/index.php?rest_route=%2Fwp%2Fv2%2Fcomments&post=21968"}],"version-history":[{"count":0,"href":"https:\/\/ermdigital.com\/index.php?rest_route=\/wp\/v2\/posts\/21968\/revisions"}],"wp:featuredmedia":[{"embeddable":true,"href":"https:\/\/ermdigital.com\/index.php?rest_route=\/wp\/v2\/media\/21485"}],"wp:attachment":[{"href":"https:\/\/ermdigital.com\/index.php?rest_route=%2Fwp%2Fv2%2Fmedia&parent=21968"}],"wp:term":[{"taxonomy":"category","embeddable":true,"href":"https:\/\/ermdigital.com\/index.php?rest_route=%2Fwp%2Fv2%2Fcategories&post=21968"},{"taxonomy":"post_tag","embeddable":true,"href":"https:\/\/ermdigital.com\/index.php?rest_route=%2Fwp%2Fv2%2Ftags&post=21968"}],"curies":[{"name":"wp","href":"https:\/\/api.w.org\/{rel}","templated":true}]}}