{"id":21920,"date":"2026-04-21T11:45:00","date_gmt":"2026-04-21T15:45:00","guid":{"rendered":"https:\/\/ermdigital.com\/index.php\/2026\/04\/21\/madonna-denuncia-robo-de-vestuario-tras-presentacion-en-coachella\/"},"modified":"2026-04-21T11:45:00","modified_gmt":"2026-04-21T15:45:00","slug":"madonna-denuncia-robo-de-vestuario-tras-presentacion-en-coachella","status":"publish","type":"post","link":"https:\/\/ermdigital.com\/?p=21920","title":{"rendered":"Madonna denuncia robo de vestuario tras presentaci\u00f3n en Coachella"},"content":{"rendered":"<p>La <strong>cantante<\/strong> <strong>Madonna<\/strong> report\u00f3 la <strong>desaparici\u00f3n<\/strong> de diversas piezas de vestuario tras su reciente participaci\u00f3n en el <strong>festival Coachella<\/strong>, donde realiz\u00f3 una aparici\u00f3n sorpresa junto a <strong>Sabrina Carpenter<\/strong>.<\/p>\n<p>De acuerdo con lo expresado por la artista a trav\u00e9s de sus redes sociales, entre los art\u00edculos extraviados se encuentran una <strong>chaqueta<\/strong>, un <strong>cors\u00e9<\/strong> y un vestido de estilo vintage, todos pertenecientes a su archivo personal. <strong>Madonna<\/strong> enfatiz\u00f3 el valor simb\u00f3lico de estas <strong>prendas<\/strong>, al considerarlas parte fundamental de su legado art\u00edstico.<\/p>\n<p>\u201cEste momento tan significativo se vio opacado cuando descubr\u00ed que las <strong>prendas vintage<\/strong> que us\u00e9 hab\u00edan desaparecido. No son solo ropa, son parte de mi historia\u201d, manifest\u00f3 la int\u00e9rprete, quien tambi\u00e9n se\u00f1al\u00f3 la p\u00e9rdida de otros objetos de la misma \u00e9poca.<\/p>\n<p>Ante la situaci\u00f3n, la artista hizo un <strong>llamado p\u00fablico<\/strong> para localizar los art\u00edculos, ofreciendo una <strong>recompensa<\/strong> a quien facilite informaci\u00f3n que permita su <strong>devoluci\u00f3n<\/strong>.<\/p>\n<p>La presentaci\u00f3n de <strong>Madonna<\/strong> tuvo lugar durante el espect\u00e1culo de <strong>Sabrina Carpenter<\/strong>, espec\u00edficamente en la interpretaci\u00f3n del <strong>tema \u201cJuno\u201d<\/strong>. En ese momento, la presentaci\u00f3n dio paso a <strong>\u201cVogue\u201d<\/strong>, uno de los mayores \u00e9xitos de la <strong>cantante<\/strong>, marcando su ingreso al escenario ante la ovaci\u00f3n del p\u00fablico.<\/p>\n<figure class=\"my-12 component infografia\">\n<div class=\"expand-img-placeholder\"><img loading=\"lazy\" decoding=\"async\" src=\"https:\/\/resources.diariolibre.com\/images\/expand.svg\" alt=\"Expandir imagen\" width=\"20\" height=\"20\"><span class=\"rutaimagenoriginal-placeholder\">https:\/\/resources.diariolibre.com\/images\/2026\/04\/21\/sandra-bullock-y-jesse-james-4-bbfe3253.jpg<\/span><\/div>\n<p><img decoding=\"async\" loading=\"lazy\" src=\"https:\/\/resources.diariolibre.com\/images\/2026\/04\/21\/sandra-bullock-y-jesse-james-4-bbfe3253.jpg\" width=\"auto\" height=\"350\" alt=\"Infograf\u00eda\" class=\"mx-auto\"><\/figure>\n<p>El evento tambi\u00e9n sirvi\u00f3 como adelanto de su pr\u00f3ximo proyecto discogr\u00e1fico, <strong>Confessions II<\/strong>, secuela de su \u00e1lbum de 2005 Confessions on a Dance Floor. El regreso a <strong>Coachella<\/strong> posee un car\u00e1cter simb\u00f3lico para la artista, quien present\u00f3 ese trabajo por primera vez en dicho festival en 2006.<\/p>\n<div class=\"w-full pt-2 float-left inside-related\">    <span class=\"border-b border-black pb-3 mb-4 block\"><strong>RELACIONADAS<\/strong><\/span>                <\/p>\n<article class=\"flex flex-wrap border-b pb-4 mb-3 inline-block\">\n<div class=\"xl:w-2\/12 w-4\/12\">\n<figure class=\"mb-0\">                                                    <a href=\"https:\/\/www.diariolibre.com\/revista\/musica\/2026\/04\/18\/madonna-y-sabrina-carpenter-se-presentaron-juntas-en-coachella\/3506869?utm_source=relacionadas&amp;utm_medium=nota&amp;utm_campaign=relacionadas\" title=\"                                                                                                                            \">                                                                <img decoding=\"async\" loading=\"lazy\" src=\"https:\/\/resources.diariolibre.com\/images\/2026\/04\/18\/madonna-y-sabrina-carpenter-se-presentaron-juntas-en-coachella-f7d1c6ee-focus-min0.18-0.53-149-99.jpg\" width=\"149\" height=\"99\" title=\"Video | Madonna reaparece en Coachella junto a Sabrina Carpenter en actuaci\u00f3n conjunta\" alt=\"Video | Madonna reaparece en Coachella junto a Sabrina Carpenter en actuaci\u00f3n conjunta\" class=\"object-cover\">                                                            <\/a>                                            <\/figure>\n<\/p><\/div>\n<div class=\"xl:w-10\/12 w-8\/12 pl-3\">\n<div class=\"text-md mb-2 meta\">                        <a href=\"https:\/\/www.diariolibre.com\/revista\/musica\" title=\"M\u00fasica\">M\u00fasica<\/a>                    <\/div>\n<h2><a href=\"https:\/\/www.diariolibre.com\/revista\/musica\/2026\/04\/18\/madonna-y-sabrina-carpenter-se-presentaron-juntas-en-coachella\/3506869?utm_source=relacionadas&amp;utm_medium=nota&amp;utm_campaign=relacionadas\" title=\"Video | Madonna reaparece en Coachella junto a Sabrina Carpenter en actuaci\u00f3n conjunta\">Video | Madonna reaparece en Coachella junto a Sabrina Carpenter en actuaci\u00f3n conjunta<\/a><\/h2>\n<\/p><\/div>\n<\/article><\/div>\n<h2>M\u00e1s<\/h2>\n<ul>\n<li>Durante su intervenci\u00f3n, <strong>Madonna<\/strong> destac\u00f3 la <strong>importancia emocional<\/strong> de volver al escenario tras <strong>dos d\u00e9cadas<\/strong>, describi\u00e9ndolo como un momento significativo dentro de su <strong>trayectoria<\/strong>.<\/li>\n<li>Hasta el momento, no se han ofrecido detalles adicionales sobre el paradero de las <strong>prendas<\/strong> ni sobre posibles acciones para su <strong>recuperaci\u00f3n<\/strong>.<\/li>\n<\/ul>\n<p><\/p>\n<p>\u200bLa cantante Madonna report\u00f3 la desaparici\u00f3n de diversas piezas de vestuario tras su reciente participaci\u00f3n en el festival Coachella, donde realiz\u00f3 una aparici\u00f3n sorpresa junto a Sabrina Carpenter.De acuerdo con lo expresado por la artista a trav\u00e9s de sus redes sociales, entre los art\u00edculos extraviados se encuentran una chaqueta, un cors\u00e9 y un vestido de estilo vintage, todos pertenecientes a su archivo personal. Madonna enfatiz\u00f3 el valor simb\u00f3lico de estas prendas, al considerarlas parte fundamental de su legado art\u00edstico.\u201cEste momento tan significativo se vio opacado cuando descubr\u00ed que las prendas vintage que us\u00e9 hab\u00edan desaparecido. No son solo ropa, son parte de mi historia\u201d, manifest\u00f3 la int\u00e9rprete, quien tambi\u00e9n se\u00f1al\u00f3 la p\u00e9rdida de otros objetos de la misma \u00e9poca.Ante la situaci\u00f3n, la artista hizo un llamado p\u00fablico para localizar los art\u00edculos, ofreciendo una recompensa a quien facilite informaci\u00f3n que permita su devoluci\u00f3n.La presentaci\u00f3n de Madonna tuvo lugar durante el espect\u00e1culo de Sabrina Carpenter, espec\u00edficamente en la interpretaci\u00f3n del tema \u201cJuno\u201d. En ese momento, la presentaci\u00f3n dio paso a \u201cVogue\u201d, uno de los mayores \u00e9xitos de la cantante, marcando su ingreso al escenario ante la ovaci\u00f3n del p\u00fablico.https:\/\/resources.diariolibre.com\/images\/2026\/04\/21\/sandra-bullock-y-jesse-james-4-bbfe3253.jpgEl evento tambi\u00e9n sirvi\u00f3 como adelanto de su pr\u00f3ximo proyecto discogr\u00e1fico, Confessions II, secuela de su \u00e1lbum de 2005 Confessions on a Dance Floor. El regreso a Coachella posee un car\u00e1cter simb\u00f3lico para la artista, quien present\u00f3 ese trabajo por primera vez en dicho festival en 2006.    RELACIONADAS                                                                                                                                                                                                                                                                                                                                                            M\u00fasica                                        Video | Madonna reaparece en Coachella junto a Sabrina Carpenter en actuaci\u00f3n conjunta                                    M\u00e1s    Durante su intervenci\u00f3n, Madonna destac\u00f3 la importancia emocional de volver al escenario tras dos d\u00e9cadas, describi\u00e9ndolo como un momento significativo dentro de su trayectoria.    Hasta el momento, no se han ofrecido detalles adicionales sobre el paradero de las prendas ni sobre posibles acciones para su recuperaci\u00f3n.\u00a0\u00a0Revista, M\u00fasica, Diario Libre, Santo Domingo, Cantante, Coachella, Madonna denuncia robo de vestuario\u00a0<\/p>\n","protected":false},"excerpt":{"rendered":"<p>La cantante Madonna report\u00f3 la desaparici\u00f3n de diversas piezas de vestuario tras su reciente participaci\u00f3n en el festival Coachella, donde realiz\u00f3 una aparici\u00f3n sorpresa junto a Sabrina Carpenter. De acuerdo con lo expresado por la artista a trav\u00e9s de sus redes sociales, entre los art\u00edculos extraviados se encuentran una chaqueta, un cors\u00e9 y un vestido [&hellip;]<\/p>\n","protected":false},"author":1,"featured_media":21489,"comment_status":"open","ping_status":"open","sticky":false,"template":"","format":"standard","meta":{"amp_status":"","footnotes":""},"categories":[9],"tags":[],"class_list":["post-21920","post","type-post","status-publish","format-standard","has-post-thumbnail","hentry","category-espectaculo"],"_links":{"self":[{"href":"https:\/\/ermdigital.com\/index.php?rest_route=\/wp\/v2\/posts\/21920","targetHints":{"allow":["GET"]}}],"collection":[{"href":"https:\/\/ermdigital.com\/index.php?rest_route=\/wp\/v2\/posts"}],"about":[{"href":"https:\/\/ermdigital.com\/index.php?rest_route=\/wp\/v2\/types\/post"}],"author":[{"embeddable":true,"href":"https:\/\/ermdigital.com\/index.php?rest_route=\/wp\/v2\/users\/1"}],"replies":[{"embeddable":true,"href":"https:\/\/ermdigital.com\/index.php?rest_route=%2Fwp%2Fv2%2Fcomments&post=21920"}],"version-history":[{"count":0,"href":"https:\/\/ermdigital.com\/index.php?rest_route=\/wp\/v2\/posts\/21920\/revisions"}],"wp:featuredmedia":[{"embeddable":true,"href":"https:\/\/ermdigital.com\/index.php?rest_route=\/wp\/v2\/media\/21489"}],"wp:attachment":[{"href":"https:\/\/ermdigital.com\/index.php?rest_route=%2Fwp%2Fv2%2Fmedia&parent=21920"}],"wp:term":[{"taxonomy":"category","embeddable":true,"href":"https:\/\/ermdigital.com\/index.php?rest_route=%2Fwp%2Fv2%2Fcategories&post=21920"},{"taxonomy":"post_tag","embeddable":true,"href":"https:\/\/ermdigital.com\/index.php?rest_route=%2Fwp%2Fv2%2Ftags&post=21920"}],"curies":[{"name":"wp","href":"https:\/\/api.w.org\/{rel}","templated":true}]}}