{"id":21684,"date":"2026-04-21T10:02:00","date_gmt":"2026-04-21T14:02:00","guid":{"rendered":"https:\/\/ermdigital.com\/index.php\/2026\/04\/21\/los-premios-platino-xcaret-regresan-a-mexico-con-su-xiii-edicion\/"},"modified":"2026-04-21T10:02:00","modified_gmt":"2026-04-21T14:02:00","slug":"los-premios-platino-xcaret-regresan-a-mexico-con-su-xiii-edicion","status":"publish","type":"post","link":"https:\/\/ermdigital.com\/?p=21684","title":{"rendered":"Los Premios Platino Xcaret regresan a M\u00e9xico con su XIII edici\u00f3n"},"content":{"rendered":"<p>Ha comenzado la cuenta regresiva para una de las fiestas m\u00e1s esperadas del <strong>cine<\/strong> iberoam\u00e9ricano. La <strong>XIII edici\u00f3n<\/strong> de los <strong>Premios Platino Xcaret<\/strong> se llevar\u00e1 a cabo el <strong>9 de mayo<\/strong> en el Teatro Gran Tlachco del Parque Xcaret, en la Riviera Maya, M\u00e9xico.<\/p>\n<p> El evento contempla la <strong>entrega de reconocimientos<\/strong> a producciones y profesionales del <strong>cine<\/strong> y las series en <strong>espa\u00f1ol y portugu\u00e9s<\/strong> correspondientes a la temporada reciente.<\/p>\n<p>En las categor\u00edas de <strong>largometraje<\/strong> figuran nominaciones como <strong>Blanca Soroa<\/strong> (Los domingos), Dolores Fonzi (Bel\u00e9n), Guillermo Francella (Homo Argentum), Natalia Reyes (A\u00fan es de noche en Caracas), Ubeimar R\u00edos G\u00f3mez (Un poeta) y <strong>Kleber Mendon\u00e7a Filho<\/strong> (O agente secreto), quien tambi\u00e9n compite en guion. <\/p>\n<p>En direcci\u00f3n y guion se incluyen adem\u00e1s<strong> equipos de Bel\u00e9n<\/strong>, A\u00fan es de noche en Caracas y Un cabo suelto.<\/p>\n<article class=\"border-t border-b py-5 mb-5 component nota-incrustada\">    <span class=\"block mb-2\"><strong>Te puede interesar<\/strong><\/span>                <\/p>\n<h2><a href=\"https:\/\/www.diariolibre.com\/revista\/cine\/2026\/04\/16\/premios-platino-revelan-ganadores-en-categorias-tecnicas\/3504457?utm_source=relacionadas&amp;utm_medium=nota&amp;utm_campaign=relacionadas\" title=\"Premios Platino 2026 revelan sus primeros ganadores en categor\u00edas t\u00e9cnicas y de reparto\">Premios Platino 2026 revelan sus primeros ganadores en categor\u00edas t\u00e9cnicas y de reparto<\/a><\/h2>\n<h2><a href=\"https:\/\/www.diariolibre.com\/revista\/cultura\/2026\/03\/20\/la-lista-completa-de-nominados-de-los-premios-platino-xcaret-2026\/3476282?utm_source=relacionadas&amp;utm_medium=nota&amp;utm_campaign=relacionadas\" title=\"Premios Platino Xcaret 2026: esta es la lista completa de nominados; \u00bfhay pel\u00edculas dominicanas?\">Premios Platino Xcaret 2026: esta es la lista completa de nominados; \u00bfhay pel\u00edculas dominicanas?<\/a><\/h2>\n<h2><a href=\"https:\/\/www.diariolibre.com\/revista\/cine\/2026\/03\/20\/olivia--las-nubes-representara-a-rd-en-los-premios-platino-2026\/3476270?utm_source=relacionadas&amp;utm_medium=nota&amp;utm_campaign=relacionadas\" title=\"\u201cOlivia &amp; Las Nubes\u201d es nominada en los Premios Platino 2026 por la Rep\u00fablica Dominicana\">\u201cOlivia &amp; Las Nubes\u201d es nominada en los Premios Platino 2026 por la Rep\u00fablica Dominicana<\/a><\/h2>\n<\/article>\n<p>En el apartado de <strong>series y miniseries<\/strong> aparecen int\u00e9rpretes como <strong>Griselda Siciliani<\/strong> (Envidiosa), Javier C\u00e1mara (Yakarta) y Paulina Gait\u00e1n (Las muertas), junto a creadores de producciones como <strong>Anatom\u00eda de un instante<\/strong>, El eternauta, Menem y Estado de fuga: 1986. <\/p>\n<p>En animaci\u00f3n y \u00f3pera prima figuran t\u00edtulos como Kayara, <strong>Olivia &amp; las nubes<\/strong>, Sorda, Manas y No nos mover\u00e1n.<\/p>\n<div class=\"social-embed mb-4\">\n<blockquote class=\"instagram-media\" data-instgrm-permalink=\"https:\/\/www.instagram.com\/reel\/DXSKllYtbUs\/?utm_source=ig_embed&amp;utm_campaign=loading\" data-instgrm-version=\"14\">\n<div> <a href=\"https:\/\/www.instagram.com\/reel\/DXSKllYtbUs\/?utm_source=ig_embed&amp;utm_campaign=loading\" target=\"_blank\" title=\"       View this post on Instagram            \" rel=\"nofollow noopener noreferrer\"> <\/p>\n<div>\n<div><\/div>\n<div>\n<div><\/div>\n<div><\/div>\n<\/div>\n<\/div>\n<div><\/div>\n<div><\/div>\n<div>\n<div>View this post on Instagram<\/div>\n<\/div>\n<div><\/div>\n<div>\n<div>\n<div><\/div>\n<div><\/div>\n<div><\/div>\n<\/div>\n<div>\n<div><\/div>\n<div><\/div>\n<\/div>\n<div>\n<div><\/div>\n<div><\/div>\n<div><\/div>\n<\/div>\n<\/div>\n<div>\n<div><\/div>\n<div><\/div>\n<\/div>\n<p><\/a><\/p>\n<p><a href=\"https:\/\/www.instagram.com\/reel\/DXSKllYtbUs\/?utm_source=ig_embed&amp;utm_campaign=loading\" target=\"_blank\" title=\"A post shared by Premios PLATINO (@premios_platino)\" rel=\"nofollow noopener noreferrer\">A post shared by Premios PLATINO (@premios_platino)<\/a><\/p>\n<\/div>\n<\/blockquote>\n<div class=\"lazyload\" data-script=\"https:\/\/www.instagram.com\/embed.js\"><\/div>\n<\/div>\n<p>La ceremonia ser\u00e1 conducida por <strong>Carlos Torres<\/strong> y <strong>Cayetana Guill\u00e9n Cuervo<\/strong>. La alfombra roja estar\u00e1 a cargo de Carolina Ram\u00edrez y Lourdes Stephen. La transmisi\u00f3n se realizar\u00e1 por cadenas de televisi\u00f3n de Am\u00e9rica Latina, Espa\u00f1a y Estados Unidos, adem\u00e1s de la plataforma digital <strong>SmartPlatinoTV<\/strong>.<\/p>\n<p>La entrega de premios contar\u00e1 con la participaci\u00f3n de figuras del <strong>sector audiovisual<\/strong> como <strong>Ludwika Paleta<\/strong>, <strong>Manolo Cardona<\/strong>, Michel Brown, Nico Furtado, Paco Le\u00f3n, Santiago Cabrera, Stephanie Cayo y Valeria Mazza, entre otros invitados vinculados a la industria.<\/p>\n<div class=\"social-embed mb-4\">\n<blockquote class=\"instagram-media\" data-instgrm-permalink=\"https:\/\/www.instagram.com\/reel\/DXRm9K9Asq6\/?utm_source=ig_embed&amp;utm_campaign=loading\" data-instgrm-version=\"14\">\n<div> <a href=\"https:\/\/www.instagram.com\/reel\/DXRm9K9Asq6\/?utm_source=ig_embed&amp;utm_campaign=loading\" target=\"_blank\" title=\"       View this post on Instagram            \" rel=\"nofollow noopener noreferrer\"> <\/p>\n<div>\n<div><\/div>\n<div>\n<div><\/div>\n<div><\/div>\n<\/div>\n<\/div>\n<div><\/div>\n<div><\/div>\n<div>\n<div>View this post on Instagram<\/div>\n<\/div>\n<div><\/div>\n<div>\n<div>\n<div><\/div>\n<div><\/div>\n<div><\/div>\n<\/div>\n<div>\n<div><\/div>\n<div><\/div>\n<\/div>\n<div>\n<div><\/div>\n<div><\/div>\n<div><\/div>\n<\/div>\n<\/div>\n<div>\n<div><\/div>\n<div><\/div>\n<\/div>\n<p><\/a><\/p>\n<p><a href=\"https:\/\/www.instagram.com\/reel\/DXRm9K9Asq6\/?utm_source=ig_embed&amp;utm_campaign=loading\" target=\"_blank\" title=\"A post shared by Premios PLATINO (@premios_platino)\" rel=\"nofollow noopener noreferrer\">A post shared by Premios PLATINO (@premios_platino)<\/a><\/p>\n<\/div>\n<\/blockquote><\/div>\n<h2>M\u00e1s<\/h2>\n<ul>\n<li>La organizaci\u00f3n del evento corresponde a <strong>Egeda<\/strong> y <strong>Fipca<\/strong>, con colaboraci\u00f3n de Fiacine y apoyo de instituciones y entidades del <strong>sector audiovisual<\/strong>.<\/li>\n<\/ul>\n<p><\/p>\n<p><\/p>\n<p>\u200bHa comenzado la cuenta regresiva para una de las fiestas m\u00e1s esperadas del cine iberoam\u00e9ricano. La XIII edici\u00f3n de los Premios Platino Xcaret se llevar\u00e1 a cabo el 9 de mayo en el Teatro Gran Tlachco del Parque Xcaret, en la Riviera Maya, M\u00e9xico. El evento contempla la entrega de reconocimientos a producciones y profesionales del cine y las series en espa\u00f1ol y portugu\u00e9s correspondientes a la temporada reciente.En las categor\u00edas de largometraje figuran nominaciones como Blanca Soroa (Los domingos), Dolores Fonzi (Bel\u00e9n), Guillermo Francella (Homo Argentum), Natalia Reyes (A\u00fan es de noche en Caracas), Ubeimar R\u00edos G\u00f3mez (Un poeta) y Kleber Mendon\u00e7a Filho (O agente secreto), quien tambi\u00e9n compite en guion. En direcci\u00f3n y guion se incluyen adem\u00e1s equipos de Bel\u00e9n, A\u00fan es de noche en Caracas y Un cabo suelto.    Te puede interesar                Premios Platino 2026 revelan sus primeros ganadores en categor\u00edas t\u00e9cnicas y de reparto                    Premios Platino Xcaret 2026: esta es la lista completa de nominados; \u00bfhay pel\u00edculas dominicanas?                    \u201cOlivia &amp; Las Nubes\u201d es nominada en los Premios Platino 2026 por la Rep\u00fablica Dominicana            En el apartado de series y miniseries aparecen int\u00e9rpretes como Griselda Siciliani (Envidiosa), Javier C\u00e1mara (Yakarta) y Paulina Gait\u00e1n (Las muertas), junto a creadores de producciones como Anatom\u00eda de un instante, El eternauta, Menem y Estado de fuga: 1986. En animaci\u00f3n y \u00f3pera prima figuran t\u00edtulos como Kayara, Olivia &amp; las nubes, Sorda, Manas y No nos mover\u00e1n.        View this post on Instagram            A post shared by Premios PLATINO (@premios_platino) La ceremonia ser\u00e1 conducida por Carlos Torres y Cayetana Guill\u00e9n Cuervo. La alfombra roja estar\u00e1 a cargo de Carolina Ram\u00edrez y Lourdes Stephen. La transmisi\u00f3n se realizar\u00e1 por cadenas de televisi\u00f3n de Am\u00e9rica Latina, Espa\u00f1a y Estados Unidos, adem\u00e1s de la plataforma digital SmartPlatinoTV.La entrega de premios contar\u00e1 con la participaci\u00f3n de figuras del sector audiovisual como Ludwika Paleta, Manolo Cardona, Michel Brown, Nico Furtado, Paco Le\u00f3n, Santiago Cabrera, Stephanie Cayo y Valeria Mazza, entre otros invitados vinculados a la industria.        View this post on Instagram            A post shared by Premios PLATINO (@premios_platino) M\u00e1s    La organizaci\u00f3n del evento corresponde a Egeda y Fipca, con colaboraci\u00f3n de Fiacine y apoyo de instituciones y entidades del sector audiovisual.\u00a0\u00a0Revista, Cultura, Diario Libre, Santo Domingo, Actrices, Cine, Actores, Premios PLATINO XCARET, series iberoamericanas\u00a0<\/p>\n","protected":false},"excerpt":{"rendered":"<p>Ha comenzado la cuenta regresiva para una de las fiestas m\u00e1s esperadas del cine iberoam\u00e9ricano. La XIII edici\u00f3n de los Premios Platino Xcaret se llevar\u00e1 a cabo el 9 de mayo en el Teatro Gran Tlachco del Parque Xcaret, en la Riviera Maya, M\u00e9xico. El evento contempla la entrega de reconocimientos a producciones y profesionales [&hellip;]<\/p>\n","protected":false},"author":1,"featured_media":21394,"comment_status":"open","ping_status":"open","sticky":false,"template":"","format":"standard","meta":{"amp_status":"","footnotes":""},"categories":[9],"tags":[],"class_list":["post-21684","post","type-post","status-publish","format-standard","has-post-thumbnail","hentry","category-espectaculo"],"_links":{"self":[{"href":"https:\/\/ermdigital.com\/index.php?rest_route=\/wp\/v2\/posts\/21684","targetHints":{"allow":["GET"]}}],"collection":[{"href":"https:\/\/ermdigital.com\/index.php?rest_route=\/wp\/v2\/posts"}],"about":[{"href":"https:\/\/ermdigital.com\/index.php?rest_route=\/wp\/v2\/types\/post"}],"author":[{"embeddable":true,"href":"https:\/\/ermdigital.com\/index.php?rest_route=\/wp\/v2\/users\/1"}],"replies":[{"embeddable":true,"href":"https:\/\/ermdigital.com\/index.php?rest_route=%2Fwp%2Fv2%2Fcomments&post=21684"}],"version-history":[{"count":0,"href":"https:\/\/ermdigital.com\/index.php?rest_route=\/wp\/v2\/posts\/21684\/revisions"}],"wp:featuredmedia":[{"embeddable":true,"href":"https:\/\/ermdigital.com\/index.php?rest_route=\/wp\/v2\/media\/21394"}],"wp:attachment":[{"href":"https:\/\/ermdigital.com\/index.php?rest_route=%2Fwp%2Fv2%2Fmedia&parent=21684"}],"wp:term":[{"taxonomy":"category","embeddable":true,"href":"https:\/\/ermdigital.com\/index.php?rest_route=%2Fwp%2Fv2%2Fcategories&post=21684"},{"taxonomy":"post_tag","embeddable":true,"href":"https:\/\/ermdigital.com\/index.php?rest_route=%2Fwp%2Fv2%2Ftags&post=21684"}],"curies":[{"name":"wp","href":"https:\/\/api.w.org\/{rel}","templated":true}]}}