{"id":21622,"date":"2026-04-21T09:37:00","date_gmt":"2026-04-21T13:37:00","guid":{"rendered":"https:\/\/ermdigital.com\/index.php\/2026\/04\/21\/jose-marmol-presenta-antologia-que-reune-sus-obras\/"},"modified":"2026-04-21T09:37:00","modified_gmt":"2026-04-21T13:37:00","slug":"jose-marmol-presenta-antologia-que-reune-sus-obras","status":"publish","type":"post","link":"https:\/\/ermdigital.com\/?p=21622","title":{"rendered":"Jos\u00e9 M\u00e1rmol presenta antolog\u00eda que re\u00fane sus obras"},"content":{"rendered":"<p>El <strong>poeta<\/strong> y ensayista dominicano <strong>Jos\u00e9 M\u00e1rmol<\/strong> <strong>puso en circulaci\u00f3n<\/strong> el volumen que re\u00fane sus obras po\u00e9ticas desde 1984 hasta 2019, bajo el t\u00edtulo \u201c<strong>Donde todo triste ruido<\/strong> hace su habitaci\u00f3n\u201d.<\/p>\n<p>La <strong>presentaci\u00f3n de la obra<\/strong> estuvo a cargo del destacado <strong>poeta<\/strong>, ensayista y profesor universitario <strong>Plinio Chah\u00edn<\/strong>, <strong>compa\u00f1ero de generaci\u00f3n<\/strong> de M\u00e1rmol, quien resalt\u00f3 que en este <strong>libro<\/strong> \u201cse condensan m\u00e1s de cuatro d\u00e9cadas de trabajo po\u00e9tico marcado por una intensa reflexi\u00f3n sobre la existencia, el lenguaje y la condici\u00f3n humana\u201d.\u00a0<\/p>\n<p>La obra de M\u00e1rmol, refiri\u00f3, \u201cse caracteriza por una <strong>profunda densidad filos\u00f3fica<\/strong>, una <strong>exploraci\u00f3n constante<\/strong> de la interioridad y un <strong>tono eleg\u00edaco<\/strong> que interroga el tiempo, la memoria y la fragilidad de la <strong>experiencia humana<\/strong>\u201d.<\/p>\n<p>\u201cLa reuni\u00f3n de estos textos en un solo volumen permite apreciar con mayor claridad la <strong>evoluci\u00f3n de su escritura<\/strong>: desde las primeras b\u00fasquedas expresivas hasta la consolidaci\u00f3n de una <strong>voz madura<\/strong>, rigurosa y de notable coherencia est\u00e9tica\u201d.<\/p>\n<p>En su exhaustivo recorrido por la <strong>trayectoria po\u00e9tica<\/strong> de M\u00e1rmol, Chah\u00edn subray\u00f3, adem\u00e1s, que, <strong>le\u00eddos en un solo volumen<\/strong>, \u201cestos libros muestran a un <strong>poeta<\/strong> que ha llevado su escritura hacia una dimensi\u00f3n cada vez m\u00e1s reflexiva\u201d.<\/p>\n<p>\u201cLa <strong>poes\u00eda<\/strong> deja de ser \u00fanicamente un espacio de expresi\u00f3n est\u00e9tica para convertirse en una <strong>forma de pensamiento<\/strong> que examina el destino del individuo y de la <strong>sociedad contempor\u00e1nea<\/strong>\u201d.<\/p>\n<figure class=\"my-12 component infografia\">\n<div class=\"expand-img-placeholder\"><img loading=\"lazy\" decoding=\"async\" src=\"https:\/\/resources.diariolibre.com\/images\/expand.svg\" alt=\"Expandir imagen\" width=\"20\" height=\"20\"><span class=\"rutaimagenoriginal-placeholder\">https:\/\/resources.diariolibre.com\/images\/2026\/04\/21\/jose-marmol-2-b1841888.jpeg<\/span><\/div>\n<p><img decoding=\"async\" loading=\"lazy\" src=\"https:\/\/resources.diariolibre.com\/images\/2026\/04\/21\/jose-marmol-2-b1841888.jpeg\" width=\"auto\" height=\"350\" alt=\"Infograf\u00eda\" class=\"mx-auto\"><\/figure>\n<p>\u201cEn ese proceso, la obra de <strong>Jos\u00e9 M\u00e1rmol<\/strong> reafirma una convicci\u00f3n que atraviesa toda su trayectoria: que el poema no es solo un acto de belleza, sino tambi\u00e9n un <strong>acto de conciencia<\/strong>, una manera de <strong>interrogar el mundo<\/strong> y de intentar comprender, a trav\u00e9s del lenguaje, la complejidad de la <strong>experiencia humana<\/strong>\u201d, apunt\u00f3 el cr\u00edtico y catedr\u00e1tico.<\/p>\n<p>Durante el acto, que se llev\u00f3 a cabo en el <strong>Foro Pedro Mir<\/strong>, de <strong>Cuesta Libros<\/strong>, el autor de la obra rese\u00f1\u00f3 que agradec\u00eda profundamente el gesto frente a su obra de <strong>Visor Libros<\/strong> y de su fundador y presidente <strong>Jes\u00fas Garc\u00eda S\u00e1nchez<\/strong> (Chus Visor).<\/p>\n<p>\u201cM\u00e1s all\u00e1 de lo personal, la <strong>publicaci\u00f3n<\/strong> de este <strong>libro<\/strong> representa, en cierto modo, un acto de reconocer, por parte de un sello editorial de prestigio global, la <strong>relevancia<\/strong> que en el \u00e1mbito de la lengua espa\u00f1ola tiene la <strong>poes\u00eda<\/strong> dominicana contempor\u00e1nea\u201d, indic\u00f3.<\/p>\n<h2>Detalles<\/h2>\n<ul>\n<li>El <strong>libro<\/strong> fue publicado con el respaldo del sello <strong>Visor Libros<\/strong>, de <strong>Madrid<\/strong>, y en el cat\u00e1logo de su Colecci\u00f3n Visor de <strong>Poes\u00eda<\/strong>.\u00a0<\/li>\n<\/ul>\n<p>La <strong>ilustraci\u00f3n de portada<\/strong> es una obra del artista dominicano <strong>Jos\u00e9 Cestero<\/strong> (1937-2025).<\/p>\n<p>La <strong>publicaci\u00f3n<\/strong> comprende desde el poemario <strong><em>El ojo del ar\u00faspice<\/em><\/strong> (Santo Domingo, 1984) hasta el titulado <em>Yo, la isla dividida<\/em> (<strong>Visor Libros<\/strong>, <strong>Madrid<\/strong>, 2019 y 2021).<\/p>\n<article class=\"border-t border-b py-5 mb-5 component nota-incrustada\">    <span class=\"block mb-2\"><strong>Te puede interesar<\/strong><\/span>                <\/p>\n<h2><a href=\"https:\/\/www.diariolibre.com\/revista\/cultura\/2025\/11\/16\/irene-vallejo-y-jose-marmol-poder-de-la-palabra-en-santo-domingo\/3317553?utm_source=relacionadas&amp;utm_medium=nota&amp;utm_campaign=relacionadas\" title=\"Doctorado Honoris Causa para Irene Vallejo y di\u00e1logo con Jos\u00e9 M\u00e1rmol\">Doctorado Honoris Causa para Irene Vallejo y di\u00e1logo con Jos\u00e9 M\u00e1rmol<\/a><\/h2>\n<\/article>\n<p><\/p>\n<p><\/p>\n<p>\u200bEl poeta y ensayista dominicano Jos\u00e9 M\u00e1rmol puso en circulaci\u00f3n el volumen que re\u00fane sus obras po\u00e9ticas desde 1984 hasta 2019, bajo el t\u00edtulo \u201cDonde todo triste ruido hace su habitaci\u00f3n\u201d.La presentaci\u00f3n de la obra estuvo a cargo del destacado poeta, ensayista y profesor universitario Plinio Chah\u00edn, compa\u00f1ero de generaci\u00f3n de M\u00e1rmol, quien resalt\u00f3 que en este libro \u201cse condensan m\u00e1s de cuatro d\u00e9cadas de trabajo po\u00e9tico marcado por una intensa reflexi\u00f3n sobre la existencia, el lenguaje y la condici\u00f3n humana\u201d.\u00a0La obra de M\u00e1rmol, refiri\u00f3, \u201cse caracteriza por una profunda densidad filos\u00f3fica, una exploraci\u00f3n constante de la interioridad y un tono eleg\u00edaco que interroga el tiempo, la memoria y la fragilidad de la experiencia humana\u201d.\u201cLa reuni\u00f3n de estos textos en un solo volumen permite apreciar con mayor claridad la evoluci\u00f3n de su escritura: desde las primeras b\u00fasquedas expresivas hasta la consolidaci\u00f3n de una voz madura, rigurosa y de notable coherencia est\u00e9tica\u201d.En su exhaustivo recorrido por la trayectoria po\u00e9tica de M\u00e1rmol, Chah\u00edn subray\u00f3, adem\u00e1s, que, le\u00eddos en un solo volumen, \u201cestos libros muestran a un poeta que ha llevado su escritura hacia una dimensi\u00f3n cada vez m\u00e1s reflexiva\u201d.\u201cLa poes\u00eda deja de ser \u00fanicamente un espacio de expresi\u00f3n est\u00e9tica para convertirse en una forma de pensamiento que examina el destino del individuo y de la sociedad contempor\u00e1nea\u201d.https:\/\/resources.diariolibre.com\/images\/2026\/04\/21\/jose-marmol-2-b1841888.jpeg\u201cEn ese proceso, la obra de Jos\u00e9 M\u00e1rmol reafirma una convicci\u00f3n que atraviesa toda su trayectoria: que el poema no es solo un acto de belleza, sino tambi\u00e9n un acto de conciencia, una manera de interrogar el mundo y de intentar comprender, a trav\u00e9s del lenguaje, la complejidad de la experiencia humana\u201d, apunt\u00f3 el cr\u00edtico y catedr\u00e1tico.Durante el acto, que se llev\u00f3 a cabo en el Foro Pedro Mir, de Cuesta Libros, el autor de la obra rese\u00f1\u00f3 que agradec\u00eda profundamente el gesto frente a su obra de Visor Libros y de su fundador y presidente Jes\u00fas Garc\u00eda S\u00e1nchez (Chus Visor).\u201cM\u00e1s all\u00e1 de lo personal, la publicaci\u00f3n de este libro representa, en cierto modo, un acto de reconocer, por parte de un sello editorial de prestigio global, la relevancia que en el \u00e1mbito de la lengua espa\u00f1ola tiene la poes\u00eda dominicana contempor\u00e1nea\u201d, indic\u00f3.Detalles    El libro fue publicado con el respaldo del sello Visor Libros, de Madrid, y en el cat\u00e1logo de su Colecci\u00f3n Visor de Poes\u00eda.\u00a0La ilustraci\u00f3n de portada es una obra del artista dominicano Jos\u00e9 Cestero (1937-2025).La publicaci\u00f3n comprende desde el poemario El ojo del ar\u00faspice (Santo Domingo, 1984) hasta el titulado Yo, la isla dividida (Visor Libros, Madrid, 2019 y 2021).    Te puede interesar                Doctorado Honoris Causa para Irene Vallejo y di\u00e1logo con Jos\u00e9 M\u00e1rmol\u00a0\u00a0Revista, Cultura, Diario Libre, Santo Domingo, Poes\u00eda, Jos\u00e9 M\u00e1rmol, Libro, poeta, Obra po\u00e9tica\u00a0<\/p>\n","protected":false},"excerpt":{"rendered":"<p>El poeta y ensayista dominicano Jos\u00e9 M\u00e1rmol puso en circulaci\u00f3n el volumen que re\u00fane sus obras po\u00e9ticas desde 1984 hasta 2019, bajo el t\u00edtulo \u201cDonde todo triste ruido hace su habitaci\u00f3n\u201d. La presentaci\u00f3n de la obra estuvo a cargo del destacado poeta, ensayista y profesor universitario Plinio Chah\u00edn, compa\u00f1ero de generaci\u00f3n de M\u00e1rmol, quien resalt\u00f3 [&hellip;]<\/p>\n","protected":false},"author":1,"featured_media":21396,"comment_status":"open","ping_status":"open","sticky":false,"template":"","format":"standard","meta":{"amp_status":"","footnotes":""},"categories":[9],"tags":[],"class_list":["post-21622","post","type-post","status-publish","format-standard","has-post-thumbnail","hentry","category-espectaculo"],"_links":{"self":[{"href":"https:\/\/ermdigital.com\/index.php?rest_route=\/wp\/v2\/posts\/21622","targetHints":{"allow":["GET"]}}],"collection":[{"href":"https:\/\/ermdigital.com\/index.php?rest_route=\/wp\/v2\/posts"}],"about":[{"href":"https:\/\/ermdigital.com\/index.php?rest_route=\/wp\/v2\/types\/post"}],"author":[{"embeddable":true,"href":"https:\/\/ermdigital.com\/index.php?rest_route=\/wp\/v2\/users\/1"}],"replies":[{"embeddable":true,"href":"https:\/\/ermdigital.com\/index.php?rest_route=%2Fwp%2Fv2%2Fcomments&post=21622"}],"version-history":[{"count":0,"href":"https:\/\/ermdigital.com\/index.php?rest_route=\/wp\/v2\/posts\/21622\/revisions"}],"wp:featuredmedia":[{"embeddable":true,"href":"https:\/\/ermdigital.com\/index.php?rest_route=\/wp\/v2\/media\/21396"}],"wp:attachment":[{"href":"https:\/\/ermdigital.com\/index.php?rest_route=%2Fwp%2Fv2%2Fmedia&parent=21622"}],"wp:term":[{"taxonomy":"category","embeddable":true,"href":"https:\/\/ermdigital.com\/index.php?rest_route=%2Fwp%2Fv2%2Fcategories&post=21622"},{"taxonomy":"post_tag","embeddable":true,"href":"https:\/\/ermdigital.com\/index.php?rest_route=%2Fwp%2Fv2%2Ftags&post=21622"}],"curies":[{"name":"wp","href":"https:\/\/api.w.org\/{rel}","templated":true}]}}