{"id":21421,"date":"2026-04-21T09:01:00","date_gmt":"2026-04-21T13:01:00","guid":{"rendered":"https:\/\/ermdigital.com\/index.php\/2026\/04\/21\/realizan-el-festival-latinoamericano-de-creadores-de-contenido\/"},"modified":"2026-04-21T09:01:00","modified_gmt":"2026-04-21T13:01:00","slug":"realizan-el-festival-latinoamericano-de-creadores-de-contenido","status":"publish","type":"post","link":"https:\/\/ermdigital.com\/?p=21421","title":{"rendered":"Realizan el Festival Latinoamericano de Creadores de Contenido"},"content":{"rendered":"<p>El <strong>Festival Latinoamericano de Creadores de Contenido<\/strong> contar\u00e1 con <strong>m\u00e1s de 2,000 asistentes<\/strong> y la participaci\u00f3n de <strong>m\u00e1s de 50 expositores<\/strong> locales e internacionales, consolid\u00e1ndose como un evento relevante en la regi\u00f3n dentro de la <strong>econom\u00eda digital<\/strong> y la creaci\u00f3n de contenido.<\/p>\n<p>Durante <strong>dos d\u00edas<\/strong>, el evento reuni\u00f3 a <strong>creadores<\/strong>, <strong>marcas y plataformas<\/strong> en un mismo espacio.<\/p>\n<p>Uno de los grandes hitos de esta edici\u00f3n fue la participaci\u00f3n, por <strong>primera vez<\/strong> en el pa\u00eds, de ejecutivos de plataformas globales como <strong>YouTube y Twitch<\/strong>, quienes ofrecieron charlas enfocadas en el crecimiento profesional de los creadores y el entendimiento de las din\u00e1micas actuales del ecosistema digital.<\/p>\n<p>Asimismo, destac\u00f3 la intervenci\u00f3n del creador internacional <strong>Jos\u00e9 Ramones<\/strong> con su conferencia titulada \u201c<strong>La vida premia a los valientes<\/strong>\u201d, una de las presentaciones m\u00e1s impactantes del evento, centrada en la <strong>mentalidad y toma de decisiones<\/strong> dentro del mundo de la creaci\u00f3n de contenido.<\/p>\n<p>M\u00e1s all\u00e1 de su propuesta educativa, el festival se caracteriz\u00f3 por una experiencia integral que combin\u00f3 <strong>formaci\u00f3n, networking y entretenimiento<\/strong> bajo un concepto de \u201cedutainment\u201d, donde los asistentes no solo adquirieron conocimientos, sino que tambi\u00e9n tuvieron la oportunidad de conectar directamente con marcas, generar <strong>oportunidades de negocio<\/strong> y compartir con otros creadores en un ambiente din\u00e1mico y festivo durante toda la jornada.<\/p>\n<figure class=\"my-12 component infografia\">\n<div class=\"expand-img-placeholder\"><img loading=\"lazy\" decoding=\"async\" src=\"https:\/\/resources.diariolibre.com\/images\/expand.svg\" alt=\"Expandir imagen\" width=\"20\" height=\"20\"><span class=\"rutaimagenoriginal-placeholder\">https:\/\/resources.diariolibre.com\/images\/2026\/04\/21\/creadores-2-0ed62dd8.jpeg<\/span><\/div>\n<p><img decoding=\"async\" loading=\"lazy\" src=\"https:\/\/resources.diariolibre.com\/images\/2026\/04\/21\/creadores-2-0ed62dd8.jpeg\" width=\"auto\" height=\"350\" alt=\"Infograf\u00eda\" class=\"mx-auto\"><\/figure>\n<p>\u201cEl <strong>Festival Latinoamericano de Creadores de Contenido<\/strong> es hoy el <strong>evento con mayor proyecci\u00f3n<\/strong> de la regi\u00f3n. Esto es solo el inicio de una plataforma que vino para quedarse y seguir impulsando el crecimiento de toda una <strong>industria en Latinoam\u00e9rica<\/strong>\u201d, expres\u00f3 su organizador, <strong>H\u00e9ctor Manzueta<\/strong>.<\/p>\n<p>El impacto del festival tambi\u00e9n se vio reflejado en la <strong>integraci\u00f3n estrat\u00e9gica de marcas<\/strong> que apostaron por la <strong>econom\u00eda de creadores<\/strong> como eje de conexi\u00f3n con <strong>nuevas audiencias<\/strong>.<\/p>\n<h2><strong>Expansi\u00f3n<\/strong><\/h2>\n<p>Como parte de su <strong>expansi\u00f3n<\/strong>, la organizaci\u00f3n anunci\u00f3 que su siguiente parada ser\u00e1 <strong>Creators Talks Guatemala<\/strong>, un nuevo formato que busca llevar este movimiento a otros <strong>mercados estrat\u00e9gicos<\/strong> de Latinoam\u00e9rica, ampliando el alcance y el impacto de la plataforma.<\/p>\n<ul>\n<li>El <strong>Festival Latinoamericano de Creadores de Contenido<\/strong> contin\u00faa consolid\u00e1ndose como un espacio donde convergen <strong>talento, conocimiento y oportunidades<\/strong>, marcando el rumbo de una industria en constante evoluci\u00f3n.<\/li>\n<\/ul>\n<article class=\"border-t border-b py-5 mb-5 component nota-incrustada\">    <span class=\"block mb-2\"><strong>Te puede interesar<\/strong><\/span>                <\/p>\n<h2><a href=\"https:\/\/www.diariolibre.com\/revista\/farandula\/2026\/04\/12\/realizaran-el-festival-latinoamericano-de-creadores-de-contenido\/3500155?utm_source=relacionadas&amp;utm_medium=nota&amp;utm_campaign=relacionadas\" title=\"Realizar\u00e1n la segunda edici\u00f3n del Festival Latinoamericano de Creadores de Contenido\">Realizar\u00e1n la segunda edici\u00f3n del Festival Latinoamericano de Creadores de Contenido<\/a><\/h2>\n<\/article>\n<p><\/p>\n<p>\u200bEl Festival Latinoamericano de Creadores de Contenido contar\u00e1 con m\u00e1s de 2,000 asistentes y la participaci\u00f3n de m\u00e1s de 50 expositores locales e internacionales, consolid\u00e1ndose como un evento relevante en la regi\u00f3n dentro de la econom\u00eda digital y la creaci\u00f3n de contenido.Durante dos d\u00edas, el evento reuni\u00f3 a creadores, marcas y plataformas en un mismo espacio.Uno de los grandes hitos de esta edici\u00f3n fue la participaci\u00f3n, por primera vez en el pa\u00eds, de ejecutivos de plataformas globales como YouTube y Twitch, quienes ofrecieron charlas enfocadas en el crecimiento profesional de los creadores y el entendimiento de las din\u00e1micas actuales del ecosistema digital.Asimismo, destac\u00f3 la intervenci\u00f3n del creador internacional Jos\u00e9 Ramones con su conferencia titulada \u201cLa vida premia a los valientes\u201d, una de las presentaciones m\u00e1s impactantes del evento, centrada en la mentalidad y toma de decisiones dentro del mundo de la creaci\u00f3n de contenido.M\u00e1s all\u00e1 de su propuesta educativa, el festival se caracteriz\u00f3 por una experiencia integral que combin\u00f3 formaci\u00f3n, networking y entretenimiento bajo un concepto de \u201cedutainment\u201d, donde los asistentes no solo adquirieron conocimientos, sino que tambi\u00e9n tuvieron la oportunidad de conectar directamente con marcas, generar oportunidades de negocio y compartir con otros creadores en un ambiente din\u00e1mico y festivo durante toda la jornada.https:\/\/resources.diariolibre.com\/images\/2026\/04\/21\/creadores-2-0ed62dd8.jpeg\u201cEl Festival Latinoamericano de Creadores de Contenido es hoy el evento con mayor proyecci\u00f3n de la regi\u00f3n. Esto es solo el inicio de una plataforma que vino para quedarse y seguir impulsando el crecimiento de toda una industria en Latinoam\u00e9rica\u201d, expres\u00f3 su organizador, H\u00e9ctor Manzueta.El impacto del festival tambi\u00e9n se vio reflejado en la integraci\u00f3n estrat\u00e9gica de marcas que apostaron por la econom\u00eda de creadores como eje de conexi\u00f3n con nuevas audiencias.Expansi\u00f3nComo parte de su expansi\u00f3n, la organizaci\u00f3n anunci\u00f3 que su siguiente parada ser\u00e1 Creators Talks Guatemala, un nuevo formato que busca llevar este movimiento a otros mercados estrat\u00e9gicos de Latinoam\u00e9rica, ampliando el alcance y el impacto de la plataforma.    El Festival Latinoamericano de Creadores de Contenido contin\u00faa consolid\u00e1ndose como un espacio donde convergen talento, conocimiento y oportunidades, marcando el rumbo de una industria en constante evoluci\u00f3n.    Te puede interesar                Realizar\u00e1n la segunda edici\u00f3n del Festival Latinoamericano de Creadores de Contenido\u00a0\u00a0Revista, Cultura, Diario Libre, Santo Domingo, Plataformas digitales, Econom\u00eda digital, Festival Latinoamericano de Creadores de Contenido\u00a0<\/p>\n","protected":false},"excerpt":{"rendered":"<p>El Festival Latinoamericano de Creadores de Contenido contar\u00e1 con m\u00e1s de 2,000 asistentes y la participaci\u00f3n de m\u00e1s de 50 expositores locales e internacionales, consolid\u00e1ndose como un evento relevante en la regi\u00f3n dentro de la econom\u00eda digital y la creaci\u00f3n de contenido. Durante dos d\u00edas, el evento reuni\u00f3 a creadores, marcas y plataformas en un [&hellip;]<\/p>\n","protected":false},"author":1,"featured_media":21353,"comment_status":"open","ping_status":"open","sticky":false,"template":"","format":"standard","meta":{"amp_status":"","footnotes":""},"categories":[9],"tags":[],"class_list":["post-21421","post","type-post","status-publish","format-standard","has-post-thumbnail","hentry","category-espectaculo"],"_links":{"self":[{"href":"https:\/\/ermdigital.com\/index.php?rest_route=\/wp\/v2\/posts\/21421","targetHints":{"allow":["GET"]}}],"collection":[{"href":"https:\/\/ermdigital.com\/index.php?rest_route=\/wp\/v2\/posts"}],"about":[{"href":"https:\/\/ermdigital.com\/index.php?rest_route=\/wp\/v2\/types\/post"}],"author":[{"embeddable":true,"href":"https:\/\/ermdigital.com\/index.php?rest_route=\/wp\/v2\/users\/1"}],"replies":[{"embeddable":true,"href":"https:\/\/ermdigital.com\/index.php?rest_route=%2Fwp%2Fv2%2Fcomments&post=21421"}],"version-history":[{"count":0,"href":"https:\/\/ermdigital.com\/index.php?rest_route=\/wp\/v2\/posts\/21421\/revisions"}],"wp:featuredmedia":[{"embeddable":true,"href":"https:\/\/ermdigital.com\/index.php?rest_route=\/wp\/v2\/media\/21353"}],"wp:attachment":[{"href":"https:\/\/ermdigital.com\/index.php?rest_route=%2Fwp%2Fv2%2Fmedia&parent=21421"}],"wp:term":[{"taxonomy":"category","embeddable":true,"href":"https:\/\/ermdigital.com\/index.php?rest_route=%2Fwp%2Fv2%2Fcategories&post=21421"},{"taxonomy":"post_tag","embeddable":true,"href":"https:\/\/ermdigital.com\/index.php?rest_route=%2Fwp%2Fv2%2Ftags&post=21421"}],"curies":[{"name":"wp","href":"https:\/\/api.w.org\/{rel}","templated":true}]}}