{"id":21359,"date":"2026-04-21T06:29:00","date_gmt":"2026-04-21T10:29:00","guid":{"rendered":"https:\/\/ermdigital.com\/index.php\/2026\/04\/21\/esta-es-la-fecha-y-el-lugar-del-concierto-de-karol-g-en-rd\/"},"modified":"2026-04-21T06:29:00","modified_gmt":"2026-04-21T10:29:00","slug":"esta-es-la-fecha-y-el-lugar-del-concierto-de-karol-g-en-rd","status":"publish","type":"post","link":"https:\/\/ermdigital.com\/?p=21359","title":{"rendered":"Esta es la fecha y el lugar del concierto de Karol G en RD"},"content":{"rendered":"<p>El <strong>concierto<\/strong> de la popular <strong>cantante<\/strong> colombiana <strong>Karol G<\/strong> en Rep\u00fablica Dominicana ya tiene fecha y escenario confirmados. La <strong>artista<\/strong> se presentar\u00e1 el <strong>19 de febrero de 2027<\/strong> en el Estadio Ol\u00edmpico F\u00e9lix S\u00e1nchez, seg\u00fan inform\u00f3 el empresario Gamal Hach\u00e9, responsable de traerla al pa\u00eds, a trav\u00e9s de sus redes sociales.<\/p>\n<p>El anuncio se produce mientras la int\u00e9rprete ven\u00eda generando gran expectativa con su <strong>nueva gira<\/strong> \u201c<strong>Tropitour<\/strong>\u201d, impulsada por el impacto de su reciente actuaci\u00f3n en el <strong>Coachella<\/strong>.<\/p>\n<div class=\"social-embed mb-4\">\n<blockquote class=\"instagram-media\" data-instgrm-permalink=\"https:\/\/www.instagram.com\/p\/DXZX44NgYEH\/?utm_source=ig_embed&amp;utm_campaign=loading\" data-instgrm-version=\"14\">\n<div> <a href=\"https:\/\/www.instagram.com\/p\/DXZX44NgYEH\/?utm_source=ig_embed&amp;utm_campaign=loading\" target=\"_blank\" title=\"       View this post on Instagram            \" rel=\"nofollow noopener noreferrer\"> <\/p>\n<div>\n<div><\/div>\n<div>\n<div><\/div>\n<div><\/div>\n<\/div>\n<\/div>\n<div><\/div>\n<div><\/div>\n<div>\n<div>View this post on Instagram<\/div>\n<\/div>\n<div><\/div>\n<div>\n<div>\n<div><\/div>\n<div><\/div>\n<div><\/div>\n<\/div>\n<div>\n<div><\/div>\n<div><\/div>\n<\/div>\n<div>\n<div><\/div>\n<div><\/div>\n<div><\/div>\n<\/div>\n<\/div>\n<div>\n<div><\/div>\n<div><\/div>\n<\/div>\n<p><\/a><\/p>\n<p><a href=\"https:\/\/www.instagram.com\/p\/DXZX44NgYEH\/?utm_source=ig_embed&amp;utm_campaign=loading\" target=\"_blank\" title=\"A post shared by GAMAL\u2122? (@gamalrd)\" rel=\"nofollow noopener noreferrer\">A post shared by GAMAL\u2122? (@gamalrd)<\/a><\/p>\n<\/div>\n<\/blockquote>\n<div class=\"lazyload\" data-script=\"https:\/\/www.instagram.com\/embed.js\"><\/div>\n<\/div>\n<p>Durante ese espect\u00e1culo, la <strong>artista<\/strong> estaba <strong>cerrando el evento<\/strong> con un <strong>mensaje<\/strong> que <strong>adelantaba su tour<\/strong>, lo que provoc\u00f3 la euforia del p\u00fablico; como resultado, el inter\u00e9s por sus presentaciones creci\u00f3 de manera significativa.<\/p>\n<h2>Gira mundial<\/h2>\n<p>La <strong>artista<\/strong> divulg\u00f3 este martes las <strong>fechas de la gira<\/strong>, que comenzar\u00e1 el pr\u00f3ximo <strong>24 de julio<\/strong> en el estadio Soldier Field de Chicago y culminar\u00e1 exactamente un a\u00f1o despu\u00e9s en el estadio <strong>San Siro<\/strong> de <strong>Mil\u00e1n<\/strong> (Italia).\u00a0\u00a0<\/p>\n<p>La primera parte de la <strong>gira<\/strong> -realizada con motivo de su m\u00e1s reciente \u00e1lbum, '<strong>Tropicoqueta<\/strong>'- se realizar\u00e1 en <strong>Norteam\u00e9rica<\/strong>, donde la colombiana visitar\u00e1 entre el <strong>24 de julio<\/strong> y el 15 de octubre las ciudades de Chicago, Toronto, Washington, Las Vegas, Los \u00c1ngeles, San Francisco, Seattle, Phoenix, San Antonio, El Paso, Boston, Nueva York, Atlanta, Houston, Miami y Tampa.<\/p>\n<p><strong>Karol G<\/strong> viajar\u00e1 despu\u00e9s a <strong>Latinoam\u00e9rica<\/strong>, donde se presentar\u00e1 antes de finalizar el a\u00f1o en Monterrey, Ciudad de M\u00e9xico, San Jos\u00e9, Bogot\u00e1, Quito, Lima, Santiago, Buenos Aires, Sao Paulo y San Juan, entre el <strong>5 de noviembre<\/strong> y el <strong>26 de febrero de 2027<\/strong>.\u00a0<\/p>\n<p>Luego, se\u00f1al\u00f3 su equipo en un comunicado, \"har\u00e1 historia al convertirse en la primera <strong>artista<\/strong> latina en llevar una <strong>gira de estadios<\/strong> por <strong>Europa<\/strong> dentro de un tour de alcance mundial\".<\/p>\n<p>El primer <strong>concierto<\/strong> europeo de La Bichota se llevar\u00e1 a cabo en el <strong>estadio Ol\u00edmpico de Barcelona<\/strong> el <strong>3 de junio de 2027<\/strong> y ocho d\u00edas despu\u00e9s, el 11 del mismo mes, se presentar\u00e1 en el estadio La Cartuja de Sevilla.<\/p>\n<p>Tambi\u00e9n pasar\u00e1 el <strong>18 de junio<\/strong> por <strong>Lisboa<\/strong> y el 24 se presentar\u00e1 en el <strong>Riyadh Air Metropolitano<\/strong> de Madrid.<\/p>\n<p>La <strong>gira<\/strong> continuar\u00e1 en <strong>Par\u00eds<\/strong>, <strong>Londres<\/strong>, Amsterdam, Varsovia, D\u00fcsseldorf, Lyon y <strong>Mil\u00e1n<\/strong>, donde culminar\u00e1 el tour el <strong>24 de julio<\/strong>.<\/p>\n<p>Sin embargo, la <strong>artista<\/strong> se\u00f1al\u00f3 que habr\u00e1 <strong>nuevas fechas<\/strong> en <strong>otras ciudades<\/strong>, que ser\u00e1n anunciadas pronto, como la que acaba de abrir en <strong>Santo Domingo<\/strong> (RD).<\/p>\n<p>Estos conciertos marcan el <strong>regreso<\/strong> de <strong>Karol G<\/strong> a los escenarios tras su \u00faltima <strong>gira<\/strong>, '<strong>Ma\u00f1ana ser\u00e1 bonito World Tour<\/strong>', con la que realiz\u00f3 <strong>64 conciertos<\/strong> en 22 pa\u00edses de Am\u00e9rica y <strong>Europa<\/strong> entre <strong>2023 y 2024<\/strong>.\u00a0<\/p>\n<ul>\n<li>La <strong>gira<\/strong> llega despu\u00e9s del \u00e9xito de su anterior recorrido mundial entre <strong>2023 y 2024<\/strong>, y debido a la alta demanda que suele generar en cada pa\u00eds, se espera una gran asistencia en <strong>Santo Domingo<\/strong>. Por lo tanto, la apertura de la <strong>venta de boletas<\/strong> en los pr\u00f3ximos d\u00edas ha despertado gran expectativa entre sus seguidores.<\/li>\n<\/ul>\n<div class=\"read-more mb-7\">    <span class=\"block mb-2\">Leer m\u00e1s<\/span>    <\/p>\n<ul class=\"glosa\">\n<li>\n<h3><a href=\"https:\/\/www.diariolibre.com\/revista\/musica\/2026\/04\/20\/karol-g-pasara-por-republica-dominicana-en-su-nueva-gira\/3508873?utm_source=relacionadas&amp;utm_medium=nota&amp;utm_campaign=relacionadas\" title=\"Tras su \u00e9xito en Coachella, Karol G pasar\u00e1 por Rep\u00fablica Dominicana en su nueva gira\">Tras su \u00e9xito en Coachella, Karol G pasar\u00e1 por Rep\u00fablica Dominicana en su nueva gira<\/a><\/h3>\n<\/li>\n<li>\n<h3><a href=\"https:\/\/www.diariolibre.com\/revista\/musica\/2026\/04\/20\/nos-vamos-de-tour-el-mensaje-que-los-fans-vinculan-con-karol-g\/3508496?utm_source=relacionadas&amp;utm_medium=nota&amp;utm_campaign=relacionadas\" title=\"\u201cNos vamos de tour\u201d: mensaje en vallas de Santo Domingo que algunos vinculan con Karol G\">\u201cNos vamos de tour\u201d: mensaje en vallas de Santo Domingo que algunos vinculan con Karol G<\/a><\/h3>\n<\/li>\n<\/ul>\n<\/div>\n<p><\/p>\n<p>\u200bEl concierto de la popular cantante colombiana Karol G en Rep\u00fablica Dominicana ya tiene fecha y escenario confirmados. La artista se presentar\u00e1 el 19 de febrero de 2027 en el Estadio Ol\u00edmpico F\u00e9lix S\u00e1nchez, seg\u00fan inform\u00f3 el empresario Gamal Hach\u00e9, responsable de traerla al pa\u00eds, a trav\u00e9s de sus redes sociales.El anuncio se produce mientras la int\u00e9rprete ven\u00eda generando gran expectativa con su nueva gira \u201cTropitour\u201d, impulsada por el impacto de su reciente actuaci\u00f3n en el Coachella.        View this post on Instagram            A post shared by GAMAL\u2122? (@gamalrd) Durante ese espect\u00e1culo, la artista estaba cerrando el evento con un mensaje que adelantaba su tour, lo que provoc\u00f3 la euforia del p\u00fablico; como resultado, el inter\u00e9s por sus presentaciones creci\u00f3 de manera significativa.Gira mundialLa artista divulg\u00f3 este martes las fechas de la gira, que comenzar\u00e1 el pr\u00f3ximo 24 de julio en el estadio Soldier Field de Chicago y culminar\u00e1 exactamente un a\u00f1o despu\u00e9s en el estadio San Siro de Mil\u00e1n (Italia).\u00a0\u00a0La primera parte de la gira -realizada con motivo de su m\u00e1s reciente \u00e1lbum, 'Tropicoqueta'- se realizar\u00e1 en Norteam\u00e9rica, donde la colombiana visitar\u00e1 entre el 24 de julio y el 15 de octubre las ciudades de Chicago, Toronto, Washington, Las Vegas, Los \u00c1ngeles, San Francisco, Seattle, Phoenix, San Antonio, El Paso, Boston, Nueva York, Atlanta, Houston, Miami y Tampa.Karol G viajar\u00e1 despu\u00e9s a Latinoam\u00e9rica, donde se presentar\u00e1 antes de finalizar el a\u00f1o en Monterrey, Ciudad de M\u00e9xico, San Jos\u00e9, Bogot\u00e1, Quito, Lima, Santiago, Buenos Aires, Sao Paulo y San Juan, entre el 5 de noviembre y el 26 de febrero de 2027.\u00a0Luego, se\u00f1al\u00f3 su equipo en un comunicado, \"har\u00e1 historia al convertirse en la primera artista latina en llevar una gira de estadios por Europa dentro de un tour de alcance mundial\".El primer concierto europeo de La Bichota se llevar\u00e1 a cabo en el estadio Ol\u00edmpico de Barcelona el 3 de junio de 2027 y ocho d\u00edas despu\u00e9s, el 11 del mismo mes, se presentar\u00e1 en el estadio La Cartuja de Sevilla.Tambi\u00e9n pasar\u00e1 el 18 de junio por Lisboa y el 24 se presentar\u00e1 en el Riyadh Air Metropolitano de Madrid.La gira continuar\u00e1 en Par\u00eds, Londres, Amsterdam, Varsovia, D\u00fcsseldorf, Lyon y Mil\u00e1n, donde culminar\u00e1 el tour el 24 de julio.Sin embargo, la artista se\u00f1al\u00f3 que habr\u00e1 nuevas fechas en otras ciudades, que ser\u00e1n anunciadas pronto, como la que acaba de abrir en Santo Domingo (RD).Estos conciertos marcan el regreso de Karol G a los escenarios tras su \u00faltima gira, 'Ma\u00f1ana ser\u00e1 bonito World Tour', con la que realiz\u00f3 64 conciertos en 22 pa\u00edses de Am\u00e9rica y Europa entre 2023 y 2024.\u00a0    La gira llega despu\u00e9s del \u00e9xito de su anterior recorrido mundial entre 2023 y 2024, y debido a la alta demanda que suele generar en cada pa\u00eds, se espera una gran asistencia en Santo Domingo. Por lo tanto, la apertura de la venta de boletas en los pr\u00f3ximos d\u00edas ha despertado gran expectativa entre sus seguidores.    Leer m\u00e1s                            Tras su \u00e9xito en Coachella, Karol G pasar\u00e1 por Rep\u00fablica Dominicana en su nueva gira                            \u201cNos vamos de tour\u201d: mensaje en vallas de Santo Domingo que algunos vinculan con Karol G\u00a0\u00a0Revista, M\u00fasica, Diario Libre, Santo Domingo, Cantante, Concierto de Karol G en RD, Concierto de Karol G en Rep\u00fablica Dominicana, Nueva gira de Karol G\u00a0<\/p>\n","protected":false},"excerpt":{"rendered":"<p>El concierto de la popular cantante colombiana Karol G en Rep\u00fablica Dominicana ya tiene fecha y escenario confirmados. La artista se presentar\u00e1 el 19 de febrero de 2027 en el Estadio Ol\u00edmpico F\u00e9lix S\u00e1nchez, seg\u00fan inform\u00f3 el empresario Gamal Hach\u00e9, responsable de traerla al pa\u00eds, a trav\u00e9s de sus redes sociales. El anuncio se produce [&hellip;]<\/p>\n","protected":false},"author":1,"featured_media":21262,"comment_status":"open","ping_status":"open","sticky":false,"template":"","format":"standard","meta":{"amp_status":"","footnotes":""},"categories":[9],"tags":[],"class_list":["post-21359","post","type-post","status-publish","format-standard","has-post-thumbnail","hentry","category-espectaculo"],"_links":{"self":[{"href":"https:\/\/ermdigital.com\/index.php?rest_route=\/wp\/v2\/posts\/21359","targetHints":{"allow":["GET"]}}],"collection":[{"href":"https:\/\/ermdigital.com\/index.php?rest_route=\/wp\/v2\/posts"}],"about":[{"href":"https:\/\/ermdigital.com\/index.php?rest_route=\/wp\/v2\/types\/post"}],"author":[{"embeddable":true,"href":"https:\/\/ermdigital.com\/index.php?rest_route=\/wp\/v2\/users\/1"}],"replies":[{"embeddable":true,"href":"https:\/\/ermdigital.com\/index.php?rest_route=%2Fwp%2Fv2%2Fcomments&post=21359"}],"version-history":[{"count":0,"href":"https:\/\/ermdigital.com\/index.php?rest_route=\/wp\/v2\/posts\/21359\/revisions"}],"wp:featuredmedia":[{"embeddable":true,"href":"https:\/\/ermdigital.com\/index.php?rest_route=\/wp\/v2\/media\/21262"}],"wp:attachment":[{"href":"https:\/\/ermdigital.com\/index.php?rest_route=%2Fwp%2Fv2%2Fmedia&parent=21359"}],"wp:term":[{"taxonomy":"category","embeddable":true,"href":"https:\/\/ermdigital.com\/index.php?rest_route=%2Fwp%2Fv2%2Fcategories&post=21359"},{"taxonomy":"post_tag","embeddable":true,"href":"https:\/\/ermdigital.com\/index.php?rest_route=%2Fwp%2Fv2%2Ftags&post=21359"}],"curies":[{"name":"wp","href":"https:\/\/api.w.org\/{rel}","templated":true}]}}