{"id":21329,"date":"2026-04-20T20:01:00","date_gmt":"2026-04-21T00:01:00","guid":{"rendered":"https:\/\/ermdigital.com\/index.php\/2026\/04\/20\/jose-miguel-soto-jimenez-narra-origen-los-muchachos-de-la-democracia\/"},"modified":"2026-04-20T20:01:00","modified_gmt":"2026-04-21T00:01:00","slug":"jose-miguel-soto-jimenez-narra-origen-los-muchachos-de-la-democracia","status":"publish","type":"post","link":"https:\/\/ermdigital.com\/?p=21329","title":{"rendered":"Jos\u00e9 Miguel Soto Jim\u00e9nez narra origen \"Los muchachos de la democracia\""},"content":{"rendered":"<p>El <strong>general retirado<\/strong> y escritor <strong>Jos\u00e9 Miguel Soto Jim\u00e9nez<\/strong> abre las p\u00e1ginas de un momento hist\u00f3rico de su vida con el <strong>libro<\/strong> \u201c<strong>Los muchachos de la democracia<\/strong>\u201d.<\/p>\n<p>En primera persona y 36 a\u00f1os despu\u00e9s, el autor decide contar ahora esta historia porque considera que es \u201cuna <strong>deuda moral<\/strong> con esos <strong>oficiales<\/strong> y su <strong>vocaci\u00f3n democr\u00e1tica<\/strong>\u201d. Y especifica: \u201cEn el 90 no busc\u00e1bamos el poder, sino defender la voluntad popular\u201d.<\/p>\n<p>El militar y <strong>Secretario de Estado<\/strong> de las <strong>Fuerzas Armadas<\/strong> en el periodo 2000-2004 narra los acontecimientos que dieron lugar a la conformaci\u00f3n de \u201c<strong>Los muchachos de la democracia<\/strong>\u201d, un grupo de <strong>oficiales<\/strong> de primer nivel que en 1990 se unieron para defender la expresi\u00f3n del pueblo en las urnas.<\/p>\n<p>El <strong>libro<\/strong> de 248 p\u00e1ginas se enfoca en la <strong>crisis electoral<\/strong> del llamado \u201c<strong>fraude colosal<\/strong>\u201d que sacudi\u00f3 al pa\u00eds y vivieron tres <strong>l\u00edderes hist\u00f3ricos<\/strong>: Joaqu\u00edn Balaguer (Partido Reformista Social Cristiano), Juan Bosch (Partido de la Liberaci\u00f3n Dominicana) y Jos\u00e9 Francisco <strong>Pe\u00f1a G\u00f3mez<\/strong> (Partido Revolucionario Dominicano).<\/p>\n<p>La mayor\u00eda de esos <strong>cien militares<\/strong>, encabezados por Soto Jim\u00e9nez, eran <strong>j\u00f3venes<\/strong> y con br\u00edos idealistas y constitucionalistas.<\/p>\n<p>\u201cPara esa \u00e9poca, yo estaba completamente inmerso en asuntos puramente militares, tanto en el <strong>comando<\/strong> de mi unidad, el <strong>Sexto Batall\u00f3n de Cazadores<\/strong>, como en la <strong>docencia<\/strong> peri\u00f3dica en el curso de <strong>Comando<\/strong> y Estado Mayor\u201d, relata.<\/p>\n<p>En una entrevista con Diario Libre en su residencia, el general se confiesa: \u201cHab\u00eda que <strong>decir la verdad<\/strong> y hab\u00eda que hacerlo ahora\u201d. Y lo hace porque la mayor\u00eda de los protagonistas de esos hechos a\u00fan viven, lo que permite sostener el relato con <strong>responsabilidad hist\u00f3rica<\/strong>.<\/p>\n<h2>Crisis electorales<\/h2>\n<figure class=\"inline-block\">\n<div class=\"expand-img-placeholder\"><img loading=\"lazy\" decoding=\"async\" src=\"https:\/\/resources.diariolibre.com\/images\/expand.svg\" alt=\"Expandir imagen\" width=\"20\" height=\"20\"><span class=\"rutaimagenoriginal-placeholder\">https:\/\/resources.diariolibre.com\/images\/2026\/04\/21\/imagen-06042026-soto-jimenez-publica-su-nueva-obra-los-muchachos-de-la-democracia-samil-mateo-dominici10jpg-da33fb09.jpeg<\/span><\/div>\n<p><img decoding=\"async\" loading=\"lazy\" src=\"https:\/\/resources.diariolibre.com\/images\/2026\/04\/21\/imagen-06042026-soto-jimenez-publica-su-nueva-obra-los-muchachos-de-la-democracia-samil-mateo-dominici10jpg-da33fb09.jpeg\" width=\"auto\" height=\"350\" alt=\"Infograf\u00eda\" class=\"mx-auto\"><figcaption><span>Portada de la obra Los muchachos de la democracia.<\/span><span> (<strong>SAMIL MATEO DOMINICI<\/strong>)<\/span><\/figcaption><\/figure>\n<p>La primera parte de la historia se remonta al 16 de mayo de 1990, en medio de <strong>cuestionamientos electorales<\/strong> durante el gobierno de Balaguer y las denuncias de fraude que marcaron la contienda en la que participaba el profesor Juan Bosch. En ese contexto, seg\u00fan narra, surgi\u00f3 dentro de las <strong>Fuerzas Armadas<\/strong> un grupo de <strong>oficiales<\/strong> con una <strong>visi\u00f3n distinta<\/strong> del <strong>rol<\/strong> militar.<\/p>\n<p>\u201cSi se revisa la historia, los <strong>movimientos militares<\/strong> buscaban el poder. Nosotros quer\u00edamos proteger la voluntad popular\u201d, sostiene.<\/p>\n<p>Ese grupo, sin nombre formal para evitar ser detectado por los organismos de inteligencia, fue bautizado por el expresidente <strong>Hip\u00f3lito Mej\u00eda<\/strong> como \u201c<strong>los muchachos de la democracia<\/strong>\u201d, una <strong>denominaci\u00f3n<\/strong> que termin\u00f3 definiendo su identidad y dando t\u00edtulo al <strong>libro<\/strong>.\u00a0<\/p>\n<p>Soto Jim\u00e9nez reconoce que, visto desde hoy, se trat\u00f3 de una \u201c<strong>anomal\u00eda institucional<\/strong>\u201d, pero insiste en que respondi\u00f3 a otra anomal\u00eda mayor: el <strong>riesgo<\/strong> de desconocer el <strong>voto ciudadano<\/strong>.<\/p>\n<p>El movimiento creci\u00f3 de forma sostenida hasta alcanzar cerca de 170 <strong>oficiales<\/strong> en 1994, a\u00f1o clave por la <strong>crisis electoral<\/strong> vinculada al l\u00edder de masas <strong>Pe\u00f1a G\u00f3mez<\/strong>. <\/p>\n<ul>\n<li>Al preguntarle si el objetivo era una acci\u00f3n subversiva, respondi\u00f3 tajante que el grupo nunca ejecut\u00f3 levantamientos ni enfrentamientos internos, ni hubo derramamiento de sangre. Su actuaci\u00f3n se mantuvo dentro de una l\u00f3gica de <strong>contenci\u00f3n<\/strong>.<\/li>\n<\/ul>\n<p>A\u00f1os despu\u00e9s, varios de esos <strong>oficiales<\/strong> alcanzaron <strong>posiciones de mando<\/strong> y desde all\u00ed impulsaron <strong>reformas<\/strong> para la profesionalizaci\u00f3n y despolitizaci\u00f3n de las <strong>Fuerzas Armadas<\/strong>.\u00a0<\/p>\n<p>Seg\u00fan explica, se dise\u00f1\u00f3 un <strong>plan integral<\/strong> de <strong>institucionalidad<\/strong> que sirvi\u00f3 de base para decisiones adoptadas en el gobierno del presidente Mej\u00eda (2000-2004) y que, asegura, fue continuado por administraciones posteriores, incluyendo la de Leonel Fern\u00e1ndez (2004-2012).<\/p>\n<p>El autor del <strong>libro<\/strong> menciona en su obra el papel desempe\u00f1ado por un grupo de <strong>oficiales<\/strong> entre los que se destacan <strong>Manuel Ernesto Polanco Salvador<\/strong>, Jos\u00e9 Gonz\u00e1lez Ram\u00edrez, <strong>Jorge Zorrilla Ozuna<\/strong>, Eur\u00edpides Uribe Peguero y otros coroneles que \u201cestaban comprometidos con la defensa de la <strong>institucionalidad<\/strong> democr\u00e1tica, asumiendo decisiones firmes orientadas a preservar la estabilidad institucional del pa\u00eds\u201d.\u00a0<\/p>\n<p>El tambi\u00e9n <strong>exembajador<\/strong> en Taiw\u00e1n y los Emiratos \u00c1rabes Unidos, hace \u00e9nfasis en el <strong>mensaje<\/strong> de \u201c<strong>Los muchachos de la democracia<\/strong>\u201d: <\/p>\n<p><!-- ctrlPlaceHolderQuote Inicio --><\/p>\n<div class=\"mb-5 component cita\">    <i>\"El gran legado no es el grupo en s\u00ed, sino lo que se construy\u00f3 despu\u00e9s: unas Fuerzas Armadas m\u00e1s institucionales, subordinadas al poder civil y alejadas de la pol\u00edtica\"<\/i>        <span class=\"author\"><strong>Jos\u00e9 Miguel Soto Jim\u00e9nez<\/strong><\/span>        <span class=\"status\">Escritor<\/span>        <span class=\"cita-icon\">\u201c<\/span><\/div>\n<p><!-- ctrlPlaceHolderQuote Final --><\/p>\n<figure class=\"inline-block\">\n<div class=\"expand-img-placeholder\"><img loading=\"lazy\" decoding=\"async\" src=\"https:\/\/resources.diariolibre.com\/images\/expand.svg\" alt=\"Expandir imagen\" width=\"20\" height=\"20\"><span class=\"rutaimagenoriginal-placeholder\">https:\/\/resources.diariolibre.com\/images\/2026\/04\/21\/e3ad57a3-4861-4a89-a5d6-71039703d517-75010e96.jpg<\/span><\/div>\n<p><img decoding=\"async\" loading=\"lazy\" src=\"https:\/\/resources.diariolibre.com\/images\/2026\/04\/21\/e3ad57a3-4861-4a89-a5d6-71039703d517-75010e96.jpg\" width=\"auto\" height=\"350\" alt=\"Infograf\u00eda\" class=\"mx-auto\"><figcaption><span>Soto Jim\u00e9nez durante la puesta en circulaci\u00f3n del libro.<\/span><span> (<strong>SAMIL MATEO DOMINICI<\/strong>)<\/span><\/figcaption><\/figure>\n<h2>Avanza la <strong>democracia<\/strong>\u00a0<\/h2>\n<p>M\u00e1s de tres d\u00e9cadas despu\u00e9s de este episodio de la historia reciente, Soto Jim\u00e9nez eval\u00faa que la <strong>construcci\u00f3n<\/strong> de la <strong>democracia<\/strong> comenz\u00f3 d\u00e9cadas atr\u00e1s a partir de la ca\u00edda de la dictadura de Rafael Le\u00f3nidas Trujillo.<\/p>\n<p>Al analizar la <strong>democracia<\/strong> dominicana hoy, el escritor evit\u00f3 hablar de \u201csi la tenemos o no\u201d, m\u00e1s bien la describe como un <strong>proceso en desarrollo<\/strong>. \u201cHemos avanzado mucho. Es una <strong>democracia<\/strong> en <strong>construcci\u00f3n<\/strong>\u201d.<\/p>\n<p>Sin embargo, advierte que el mayor <strong>riesgo<\/strong> es el <strong>retroceso<\/strong>.<\/p>\n<p>\u201cNo podemos permitir que la <strong>democracia<\/strong> involucione. Ha costado demasiado llegar hasta aqu\u00ed\u201d, afirma.<\/p>\n<h2>Partidos y ciudadan\u00eda<\/h2>\n<p>Ante esto, llega una pregunta obligada para que esto no suceda: \u00bfqu\u00e9 <strong>rol<\/strong> deben jugar los <strong>partidos pol\u00edticos<\/strong> para proteger la <strong>democracia<\/strong> y el pa\u00eds? Su an\u00e1lisis es el siguiente:<\/p>\n<p>\u201cEl <strong>inter\u00e9s nacional<\/strong> debe estar por encima de cualquier inter\u00e9s particular. Las organizaciones pol\u00edticas deben fortalecer el <strong>Estado de derecho<\/strong>, evitar pr\u00e1cticas que generen desigualdades y actuar con <strong>responsabilidad institucional<\/strong>\u201d.<\/p>\n<p>Al mismo tiempo, coloca al <strong>ciudadano<\/strong> en el centro del sistema. \u201cHoy el principal <strong>actor pol\u00edtico<\/strong> es el <strong>ciudadano<\/strong> consciente de sus <strong>derechos y deberes<\/strong>\u201d.\u00a0<\/p>\n<p>E insiste en que la <strong>democracia<\/strong> no puede estar limitada a un concepto formal. Debe traducirse en <strong>bienestar<\/strong>.<\/p>\n<h2>Se cura con m\u00e1s democracia\u201d<\/h2>\n<p>Frente a tensiones globales y escenarios de incertidumbre, el <strong>exministro <\/strong>apuesta por el fortalecimiento del sistema democr\u00e1tico. \u201cLa democracia no se debilita con m\u00e1s democracia, se fortalece. Se cura con m\u00e1s democracia\u201d, resume.<\/p>\n<ul>\n<li>Expres\u00f3 que los integrantes de \u201c<strong>Los muchachos de la democracia<\/strong>\u201d hoy est\u00e1n dispersos en distintas corrientes pol\u00edticas, lo que, a su juicio, confirma que nunca \"respondieron a intereses partidarios\".<\/li>\n<\/ul>\n<p><strong>Jos\u00e9 Miguel Soto Jim\u00e9nez<\/strong> le dedica el <strong>libro<\/strong> al l\u00edder que apost\u00f3 a la preservaci\u00f3n de la democracia, Jos\u00e9 Francisco Pe\u00f1a G\u00f3mez, a quien cita as\u00ed: \"Al doctor <strong>Pe\u00f1a G\u00f3mez<\/strong>, a los 27 a\u00f1os de su partida, 'porque la muerte no releva a los hombres del compromiso con la amistad\".<\/p>\n<p>\u200bEl general retirado y escritor Jos\u00e9 Miguel Soto Jim\u00e9nez abre las p\u00e1ginas de un momento hist\u00f3rico de su vida con el libro \u201cLos muchachos de la democracia\u201d.En primera persona y 36 a\u00f1os despu\u00e9s, el autor decide contar ahora esta historia porque considera que es \u201cuna deuda moral con esos oficiales y su vocaci\u00f3n democr\u00e1tica\u201d. Y especifica: \u201cEn el 90 no busc\u00e1bamos el poder, sino defender la voluntad popular\u201d.El militar y Secretario de Estado de las Fuerzas Armadas en el periodo 2000-2004 narra los acontecimientos que dieron lugar a la conformaci\u00f3n de \u201cLos muchachos de la democracia\u201d, un grupo de oficiales de primer nivel que en 1990 se unieron para defender la expresi\u00f3n del pueblo en las urnas.El libro de 248 p\u00e1ginas se enfoca en la crisis electoral del llamado \u201cfraude colosal\u201d que sacudi\u00f3 al pa\u00eds y vivieron tres l\u00edderes hist\u00f3ricos: Joaqu\u00edn Balaguer (Partido Reformista Social Cristiano), Juan Bosch (Partido de la Liberaci\u00f3n Dominicana) y Jos\u00e9 Francisco Pe\u00f1a G\u00f3mez (Partido Revolucionario Dominicano).La mayor\u00eda de esos cien militares, encabezados por Soto Jim\u00e9nez, eran j\u00f3venes y con br\u00edos idealistas y constitucionalistas.\u201cPara esa \u00e9poca, yo estaba completamente inmerso en asuntos puramente militares, tanto en el comando de mi unidad, el Sexto Batall\u00f3n de Cazadores, como en la docencia peri\u00f3dica en el curso de Comando y Estado Mayor\u201d, relata.En una entrevista con Diario Libre en su residencia, el general se confiesa: \u201cHab\u00eda que decir la verdad y hab\u00eda que hacerlo ahora\u201d. Y lo hace porque la mayor\u00eda de los protagonistas de esos hechos a\u00fan viven, lo que permite sostener el relato con responsabilidad hist\u00f3rica.Crisis electoraleshttps:\/\/resources.diariolibre.com\/images\/2026\/04\/21\/imagen-06042026-soto-jimenez-publica-su-nueva-obra-los-muchachos-de-la-democracia-samil-mateo-dominici10jpg-da33fb09.jpegPortada de la obra Los muchachos de la democracia. (SAMIL MATEO DOMINICI)La primera parte de la historia se remonta al 16 de mayo de 1990, en medio de cuestionamientos electorales durante el gobierno de Balaguer y las denuncias de fraude que marcaron la contienda en la que participaba el profesor Juan Bosch. En ese contexto, seg\u00fan narra, surgi\u00f3 dentro de las Fuerzas Armadas un grupo de oficiales con una visi\u00f3n distinta del rol militar.\u201cSi se revisa la historia, los movimientos militares buscaban el poder. Nosotros quer\u00edamos proteger la voluntad popular\u201d, sostiene.Ese grupo, sin nombre formal para evitar ser detectado por los organismos de inteligencia, fue bautizado por el expresidente Hip\u00f3lito Mej\u00eda como \u201clos muchachos de la democracia\u201d, una denominaci\u00f3n que termin\u00f3 definiendo su identidad y dando t\u00edtulo al libro.\u00a0Soto Jim\u00e9nez reconoce que, visto desde hoy, se trat\u00f3 de una \u201canomal\u00eda institucional\u201d, pero insiste en que respondi\u00f3 a otra anomal\u00eda mayor: el riesgo de desconocer el voto ciudadano.El movimiento creci\u00f3 de forma sostenida hasta alcanzar cerca de 170 oficiales en 1994, a\u00f1o clave por la crisis electoral vinculada al l\u00edder de masas Pe\u00f1a G\u00f3mez.     Al preguntarle si el objetivo era una acci\u00f3n subversiva, respondi\u00f3 tajante que el grupo nunca ejecut\u00f3 levantamientos ni enfrentamientos internos, ni hubo derramamiento de sangre. Su actuaci\u00f3n se mantuvo dentro de una l\u00f3gica de contenci\u00f3n.A\u00f1os despu\u00e9s, varios de esos oficiales alcanzaron posiciones de mando y desde all\u00ed impulsaron reformas para la profesionalizaci\u00f3n y despolitizaci\u00f3n de las Fuerzas Armadas.\u00a0Seg\u00fan explica, se dise\u00f1\u00f3 un plan integral de institucionalidad que sirvi\u00f3 de base para decisiones adoptadas en el gobierno del presidente Mej\u00eda (2000-2004) y que, asegura, fue continuado por administraciones posteriores, incluyendo la de Leonel Fern\u00e1ndez (2004-2012).El autor del libro menciona en su obra el papel desempe\u00f1ado por un grupo de oficiales entre los que se destacan Manuel Ernesto Polanco Salvador, Jos\u00e9 Gonz\u00e1lez Ram\u00edrez, Jorge Zorrilla Ozuna, Eur\u00edpides Uribe Peguero y otros coroneles que \u201cestaban comprometidos con la defensa de la institucionalidad democr\u00e1tica, asumiendo decisiones firmes orientadas a preservar la estabilidad institucional del pa\u00eds\u201d.\u00a0El tambi\u00e9n exembajador en Taiw\u00e1n y los Emiratos \u00c1rabes Unidos, hace \u00e9nfasis en el mensaje de \u201cLos muchachos de la democracia\u201d:     \"El gran legado no es el grupo en s\u00ed, sino lo que se construy\u00f3 despu\u00e9s: unas Fuerzas Armadas m\u00e1s institucionales, subordinadas al poder civil y alejadas de la pol\u00edtica\"        Jos\u00e9 Miguel Soto Jim\u00e9nez        Escritor        \u201chttps:\/\/resources.diariolibre.com\/images\/2026\/04\/21\/e3ad57a3-4861-4a89-a5d6-71039703d517-75010e96.jpgSoto Jim\u00e9nez durante la puesta en circulaci\u00f3n del libro. (SAMIL MATEO DOMINICI)Avanza la democracia\u00a0M\u00e1s de tres d\u00e9cadas despu\u00e9s de este episodio de la historia reciente, Soto Jim\u00e9nez eval\u00faa que la construcci\u00f3n de la democracia comenz\u00f3 d\u00e9cadas atr\u00e1s a partir de la ca\u00edda de la dictadura de Rafael Le\u00f3nidas Trujillo.Al analizar la democracia dominicana hoy, el escritor evit\u00f3 hablar de \u201csi la tenemos o no\u201d, m\u00e1s bien la describe como un proceso en desarrollo. \u201cHemos avanzado mucho. Es una democracia en construcci\u00f3n\u201d.Sin embargo, advierte que el mayor riesgo es el retroceso.\u201cNo podemos permitir que la democracia involucione. Ha costado demasiado llegar hasta aqu\u00ed\u201d, afirma.Partidos y ciudadan\u00edaAnte esto, llega una pregunta obligada para que esto no suceda: \u00bfqu\u00e9 rol deben jugar los partidos pol\u00edticos para proteger la democracia y el pa\u00eds? Su an\u00e1lisis es el siguiente:\u201cEl inter\u00e9s nacional debe estar por encima de cualquier inter\u00e9s particular. Las organizaciones pol\u00edticas deben fortalecer el Estado de derecho, evitar pr\u00e1cticas que generen desigualdades y actuar con responsabilidad institucional\u201d.Al mismo tiempo, coloca al ciudadano en el centro del sistema. \u201cHoy el principal actor pol\u00edtico es el ciudadano consciente de sus derechos y deberes\u201d.\u00a0E insiste en que la democracia no puede estar limitada a un concepto formal. Debe traducirse en bienestar.Se cura con m\u00e1s democracia\u201dFrente a tensiones globales y escenarios de incertidumbre, el exministro apuesta por el fortalecimiento del sistema democr\u00e1tico. \u201cLa democracia no se debilita con m\u00e1s democracia, se fortalece. Se cura con m\u00e1s democracia\u201d, resume.    Expres\u00f3 que los integrantes de \u201cLos muchachos de la democracia\u201d hoy est\u00e1n dispersos en distintas corrientes pol\u00edticas, lo que, a su juicio, confirma que nunca \"respondieron a intereses partidarios\".Jos\u00e9 Miguel Soto Jim\u00e9nez le dedica el libro al l\u00edder que apost\u00f3 a la preservaci\u00f3n de la democracia, Jos\u00e9 Francisco Pe\u00f1a G\u00f3mez, a quien cita as\u00ed: \"Al doctor Pe\u00f1a G\u00f3mez, a los 27 a\u00f1os de su partida, 'porque la muerte no releva a los hombres del compromiso con la amistad\".\u00a0\u00a0Revista, Cultura, Daniela Pujols, Santo Domingo, Jos\u00e9 Miguel Soto Jim\u00e9nez, Libro, Los muchachos de la democracia, vocaci\u00f3n democr\u00e1tica\u00a0<\/p>\n","protected":false},"excerpt":{"rendered":"<p>El general retirado y escritor Jos\u00e9 Miguel Soto Jim\u00e9nez abre las p\u00e1ginas de un momento hist\u00f3rico de su vida con el libro \u201cLos muchachos de la democracia\u201d. En primera persona y 36 a\u00f1os despu\u00e9s, el autor decide contar ahora esta historia porque considera que es \u201cuna deuda moral con esos oficiales y su vocaci\u00f3n democr\u00e1tica\u201d. [&hellip;]<\/p>\n","protected":false},"author":1,"featured_media":21046,"comment_status":"open","ping_status":"open","sticky":false,"template":"","format":"standard","meta":{"amp_status":"","footnotes":""},"categories":[9],"tags":[],"class_list":["post-21329","post","type-post","status-publish","format-standard","has-post-thumbnail","hentry","category-espectaculo"],"_links":{"self":[{"href":"https:\/\/ermdigital.com\/index.php?rest_route=\/wp\/v2\/posts\/21329","targetHints":{"allow":["GET"]}}],"collection":[{"href":"https:\/\/ermdigital.com\/index.php?rest_route=\/wp\/v2\/posts"}],"about":[{"href":"https:\/\/ermdigital.com\/index.php?rest_route=\/wp\/v2\/types\/post"}],"author":[{"embeddable":true,"href":"https:\/\/ermdigital.com\/index.php?rest_route=\/wp\/v2\/users\/1"}],"replies":[{"embeddable":true,"href":"https:\/\/ermdigital.com\/index.php?rest_route=%2Fwp%2Fv2%2Fcomments&post=21329"}],"version-history":[{"count":0,"href":"https:\/\/ermdigital.com\/index.php?rest_route=\/wp\/v2\/posts\/21329\/revisions"}],"wp:featuredmedia":[{"embeddable":true,"href":"https:\/\/ermdigital.com\/index.php?rest_route=\/wp\/v2\/media\/21046"}],"wp:attachment":[{"href":"https:\/\/ermdigital.com\/index.php?rest_route=%2Fwp%2Fv2%2Fmedia&parent=21329"}],"wp:term":[{"taxonomy":"category","embeddable":true,"href":"https:\/\/ermdigital.com\/index.php?rest_route=%2Fwp%2Fv2%2Fcategories&post=21329"},{"taxonomy":"post_tag","embeddable":true,"href":"https:\/\/ermdigital.com\/index.php?rest_route=%2Fwp%2Fv2%2Ftags&post=21329"}],"curies":[{"name":"wp","href":"https:\/\/api.w.org\/{rel}","templated":true}]}}