{"id":21309,"date":"2026-04-20T19:34:00","date_gmt":"2026-04-20T23:34:00","guid":{"rendered":"https:\/\/ermdigital.com\/index.php\/2026\/04\/20\/yarony-montero-irrumpe-con-fuerza-en-la-escena-de-la-bachata\/"},"modified":"2026-04-20T19:34:00","modified_gmt":"2026-04-20T23:34:00","slug":"yarony-montero-irrumpe-con-fuerza-en-la-escena-de-la-bachata","status":"publish","type":"post","link":"https:\/\/ermdigital.com\/?p=21309","title":{"rendered":"Yarony Montero irrumpe con fuerza en la escena de la bachata"},"content":{"rendered":"<p>El artista emergente de <strong>bachata<\/strong>, <strong>Yarony Montero<\/strong>, contin\u00faa desarrollando su carrera a pasos agigantados dentro del g\u00e9nero, esta vez con una su <strong>nuevo tema<\/strong> \u201c<strong>Deber\u00edan darme un Oscar<\/strong>\u201d junto a Nacho Estrella y su presentaci\u00f3n en el reconocido Coca-Cola Music Hall de Puerto Rico.<\/p>\n<p>Montero particip\u00f3 como <strong>invitado especial<\/strong> de <strong>El Chaval de la Bachata<\/strong> en el evento \u201cLos Amigos Concert\u201d en el <strong>Coca Cola Music Hall\u00a0<\/strong>logrando conectar de manera inmediata con el p\u00fablico presente. Durante m\u00e1s de 18 minutos en escena, el joven bachatero mantuvo a los espectadores en total euforia, demostrando su crecimiento art\u00edstico y dominio esc\u00e9nico.<\/p>\n<p>En su intervenci\u00f3n, interpret\u00f3 tres de sus temas: \u201c<strong>Dios<\/strong>\u201d, \u201c<strong>Lado Fr\u00e1gil<\/strong>\u201d y \u201c<strong>Abr\u00e1zame Muy Fuerte<\/strong>\u201d Este \u00faltimo fue dedicado de manera especial a su abuela, a su madre y a todas las madres de Puerto Rico y del mundo, generando un momento de gran emotividad entre los presentes.<\/p>\n<div class=\"social-embed mb-4\">\n<div class=\"placeholderYoutube\"><\/div>\n<\/div>\n<p>Posteriormente, sorprendi\u00f3 al p\u00fablico al interpretar el <strong>mega \u00e9xito<\/strong> \u201c<strong>Canalla<\/strong>\u201d junto a <strong>su t\u00edo<\/strong> y anfitri\u00f3n de la noche, desatando la ovaci\u00f3n del p\u00fablico y elevando a\u00fan m\u00e1s la energ\u00eda del espect\u00e1culo, indica una nota de prensa.<\/p>\n<div class=\"w-full pt-2 float-left inside-related\">    <span class=\"border-b border-black pb-3 mb-4 block\"><strong>RELACIONADAS<\/strong><\/span>                <\/p>\n<article class=\"flex flex-wrap border-b pb-4 mb-3 inline-block\">\n<div class=\"xl:w-2\/12 w-4\/12\">\n<figure class=\"mb-0\">                                                    <a href=\"https:\/\/www.diariolibre.com\/revista\/musica\/2025\/02\/17\/descubre-el-exito-de-yarony-montero\/3002134?utm_source=relacionadas&amp;utm_medium=nota&amp;utm_campaign=relacionadas\" title=\"                                                                                                                            \">                                                                <img decoding=\"async\" loading=\"lazy\" src=\"https:\/\/resources.diariolibre.com\/images\/2025\/02\/17\/descubre-el-exito-de-yarony-montero-focus-min0.08-0.47-149-99.jpg\" width=\"149\" height=\"99\" title=\"Yarony Montero celebra el \u00e9xito de \u201cPartido en dos\u201d\" alt=\"Yarony Montero celebra el \u00e9xito de \u201cPartido en dos\u201d\" class=\"object-cover\">                                                            <\/a>                                            <\/figure>\n<\/p><\/div>\n<div class=\"xl:w-10\/12 w-8\/12 pl-3\">\n<div class=\"text-md mb-2 meta\">                        <a href=\"https:\/\/www.diariolibre.com\/revista\/musica\" title=\"M\u00fasica\">M\u00fasica<\/a>                    <\/div>\n<h2><a href=\"https:\/\/www.diariolibre.com\/revista\/musica\/2025\/02\/17\/descubre-el-exito-de-yarony-montero\/3002134?utm_source=relacionadas&amp;utm_medium=nota&amp;utm_campaign=relacionadas\" title=\"Yarony Montero celebra el \u00e9xito de \u201cPartido en dos\u201d\">Yarony Montero celebra el \u00e9xito de \u201cPartido en dos\u201d<\/a><\/h2>\n<\/p><\/div>\n<\/article><\/div>\n<figure class=\"inline-block\">\n<div class=\"expand-img-placeholder\"><img loading=\"lazy\" decoding=\"async\" src=\"https:\/\/resources.diariolibre.com\/images\/expand.svg\" alt=\"Expandir imagen\" width=\"20\" height=\"20\"><span class=\"rutaimagenoriginal-placeholder\">https:\/\/resources.diariolibre.com\/images\/2026\/04\/21\/6146195a-3421-4629-a9d8-d96153e866fa-b8b2e755.jpg<\/span><\/div>\n<p><img decoding=\"async\" loading=\"lazy\" src=\"https:\/\/resources.diariolibre.com\/images\/2026\/04\/21\/6146195a-3421-4629-a9d8-d96153e866fa-b8b2e755.jpg\" width=\"auto\" height=\"350\" alt=\"Infograf\u00eda\" class=\"mx-auto\"><figcaption><span>La canci\u00f3n est\u00e1 disponible en las plataformas digitales.<\/span><\/figcaption><\/figure>\n<p>Bajo la direcci\u00f3n de <strong>WD Producciones<\/strong> y el sello <strong>829Music<\/strong>, el int\u00e9rprete trabaja en sus <strong>pr\u00f3ximos proyectos<\/strong> para consolidarse en la escena internacional.<\/p>\n<p>Esta participaci\u00f3n se suma a importantes escenarios en los que el joven artista ya ha tenido presencia, incluyendo el <strong>United Palace<\/strong> de Nueva York, la <strong>Arena del Cibao<\/strong> y el <strong>Teatro La Fiesta<\/strong> del Hotel Jaragua.<\/p>\n<p>\u200bEl artista emergente de bachata, Yarony Montero, contin\u00faa desarrollando su carrera a pasos agigantados dentro del g\u00e9nero, esta vez con una su nuevo tema \u201cDeber\u00edan darme un Oscar\u201d junto a Nacho Estrella y su presentaci\u00f3n en el reconocido Coca-Cola Music Hall de Puerto Rico.Montero particip\u00f3 como invitado especial de El Chaval de la Bachata en el evento \u201cLos Amigos Concert\u201d en el Coca Cola Music Hall\u00a0logrando conectar de manera inmediata con el p\u00fablico presente. Durante m\u00e1s de 18 minutos en escena, el joven bachatero mantuvo a los espectadores en total euforia, demostrando su crecimiento art\u00edstico y dominio esc\u00e9nico.En su intervenci\u00f3n, interpret\u00f3 tres de sus temas: \u201cDios\u201d, \u201cLado Fr\u00e1gil\u201d y \u201cAbr\u00e1zame Muy Fuerte\u201d Este \u00faltimo fue dedicado de manera especial a su abuela, a su madre y a todas las madres de Puerto Rico y del mundo, generando un momento de gran emotividad entre los presentes.Posteriormente, sorprendi\u00f3 al p\u00fablico al interpretar el mega \u00e9xito \u201cCanalla\u201d junto a su t\u00edo y anfitri\u00f3n de la noche, desatando la ovaci\u00f3n del p\u00fablico y elevando a\u00fan m\u00e1s la energ\u00eda del espect\u00e1culo, indica una nota de prensa.    RELACIONADAS                                                                                                                                                                                                                                                                                                                                                            M\u00fasica                                        Yarony Montero celebra el \u00e9xito de \u201cPartido en dos\u201d                                    https:\/\/resources.diariolibre.com\/images\/2026\/04\/21\/6146195a-3421-4629-a9d8-d96153e866fa-b8b2e755.jpgLa canci\u00f3n est\u00e1 disponible en las plataformas digitales.Bajo la direcci\u00f3n de WD Producciones y el sello 829Music, el int\u00e9rprete trabaja en sus pr\u00f3ximos proyectos para consolidarse en la escena internacional.Esta participaci\u00f3n se suma a importantes escenarios en los que el joven artista ya ha tenido presencia, incluyendo el United Palace de Nueva York, la Arena del Cibao y el Teatro La Fiesta del Hotel Jaragua.\u00a0\u00a0Revista, M\u00fasica, Diario Libre, Santo Domingo, Bachata, Cantante, Yarony Montero, bachata dominicana\u00a0<\/p>\n","protected":false},"excerpt":{"rendered":"<p>El artista emergente de bachata, Yarony Montero, contin\u00faa desarrollando su carrera a pasos agigantados dentro del g\u00e9nero, esta vez con una su nuevo tema \u201cDeber\u00edan darme un Oscar\u201d junto a Nacho Estrella y su presentaci\u00f3n en el reconocido Coca-Cola Music Hall de Puerto Rico. Montero particip\u00f3 como invitado especial de El Chaval de la Bachata [&hellip;]<\/p>\n","protected":false},"author":1,"featured_media":21050,"comment_status":"open","ping_status":"open","sticky":false,"template":"","format":"standard","meta":{"amp_status":"","footnotes":""},"categories":[9],"tags":[],"class_list":["post-21309","post","type-post","status-publish","format-standard","has-post-thumbnail","hentry","category-espectaculo"],"_links":{"self":[{"href":"https:\/\/ermdigital.com\/index.php?rest_route=\/wp\/v2\/posts\/21309","targetHints":{"allow":["GET"]}}],"collection":[{"href":"https:\/\/ermdigital.com\/index.php?rest_route=\/wp\/v2\/posts"}],"about":[{"href":"https:\/\/ermdigital.com\/index.php?rest_route=\/wp\/v2\/types\/post"}],"author":[{"embeddable":true,"href":"https:\/\/ermdigital.com\/index.php?rest_route=\/wp\/v2\/users\/1"}],"replies":[{"embeddable":true,"href":"https:\/\/ermdigital.com\/index.php?rest_route=%2Fwp%2Fv2%2Fcomments&post=21309"}],"version-history":[{"count":0,"href":"https:\/\/ermdigital.com\/index.php?rest_route=\/wp\/v2\/posts\/21309\/revisions"}],"wp:featuredmedia":[{"embeddable":true,"href":"https:\/\/ermdigital.com\/index.php?rest_route=\/wp\/v2\/media\/21050"}],"wp:attachment":[{"href":"https:\/\/ermdigital.com\/index.php?rest_route=%2Fwp%2Fv2%2Fmedia&parent=21309"}],"wp:term":[{"taxonomy":"category","embeddable":true,"href":"https:\/\/ermdigital.com\/index.php?rest_route=%2Fwp%2Fv2%2Fcategories&post=21309"},{"taxonomy":"post_tag","embeddable":true,"href":"https:\/\/ermdigital.com\/index.php?rest_route=%2Fwp%2Fv2%2Ftags&post=21309"}],"curies":[{"name":"wp","href":"https:\/\/api.w.org\/{rel}","templated":true}]}}