{"id":21308,"date":"2026-04-20T20:01:00","date_gmt":"2026-04-21T00:01:00","guid":{"rendered":"https:\/\/ermdigital.com\/index.php\/2026\/04\/20\/llega-festae-2026-el-encuentro-internacional-de-las-artes-escenicas\/"},"modified":"2026-04-20T20:01:00","modified_gmt":"2026-04-21T00:01:00","slug":"llega-festae-2026-el-encuentro-internacional-de-las-artes-escenicas","status":"publish","type":"post","link":"https:\/\/ermdigital.com\/?p=21308","title":{"rendered":"Llega Festae 2026, el encuentro internacional de las artes esc\u00e9nicas"},"content":{"rendered":"<p>La <strong>Rep\u00fablica Dominicana<\/strong> ser\u00e1 sede de la primera edici\u00f3n del Festival Internacional de las <strong>Artes Esc\u00e9nicas<\/strong> (<strong>Festae 2026<\/strong>), un evento que reunir\u00e1 teatro, m\u00fasica y danza con la participaci\u00f3n de artistas de Argentina, Francia, Colombia y Guinea Ecuatorial, junto a representantes dominicanos.<\/p>\n<p>El festival se celebrar\u00e1 del <strong>15 al 19 de mayo<\/strong> en importantes escenarios como el <strong>Teatro Nacional Eduardo Brito<\/strong>, el Palacio de Bellas Artes, el Centro Le\u00f3n, el Anfiteatro Nuryn Sanlley y otros <strong>espacios culturales<\/strong> de la capital.<\/p>\n<p>El anuncio fue realizado por el director del evento, <strong>Fausto Rojas<\/strong>, quien destac\u00f3 que <strong>Festae<\/strong> busca posicionar al pa\u00eds como un referente cultural en la regi\u00f3n y fomentar el <strong>intercambio art\u00edstico<\/strong> internacional.<\/p>\n<h2>La agenda<\/h2>\n<p>La programaci\u00f3n incluye <strong>siete espect\u00e1culos<\/strong>, entre ellos propuestas internacionales como <strong>El equilibrista<\/strong> (Argentina), Jumelag (Francia), <strong>La Casa de Bernarda Alba<\/strong> (Colombia) y El percusionista (Guinea Ecuatorial), as\u00ed como destacadas producciones nacionales como Yago, yo no soy el que soy, Reactor Ant\u00edgona y Pinocho.<\/p>\n<figure class=\"inline-block\">\n<div class=\"expand-img-placeholder\"><img loading=\"lazy\" decoding=\"async\" src=\"https:\/\/resources.diariolibre.com\/images\/expand.svg\" alt=\"Expandir imagen\" width=\"20\" height=\"20\"><span class=\"rutaimagenoriginal-placeholder\">https:\/\/resources.diariolibre.com\/images\/2026\/04\/21\/6a85010f-a995-4ae9-985c-ccd5ca5b7237-2345a222.jpg<\/span><\/div>\n<p><img decoding=\"async\" loading=\"lazy\" src=\"https:\/\/resources.diariolibre.com\/images\/2026\/04\/21\/6a85010f-a995-4ae9-985c-ccd5ca5b7237-2345a222.jpg\" width=\"auto\" height=\"350\" alt=\"Infograf\u00eda\" class=\"mx-auto\"><figcaption><span>El director Fausto Rojas.<\/span><span> (<strong>FUENTE EXTERNA<\/strong>)<\/span><\/figcaption><\/figure>\n<p>Adem\u00e1s, el evento ofrecer\u00e1 <strong>conciertos<\/strong>, <strong>talleres<\/strong>, charlas did\u00e1cticas y encuentros con creadores, con la participaci\u00f3n de reconocidos artistas como <strong>Gabriel Cham\u00e9<\/strong> y Mauricio Dayub.<\/p>\n<p>La agenda musical integrar\u00e1 g\u00e9neros como <strong>jazz<\/strong>, <strong>rock<\/strong>, bachata y <strong>fusiones caribe\u00f1as<\/strong>, ampliando la experiencia del festival.<\/p>\n<p><strong>FESTAE 2026<\/strong> tambi\u00e9n incluir\u00e1 un <strong>encuentro especial<\/strong> dedicado al maestro <strong>Giovanny Cruz<\/strong>, como reconocimiento a su <strong>trayectoria<\/strong> en las <strong>artes esc\u00e9nicas<\/strong>.<\/p>\n<p>En esta primera edici\u00f3n, el festival apuesta por fortalecer la econom\u00eda creativa, acercar las artes al p\u00fablico y consolidarse como una <strong>plataforma cultural<\/strong> de alcance internacional.<\/p>\n<div class=\"my-12 component web-insert-bullet relative border bg-component\">    <span class=\"text-xl block my-3 component-title glosa\"><strong>Agenda oficial<\/strong><\/span>    <\/p>\n<p class=\"insert-subtitle\">Del 15 al 19 de mayo de 2026<\/p>\n<p>Del 15 al 19 de mayo de 2026<\/p>\n<ul>\n<li>\n<p>Sala Carlos Piantini \u2013 Teatro Nacional<\/p>\n<p>La Casa de Bernarda Alba \u2013 Elemental Teatro<\/p>\n<p>Viernes 15 \u2013 8:30 p.m.<\/p>\n<p>S\u00e1bado 16 \u2013 6:30 p.m.<\/p>\n<p>Yago, yo no soy el que soy \u2013 Compa\u00f1\u00eda Nacional de Teatro (80 aniversario)<\/p>\n<p>Lunes 18 \u2013 6:30 p.m.<\/p>\n<p>Martes 19 \u2013 8:30 p.m.<\/p>\n<p>Sala Ravelo \u2013 Teatro Nacional<\/p>\n<p>El percusionista \u2013 Gorsy Ed\u00fa<\/p>\n<p>S\u00e1bado 16 y domingo 17 \u2013 4:30 p.m.<\/p>\n<p>Pinocho \u2013 Teatro Guloya<\/p>\n<p>Martes 19 \u2013 6:30 p.m.<\/p>\n<p>Palacio de Bellas Artes<\/p>\n<p>El equilibrista<\/p>\n<p>S\u00e1bado 16 \u2013 8:30 p.m.<\/p>\n<p>Domingo 17 \u2013 6:30 p.m.<\/p>\n<p>Reactor Ant\u00edgona<\/p>\n<p>Lunes 18 \u2013 8:00 p.m.<\/p>\n<p>Anfiteatro Nuryn Sanlley<\/p>\n<p>Jumelag \u2013 Imperial Kikirist\u00e1n<\/p>\n<p>S\u00e1bado 16 \u2013 5:00 y 7:00 p.m. <\/p>\n<p>Critos Park <\/p>\n<p>Jumelag \u2013 Imperial Kikirist\u00e1n<\/p>\n<p>Domingo 17- 10:00 am. <\/p>\n<p>Centro Le\u00f3n \u2013 <\/p>\n<p>Jumelag \u2013 Imperial Kikirist\u00e1n<\/p>\n<p>4:30 pm<\/p>\n<p>Caf\u00e9 Teatro Bar Juan Lockward \u2013 Teatro Nacional<\/p>\n<p>Conciertos<\/p>\n<p>Viernes 15 \u2013 10:00 p.m. Marakand\u00e9<\/p>\n<p>Domingo 17 \u2013 8:30 p.m. Rafelito Mirabal y Sistema Temperado<\/p>\n<p>ROCK&amp;ROLLA-(Plaza Universitaria)<\/p>\n<p>Auro, Pablo Cavallo, Lost<\/p>\n<p>S\u00e1bado 16- 10:00 pm.<\/p>\n<p>Talleres<\/p>\n<p>Sala Carmen Heredia<\/p>\n<p>\u201cEl placer tr\u00e1gico del clown\u201d<\/p>\n<p>Viernes 15-2:30- 6:30 pm.<\/p>\n<p>Sabado 16- 10:30 am.-2:30 pm.<\/p>\n<p>Sala Aida Bonelly-<\/p>\n<p>Charla did\u00e1ctica sobre el clown<\/p>\n<p>Lunes 18- 3:00 pm.<\/p>\n<p>Gabriel Cham\u00e9 Buendia (Argentina)<\/p>\n<p>Charla Intercambio Teatral<\/p>\n<p>Martes 19- 3:00 pm.<\/p>\n<p>Mauricio Dayub (Argentina)<\/p>\n<p>Encuentros:<\/p>\n<p>Elemental Teatro (Colombia)<\/p>\n<p>S\u00e1bado 3:00 pm.<\/p>\n<p>Gorsy Edu-(El percucionista)<\/p>\n<p>Domingo 17-11:00 am.<\/p>\n<p>Boletas en Uepa Tickets y CCN Servicios, Supermercados Nacional, Jumbo y Merca Jumbo.<\/p>\n<\/li>\n<\/ul>\n<\/div>\n<p>\u200bLa Rep\u00fablica Dominicana ser\u00e1 sede de la primera edici\u00f3n del Festival Internacional de las Artes Esc\u00e9nicas (Festae 2026), un evento que reunir\u00e1 teatro, m\u00fasica y danza con la participaci\u00f3n de artistas de Argentina, Francia, Colombia y Guinea Ecuatorial, junto a representantes dominicanos.El festival se celebrar\u00e1 del 15 al 19 de mayo en importantes escenarios como el Teatro Nacional Eduardo Brito, el Palacio de Bellas Artes, el Centro Le\u00f3n, el Anfiteatro Nuryn Sanlley y otros espacios culturales de la capital.El anuncio fue realizado por el director del evento, Fausto Rojas, quien destac\u00f3 que Festae busca posicionar al pa\u00eds como un referente cultural en la regi\u00f3n y fomentar el intercambio art\u00edstico internacional.La agendaLa programaci\u00f3n incluye siete espect\u00e1culos, entre ellos propuestas internacionales como El equilibrista (Argentina), Jumelag (Francia), La Casa de Bernarda Alba (Colombia) y El percusionista (Guinea Ecuatorial), as\u00ed como destacadas producciones nacionales como Yago, yo no soy el que soy, Reactor Ant\u00edgona y Pinocho.https:\/\/resources.diariolibre.com\/images\/2026\/04\/21\/6a85010f-a995-4ae9-985c-ccd5ca5b7237-2345a222.jpgEl director Fausto Rojas. (FUENTE EXTERNA)Adem\u00e1s, el evento ofrecer\u00e1 conciertos, talleres, charlas did\u00e1cticas y encuentros con creadores, con la participaci\u00f3n de reconocidos artistas como Gabriel Cham\u00e9 y Mauricio Dayub.La agenda musical integrar\u00e1 g\u00e9neros como jazz, rock, bachata y fusiones caribe\u00f1as, ampliando la experiencia del festival.FESTAE 2026 tambi\u00e9n incluir\u00e1 un encuentro especial dedicado al maestro Giovanny Cruz, como reconocimiento a su trayectoria en las artes esc\u00e9nicas.En esta primera edici\u00f3n, el festival apuesta por fortalecer la econom\u00eda creativa, acercar las artes al p\u00fablico y consolidarse como una plataforma cultural de alcance internacional.    Agenda oficial    Del 15 al 19 de mayo de 2026    Del 15 al 19 de mayo de 2026    Sala Carlos Piantini \u2013 Teatro NacionalLa Casa de Bernarda Alba \u2013 Elemental TeatroViernes 15 \u2013 8:30 p.m.S\u00e1bado 16 \u2013 6:30 p.m.Yago, yo no soy el que soy \u2013 Compa\u00f1\u00eda Nacional de Teatro (80 aniversario)Lunes 18 \u2013 6:30 p.m.Martes 19 \u2013 8:30 p.m.Sala Ravelo \u2013 Teatro NacionalEl percusionista \u2013 Gorsy Ed\u00faS\u00e1bado 16 y domingo 17 \u2013 4:30 p.m.Pinocho \u2013 Teatro GuloyaMartes 19 \u2013 6:30 p.m.Palacio de Bellas ArtesEl equilibristaS\u00e1bado 16 \u2013 8:30 p.m.Domingo 17 \u2013 6:30 p.m.Reactor Ant\u00edgonaLunes 18 \u2013 8:00 p.m.Anfiteatro Nuryn SanlleyJumelag \u2013 Imperial Kikirist\u00e1nS\u00e1bado 16 \u2013 5:00 y 7:00 p.m. Critos Park Jumelag \u2013 Imperial Kikirist\u00e1nDomingo 17- 10:00 am. Centro Le\u00f3n \u2013 Jumelag \u2013 Imperial Kikirist\u00e1n4:30 pmCaf\u00e9 Teatro Bar Juan Lockward \u2013 Teatro NacionalConciertosViernes 15 \u2013 10:00 p.m. Marakand\u00e9Domingo 17 \u2013 8:30 p.m. Rafelito Mirabal y Sistema TemperadoROCK&amp;ROLLA-(Plaza Universitaria)Auro, Pablo Cavallo, LostS\u00e1bado 16- 10:00 pm.TalleresSala Carmen Heredia\u201cEl placer tr\u00e1gico del clown\u201dViernes 15-2:30- 6:30 pm.Sabado 16- 10:30 am.-2:30 pm.Sala Aida Bonelly-Charla did\u00e1ctica sobre el clownLunes 18- 3:00 pm.Gabriel Cham\u00e9 Buendia (Argentina)Charla Intercambio TeatralMartes 19- 3:00 pm.Mauricio Dayub (Argentina)Encuentros:Elemental Teatro (Colombia)S\u00e1bado 3:00 pm.Gorsy Edu-(El percucionista)Domingo 17-11:00 am.Boletas en Uepa Tickets y CCN Servicios, Supermercados Nacional, Jumbo y Merca Jumbo.\u00a0\u00a0Revista, Cultura, Diario Libre, Santo Domingo, Artes Esc\u00e9nicas, FESTAE 2026, FESTAE\u00a0<\/p>\n","protected":false},"excerpt":{"rendered":"<p>La Rep\u00fablica Dominicana ser\u00e1 sede de la primera edici\u00f3n del Festival Internacional de las Artes Esc\u00e9nicas (Festae 2026), un evento que reunir\u00e1 teatro, m\u00fasica y danza con la participaci\u00f3n de artistas de Argentina, Francia, Colombia y Guinea Ecuatorial, junto a representantes dominicanos. El festival se celebrar\u00e1 del 15 al 19 de mayo en importantes escenarios [&hellip;]<\/p>\n","protected":false},"author":1,"featured_media":21048,"comment_status":"open","ping_status":"open","sticky":false,"template":"","format":"standard","meta":{"amp_status":"","footnotes":""},"categories":[9],"tags":[],"class_list":["post-21308","post","type-post","status-publish","format-standard","has-post-thumbnail","hentry","category-espectaculo"],"_links":{"self":[{"href":"https:\/\/ermdigital.com\/index.php?rest_route=\/wp\/v2\/posts\/21308","targetHints":{"allow":["GET"]}}],"collection":[{"href":"https:\/\/ermdigital.com\/index.php?rest_route=\/wp\/v2\/posts"}],"about":[{"href":"https:\/\/ermdigital.com\/index.php?rest_route=\/wp\/v2\/types\/post"}],"author":[{"embeddable":true,"href":"https:\/\/ermdigital.com\/index.php?rest_route=\/wp\/v2\/users\/1"}],"replies":[{"embeddable":true,"href":"https:\/\/ermdigital.com\/index.php?rest_route=%2Fwp%2Fv2%2Fcomments&post=21308"}],"version-history":[{"count":0,"href":"https:\/\/ermdigital.com\/index.php?rest_route=\/wp\/v2\/posts\/21308\/revisions"}],"wp:featuredmedia":[{"embeddable":true,"href":"https:\/\/ermdigital.com\/index.php?rest_route=\/wp\/v2\/media\/21048"}],"wp:attachment":[{"href":"https:\/\/ermdigital.com\/index.php?rest_route=%2Fwp%2Fv2%2Fmedia&parent=21308"}],"wp:term":[{"taxonomy":"category","embeddable":true,"href":"https:\/\/ermdigital.com\/index.php?rest_route=%2Fwp%2Fv2%2Fcategories&post=21308"},{"taxonomy":"post_tag","embeddable":true,"href":"https:\/\/ermdigital.com\/index.php?rest_route=%2Fwp%2Fv2%2Ftags&post=21308"}],"curies":[{"name":"wp","href":"https:\/\/api.w.org\/{rel}","templated":true}]}}