{"id":21274,"date":"2026-04-20T18:31:00","date_gmt":"2026-04-20T22:31:00","guid":{"rendered":"https:\/\/ermdigital.com\/index.php\/2026\/04\/20\/guia-macarfi-republica-dominicana-lanza-su-segunda-edicion\/"},"modified":"2026-04-20T18:31:00","modified_gmt":"2026-04-20T22:31:00","slug":"guia-macarfi-republica-dominicana-lanza-su-segunda-edicion","status":"publish","type":"post","link":"https:\/\/ermdigital.com\/?p=21274","title":{"rendered":"Gu\u00eda Macarfi Rep\u00fablica Dominicana lanza su segunda edici\u00f3n"},"content":{"rendered":"<p>Durante una velada que se inici\u00f3 entre degustaciones de sabores y productos que representan a nuestro pa\u00eds fue lanzada la segunda edici\u00f3n de la <strong>Gu\u00eda Macarfi en Rep\u00fablica Dominicana.<\/strong> Y a\u00fan m\u00e1s, se premiaron los <strong>restaurantes<\/strong> que exaltan la calidad y son la mejor referencia de lo que aqu\u00ed se ofrece.<\/p>\n<p>La actividad se llev\u00f3 a cabo en el JW Marriott de Santo Domingo. Aqu\u00ed, Cristina Arana, de <strong>Macarfi Espa\u00f1a<\/strong>, record\u00f3 que esta conexi\u00f3n con el pa\u00eds comenz\u00f3 hace apenas tres a\u00f1os, cuando conoci\u00f3 a Luis Ros en Madrid y entendi\u00f3 que su pasi\u00f3n por la gastronom\u00eda iba m\u00e1s all\u00e1 del entusiasmo: era una causa.\u00a0<\/p>\n<p>De ese encuentro naci\u00f3 una visi\u00f3n compartida que hoy se materializa en la llegada de la <strong>Gu\u00eda Macarfi a Rep\u00fablica Dominicana<\/strong>, a\u00f1adi\u00f3.<\/p>\n<p>Asismismo, consider\u00f3 que este es un proyecto impulsado por personas que creen en el valor real de la <strong>cocina como expresi\u00f3n cultural.\u00a0<\/strong><\/p>\n<p>Puso en relieve el objetivo con el que naci\u00f3 la <strong>guia de restaurantes: <\/strong>dar a la gastronom\u00eda el lugar que merece como uno de los pilares que definen la identidad de un pa\u00eds y que, adem\u00e1s, genera impacto econ\u00f3mico, empleo y proyecci\u00f3n internacional.\u00a0<\/p>\n<p>Destac\u00f3, adem\u00e1s <strong>el crecimiento que ha experimentado<\/strong> durante el \u00faltimo a\u00f1o y que abarca desde\u00a0 Barcelona hasta diversas ciudades de Espa\u00f1a, con miles de <strong>restaurantes<\/strong> evaluados y una comunidad s\u00f3lida de embajadores\u2014 confirma que no se trata de una gu\u00eda m\u00e1s, sino de un modelo basado en criterio, experiencia y verdad.\u00a0<\/p>\n<figure class=\"inline-block\">\n<div class=\"expand-img-placeholder\"><img loading=\"lazy\" decoding=\"async\" src=\"https:\/\/resources.diariolibre.com\/images\/expand.svg\" alt=\"Expandir imagen\" width=\"20\" height=\"20\"><span class=\"rutaimagenoriginal-placeholder\">https:\/\/resources.diariolibre.com\/images\/2026\/04\/21\/img-20260420-wa0314-d0305e80.jpg<\/span><\/div>\n<p><img decoding=\"async\" loading=\"lazy\" src=\"https:\/\/resources.diariolibre.com\/images\/2026\/04\/21\/img-20260420-wa0314-d0305e80.jpg\" width=\"auto\" height=\"350\" alt=\"Infograf\u00eda\" class=\"mx-auto\"><figcaption><span>Luis Ros anunci\u00f3 la tercera versi\u00f3n de la Guia Gastron\u00f3mica Dominicana.<\/span><span> (<strong>SAMIL MATEO<\/strong>)<\/span><\/figcaption><\/figure>\n<p><strong>El presidente de la Academia Dominicana de Gastronom\u00eda<\/strong>, Luis Ros, expres\u00f3 que la creaci\u00f3n de una gu\u00eda gastron\u00f3mica para la Rep\u00fablica Dominicana era un sue\u00f1o necesario para posicionar la riqueza culinaria del pa\u00eds. <\/p>\n<p>Asimismo, destac\u00f3 que los <strong>restaurantes<\/strong> son la principal <strong>vitrina de la gastronom\u00eda nacional,<\/strong> al ofrecer experiencias que reflejan la cultura dominicana. <\/p>\n<p>Reconoci\u00f3 el esfuerzo colectivo de la academia, aliados y equipos de trabajo que han hecho posible esta iniciativa, subrayando la importancia de la promoci\u00f3n como <strong>pilar fundamental, <\/strong>ya que una gastronom\u00eda que no se comunica ni se proyecta no logra existir en el escenario global.<\/p>\n<p>En ese contexto, resalt\u00f3 que la nueva gu\u00eda gastron\u00f3mica no solo impulsa la <strong>visibilidad internacional,<\/strong> sino que tambi\u00e9n fomenta la excelencia mediante una sana competencia entre <strong>restaurantes<\/strong>, elevando los est\u00e1ndares del sector. <\/p>\n<p>Anunci\u00f3 adem\u00e1s el pr\u00f3ximo <strong>lanzamiento<\/strong> de la tercera edici\u00f3n de la <strong>Gu\u00eda Gastron\u00f3mica Dominicana<\/strong>, que ser\u00e1 digital e interactiva, dise\u00f1ada para proyectar la cultura culinaria a nivel global a trav\u00e9s de m\u00faltiples canales.<\/p>\n<p> Esta plataforma incluir\u00e1 historia, productos, recetas y tendencias, integrando a diversos aliados estrat\u00e9gicos para fortalecer el <strong>posicionamiento de la gastronom\u00eda dominicana <\/strong>como una propuesta aut\u00e9ntica, din\u00e1mica y en constante evoluci\u00f3n.<\/p>\n<p><\/p>\n<h2>Una alianza que exalta nuestra esencia<\/h2>\n<figure class=\"inline-block\">\n<div class=\"expand-img-placeholder\"><img loading=\"lazy\" decoding=\"async\" src=\"https:\/\/resources.diariolibre.com\/images\/expand.svg\" alt=\"Expandir imagen\" width=\"20\" height=\"20\"><span class=\"rutaimagenoriginal-placeholder\">https:\/\/resources.diariolibre.com\/images\/2026\/04\/21\/img-20260420-wa0307-f60a285d.jpg<\/span><\/div>\n<p><img decoding=\"async\" loading=\"lazy\" src=\"https:\/\/resources.diariolibre.com\/images\/2026\/04\/21\/img-20260420-wa0307-f60a285d.jpg\" width=\"auto\" height=\"350\" alt=\"Infograf\u00eda\" class=\"mx-auto\"><figcaption><span>Franklin Lithgow.<\/span><span> (<strong>SAMIL MATEO<\/strong>)<\/span><\/figcaption><\/figure>\n<p>Desde el <strong>Consejo de Macarfi <\/strong>en el pa\u00eds,\u00a0 Franklin Lithgow record\u00f3 que un plato bien hecho puede contar la historia de un pa\u00eds, pero tambi\u00e9n revelar algo m\u00e1s dif\u00edcil de replicar: el amor puesto en cada detalle.<\/p>\n<p>Mientras que la viceministra de turismo Tammy Reynoso destac\u00f3 que esta\u00a0 alianza\u00a0 ha transformado la percepci\u00f3n internacional de la gastronom\u00eda dominicana, resaltando que desde el <strong>lanzamiento<\/strong> de esta iniciativa el pa\u00eds ha logrado <strong>posicionar su turismo gastron\u00f3mico<\/strong> gracias a la colaboraci\u00f3n p\u00fablico-privada.\u00a0<\/p>\n<p>Subray\u00f3 que este esfuerzo ha permitido atraer a un visitante m\u00e1s exigente, interesado no solo en playas, sino tambi\u00e9n en cultura y experiencias culinarias, y se\u00f1al\u00f3 que<strong> la meta para 2026<\/strong> es convertir la gastronom\u00eda en un motor de desarrollo sostenible, aumentando su impacto econ\u00f3mico.<\/p>\n<p> Adem\u00e1s, afirm\u00f3 que esta gu\u00eda es una herramienta estrat\u00e9gica para la marca pa\u00eds, reflejando la diversidad de la <strong>oferta culinaria,<\/strong> y reconoci\u00f3 a chefs y restauranteros como embajadores clave, invitando a continuar trabajando juntos para fortalecer el posicionamiento de la Rep\u00fablica Dominicana.<\/p>\n<p><\/p>\n<p><\/p>\n<p><\/p>\n<div class=\"my-12 component gallery relative small-slider\">\n<div class=\"slider-container\">\n<figure class=\"slider-item\">\n<div class=\"expand-img-placeholder\"><img loading=\"lazy\" decoding=\"async\" src=\"https:\/\/resources.diariolibre.com\/images\/expand.svg\" alt=\"Expandir imagen\" width=\"20\" height=\"20\"><span class=\"rutaimagenoriginal-placeholder\">https:\/\/resources.diariolibre.com\/images\/2026\/04\/21\/img-20260420-wa0322-142bca75.jpg<\/span><\/div>\n<p><img decoding=\"async\" src=\"https:\/\/resources.diariolibre.com\/images\/2026\/04\/21\/img-20260420-wa0322-142bca75.jpg\" width=\"100%\" alt=\"Chef Patricia de Marchena y Chef Laura Rizek.\" class=\"w-full object-cover\"><figcaption><span>Chef Patricia de Marchena y Chef Laura Rizek.<\/span><span> (<strong>SAMIL MATEO<\/strong>)<\/span><\/figcaption><\/figure>\n<figure class=\"slider-item\">\n<div class=\"expand-img-placeholder\"><img loading=\"lazy\" decoding=\"async\" src=\"https:\/\/resources.diariolibre.com\/images\/expand.svg\" alt=\"Expandir imagen\" width=\"20\" height=\"20\"><span class=\"rutaimagenoriginal-placeholder\">https:\/\/resources.diariolibre.com\/images\/2026\/04\/21\/img-20260420-wa0325-35b2a067.jpg<\/span><\/div>\n<p><img decoding=\"async\" src=\"https:\/\/resources.diariolibre.com\/images\/2026\/04\/21\/img-20260420-wa0325-35b2a067.jpg\" width=\"100%\" alt=\"Infograf\u00eda\" class=\"w-full object-cover\"><figcaption><span> (<strong>SAMIL MATEO<\/strong>)<\/span><\/figcaption><\/figure>\n<\/p><\/div>\n<div class=\"slider-arrows\">\n<div class=\"slider-arrow prev\">\u2039<\/div>\n<div class=\"slider-arrow next\">\u203a<\/div>\n<\/p><\/div>\n<ul class=\"slider-dots\"><\/ul>\n<\/div>\n<p><\/p>\n<article class=\"border-t border-b py-5 mb-5 component nota-incrustada\">    <span class=\"block mb-2\"><strong>Te puede interesar<\/strong><\/span>                <\/p>\n<h2><a href=\"https:\/\/www.diariolibre.com\/revista\/buena-vida\/2025\/12\/24\/macarfi-50-best-y-en-el-horizonte-michelin-gastronomia-dominicana\/3386263?utm_source=relacionadas&amp;utm_medium=nota&amp;utm_campaign=relacionadas\" title=\"Avanza la gastronom\u00eda dominicana: Macarfi, 50 Best y, en el horizonte, Michelin\">Avanza la gastronom\u00eda dominicana: Macarfi, 50 Best y, en el horizonte, Michelin<\/a><\/h2>\n<\/article>\n<p>\u200bDurante una velada que se inici\u00f3 entre degustaciones de sabores y productos que representan a nuestro pa\u00eds fue lanzada la segunda edici\u00f3n de la Gu\u00eda Macarfi en Rep\u00fablica Dominicana. Y a\u00fan m\u00e1s, se premiaron los restaurantes que exaltan la calidad y son la mejor referencia de lo que aqu\u00ed se ofrece.La actividad se llev\u00f3 a cabo en el JW Marriott de Santo Domingo. Aqu\u00ed, Cristina Arana, de Macarfi Espa\u00f1a, record\u00f3 que esta conexi\u00f3n con el pa\u00eds comenz\u00f3 hace apenas tres a\u00f1os, cuando conoci\u00f3 a Luis Ros en Madrid y entendi\u00f3 que su pasi\u00f3n por la gastronom\u00eda iba m\u00e1s all\u00e1 del entusiasmo: era una causa.\u00a0De ese encuentro naci\u00f3 una visi\u00f3n compartida que hoy se materializa en la llegada de la Gu\u00eda Macarfi a Rep\u00fablica Dominicana, a\u00f1adi\u00f3.Asismismo, consider\u00f3 que este es un proyecto impulsado por personas que creen en el valor real de la cocina como expresi\u00f3n cultural.\u00a0Puso en relieve el objetivo con el que naci\u00f3 la guia de restaurantes: dar a la gastronom\u00eda el lugar que merece como uno de los pilares que definen la identidad de un pa\u00eds y que, adem\u00e1s, genera impacto econ\u00f3mico, empleo y proyecci\u00f3n internacional.\u00a0Destac\u00f3, adem\u00e1s el crecimiento que ha experimentado durante el \u00faltimo a\u00f1o y que abarca desde\u00a0 Barcelona hasta diversas ciudades de Espa\u00f1a, con miles de restaurantes evaluados y una comunidad s\u00f3lida de embajadores\u2014 confirma que no se trata de una gu\u00eda m\u00e1s, sino de un modelo basado en criterio, experiencia y verdad.\u00a0https:\/\/resources.diariolibre.com\/images\/2026\/04\/21\/img-20260420-wa0314-d0305e80.jpgLuis Ros anunci\u00f3 la tercera versi\u00f3n de la Guia Gastron\u00f3mica Dominicana. (SAMIL MATEO)El presidente de la Academia Dominicana de Gastronom\u00eda, Luis Ros, expres\u00f3 que la creaci\u00f3n de una gu\u00eda gastron\u00f3mica para la Rep\u00fablica Dominicana era un sue\u00f1o necesario para posicionar la riqueza culinaria del pa\u00eds. Asimismo, destac\u00f3 que los restaurantes son la principal vitrina de la gastronom\u00eda nacional, al ofrecer experiencias que reflejan la cultura dominicana. Reconoci\u00f3 el esfuerzo colectivo de la academia, aliados y equipos de trabajo que han hecho posible esta iniciativa, subrayando la importancia de la promoci\u00f3n como pilar fundamental, ya que una gastronom\u00eda que no se comunica ni se proyecta no logra existir en el escenario global.En ese contexto, resalt\u00f3 que la nueva gu\u00eda gastron\u00f3mica no solo impulsa la visibilidad internacional, sino que tambi\u00e9n fomenta la excelencia mediante una sana competencia entre restaurantes, elevando los est\u00e1ndares del sector. Anunci\u00f3 adem\u00e1s el pr\u00f3ximo lanzamiento de la tercera edici\u00f3n de la Gu\u00eda Gastron\u00f3mica Dominicana, que ser\u00e1 digital e interactiva, dise\u00f1ada para proyectar la cultura culinaria a nivel global a trav\u00e9s de m\u00faltiples canales. Esta plataforma incluir\u00e1 historia, productos, recetas y tendencias, integrando a diversos aliados estrat\u00e9gicos para fortalecer el posicionamiento de la gastronom\u00eda dominicana como una propuesta aut\u00e9ntica, din\u00e1mica y en constante evoluci\u00f3n.Una alianza que exalta nuestra esenciahttps:\/\/resources.diariolibre.com\/images\/2026\/04\/21\/img-20260420-wa0307-f60a285d.jpgFranklin Lithgow. (SAMIL MATEO)Desde el Consejo de Macarfi en el pa\u00eds,\u00a0 Franklin Lithgow record\u00f3 que un plato bien hecho puede contar la historia de un pa\u00eds, pero tambi\u00e9n revelar algo m\u00e1s dif\u00edcil de replicar: el amor puesto en cada detalle.Mientras que la viceministra de turismo Tammy Reynoso destac\u00f3 que esta\u00a0 alianza\u00a0 ha transformado la percepci\u00f3n internacional de la gastronom\u00eda dominicana, resaltando que desde el lanzamiento de esta iniciativa el pa\u00eds ha logrado posicionar su turismo gastron\u00f3mico gracias a la colaboraci\u00f3n p\u00fablico-privada.\u00a0Subray\u00f3 que este esfuerzo ha permitido atraer a un visitante m\u00e1s exigente, interesado no solo en playas, sino tambi\u00e9n en cultura y experiencias culinarias, y se\u00f1al\u00f3 que la meta para 2026 es convertir la gastronom\u00eda en un motor de desarrollo sostenible, aumentando su impacto econ\u00f3mico. Adem\u00e1s, afirm\u00f3 que esta gu\u00eda es una herramienta estrat\u00e9gica para la marca pa\u00eds, reflejando la diversidad de la oferta culinaria, y reconoci\u00f3 a chefs y restauranteros como embajadores clave, invitando a continuar trabajando juntos para fortalecer el posicionamiento de la Rep\u00fablica Dominicana.            https:\/\/resources.diariolibre.com\/images\/2026\/04\/21\/img-20260420-wa0322-142bca75.jpgChef Patricia de Marchena y Chef Laura Rizek. (SAMIL MATEO)https:\/\/resources.diariolibre.com\/images\/2026\/04\/21\/img-20260420-wa0325-35b2a067.jpg (SAMIL MATEO)                \u2039        \u203a            Te puede interesar                Avanza la gastronom\u00eda dominicana: Macarfi, 50 Best y, en el horizonte, Michelin\u00a0\u00a0Revista, Sociales, Mayra P\u00e9rez Castillo, Santo Domingo, Restaurantes, Premiaci\u00f3n, lanzamiento, Gala, Gu\u00eda Macarfi, Segunda edici\u00f3n Guia Macarfi\u00a0<\/p>\n","protected":false},"excerpt":{"rendered":"<p>Durante una velada que se inici\u00f3 entre degustaciones de sabores y productos que representan a nuestro pa\u00eds fue lanzada la segunda edici\u00f3n de la Gu\u00eda Macarfi en Rep\u00fablica Dominicana. Y a\u00fan m\u00e1s, se premiaron los restaurantes que exaltan la calidad y son la mejor referencia de lo que aqu\u00ed se ofrece. La actividad se llev\u00f3 [&hellip;]<\/p>\n","protected":false},"author":1,"featured_media":21022,"comment_status":"open","ping_status":"open","sticky":false,"template":"","format":"standard","meta":{"amp_status":"","footnotes":""},"categories":[9],"tags":[],"class_list":["post-21274","post","type-post","status-publish","format-standard","has-post-thumbnail","hentry","category-espectaculo"],"_links":{"self":[{"href":"https:\/\/ermdigital.com\/index.php?rest_route=\/wp\/v2\/posts\/21274","targetHints":{"allow":["GET"]}}],"collection":[{"href":"https:\/\/ermdigital.com\/index.php?rest_route=\/wp\/v2\/posts"}],"about":[{"href":"https:\/\/ermdigital.com\/index.php?rest_route=\/wp\/v2\/types\/post"}],"author":[{"embeddable":true,"href":"https:\/\/ermdigital.com\/index.php?rest_route=\/wp\/v2\/users\/1"}],"replies":[{"embeddable":true,"href":"https:\/\/ermdigital.com\/index.php?rest_route=%2Fwp%2Fv2%2Fcomments&post=21274"}],"version-history":[{"count":0,"href":"https:\/\/ermdigital.com\/index.php?rest_route=\/wp\/v2\/posts\/21274\/revisions"}],"wp:featuredmedia":[{"embeddable":true,"href":"https:\/\/ermdigital.com\/index.php?rest_route=\/wp\/v2\/media\/21022"}],"wp:attachment":[{"href":"https:\/\/ermdigital.com\/index.php?rest_route=%2Fwp%2Fv2%2Fmedia&parent=21274"}],"wp:term":[{"taxonomy":"category","embeddable":true,"href":"https:\/\/ermdigital.com\/index.php?rest_route=%2Fwp%2Fv2%2Fcategories&post=21274"},{"taxonomy":"post_tag","embeddable":true,"href":"https:\/\/ermdigital.com\/index.php?rest_route=%2Fwp%2Fv2%2Ftags&post=21274"}],"curies":[{"name":"wp","href":"https:\/\/api.w.org\/{rel}","templated":true}]}}