{"id":21273,"date":"2026-04-20T18:33:00","date_gmt":"2026-04-20T22:33:00","guid":{"rendered":"https:\/\/ermdigital.com\/index.php\/2026\/04\/20\/enrique-feliz-lanza-fuego-una-mangulina-que-exalta-la-identidad\/"},"modified":"2026-04-20T18:33:00","modified_gmt":"2026-04-20T22:33:00","slug":"enrique-feliz-lanza-fuego-una-mangulina-que-exalta-la-identidad","status":"publish","type":"post","link":"https:\/\/ermdigital.com\/?p=21273","title":{"rendered":"Enrique F\u00e9liz lanza \u201cFuego\u201d, una mangulina que exalta la identidad"},"content":{"rendered":"<p>El cantautor <strong>Enrique F\u00e9liz<\/strong> <strong>estrena<\/strong> este viernes 24 de abril su nuevo producto musical titulado \u201c<strong>Fuego<\/strong>\u201d, canci\u00f3n y video a ritmo de <strong>mangulina<\/strong> que estar\u00e1 disponible en todas las plataformas digitales y en YouTube.<\/p>\n<p>Con este trabajo, el artista viene a enriquecer su apuesta por la <strong>m\u00fasica aut\u00f3ctona dominicana<\/strong>, en apuesta a la <strong>identidad cultural<\/strong> nacional, algo que ha estado haciendo desde sus inicios y en las \u00faltimas d\u00e9cadas de maneras alterna hasta en sus producciones de corte religioso.<\/p>\n<p>El artista manifest\u00f3 que con <strong><em><strong>Fuego<\/strong>\u00a0<\/em><\/strong>pretende constituirse en \"la chispa que encienda de <strong>pasi\u00f3n por lo nuestro<\/strong>, la conciencia de las presentes generaciones dominicanas, al tiempo de llamar la atenci\u00f3n de los amantes de la buena m\u00fasica en todo el mundo para invitarles a conocer y disfrutar del riqu\u00edsimo tesoro cultural que somos\".<\/p>\n<h2>De la producci\u00f3n<\/h2>\n<div class=\"social-embed mb-4\">\n<div class=\"placeholderYoutube\"><\/div>\n<\/div>\n<p>Mientras que la autor\u00eda y producci\u00f3n de este nuevo sencillo pertenecen a <strong>Enrique F\u00e9liz<\/strong> y el arreglo musical a <strong>Dichens Salcedo<\/strong>, el video cuyo rodaje se realiz\u00f3 en una locaci\u00f3n de Sainagu\u00e1, San Cristobal, Rep\u00fablica Dominicana, su direcci\u00f3n estuvo a cargo de <strong>Rdgzproductions<\/strong>. La distribuci\u00f3n es de Mayimba Music.<\/p>\n<div class=\"w-full pt-2 float-left inside-related\">    <span class=\"border-b border-black pb-3 mb-4 block\"><strong>RELACIONADAS<\/strong><\/span>                <\/p>\n<article class=\"flex flex-wrap border-b pb-4 mb-3 inline-block\">\n<div class=\"xl:w-2\/12 w-4\/12\">\n<figure class=\"mb-0\">                                                    <a href=\"https:\/\/www.diariolibre.com\/revista\/cultura\/2025\/12\/05\/enrique-feliz-sera-el-invitado-de-cronicas-musicales-en-noviembre\/3368530?utm_source=relacionadas&amp;utm_medium=nota&amp;utm_campaign=relacionadas\" title=\"                                                                                                                            \">                                                                <img decoding=\"async\" loading=\"lazy\" src=\"https:\/\/resources.diariolibre.com\/images\/2025\/12\/05\/enrique-feliz-sera-el-invitado-de-cronicas-musicales-en-noviembre-fea3d3af-focus-0-0-149-99.jpg\" width=\"149\" height=\"99\" title=\"Enrique Feliz ser\u00e1 el invitado especial de la segunda edici\u00f3n de Cr\u00f3nicas Musicales\" alt=\"Enrique Feliz ser\u00e1 el invitado especial de la segunda edici\u00f3n de Cr\u00f3nicas Musicales\" class=\"object-cover\">                                                            <\/a>                                            <\/figure>\n<\/p><\/div>\n<div class=\"xl:w-10\/12 w-8\/12 pl-3\">\n<div class=\"text-md mb-2 meta\">                        <a href=\"https:\/\/www.diariolibre.com\/revista\/cultura\" title=\"Cultura\">Cultura<\/a>                    <\/div>\n<h2><a href=\"https:\/\/www.diariolibre.com\/revista\/cultura\/2025\/12\/05\/enrique-feliz-sera-el-invitado-de-cronicas-musicales-en-noviembre\/3368530?utm_source=relacionadas&amp;utm_medium=nota&amp;utm_campaign=relacionadas\" title=\"Enrique Feliz ser\u00e1 el invitado especial de la segunda edici\u00f3n de Cr\u00f3nicas Musicales\">Enrique Feliz ser\u00e1 el invitado especial de la segunda edici\u00f3n de \"Cr\u00f3nicas Musicales\"<\/a><\/h2>\n<\/p><\/div>\n<\/article><\/div>\n<p>Entre sus composiciones m\u00e1s difundidas figuran Coraz\u00f3n blindado, en la voz de Sophy; Si ella te falla, interpretada por Valeria; Palomita, grabada por Johnny Ventura; Magia rosa, popularizada por Viti Ruiz; as\u00ed como <strong>Yo por tu amor, La pared y Coge cuadre<\/strong>, \u00e9xitos en la voz de Joe Veras.<\/p>\n<p>\u200bEl cantautor Enrique F\u00e9liz estrena este viernes 24 de abril su nuevo producto musical titulado \u201cFuego\u201d, canci\u00f3n y video a ritmo de mangulina que estar\u00e1 disponible en todas las plataformas digitales y en YouTube.Con este trabajo, el artista viene a enriquecer su apuesta por la m\u00fasica aut\u00f3ctona dominicana, en apuesta a la identidad cultural nacional, algo que ha estado haciendo desde sus inicios y en las \u00faltimas d\u00e9cadas de maneras alterna hasta en sus producciones de corte religioso.El artista manifest\u00f3 que con Fuego\u00a0pretende constituirse en \"la chispa que encienda de pasi\u00f3n por lo nuestro, la conciencia de las presentes generaciones dominicanas, al tiempo de llamar la atenci\u00f3n de los amantes de la buena m\u00fasica en todo el mundo para invitarles a conocer y disfrutar del riqu\u00edsimo tesoro cultural que somos\".De la producci\u00f3nMientras que la autor\u00eda y producci\u00f3n de este nuevo sencillo pertenecen a Enrique F\u00e9liz y el arreglo musical a Dichens Salcedo, el video cuyo rodaje se realiz\u00f3 en una locaci\u00f3n de Sainagu\u00e1, San Cristobal, Rep\u00fablica Dominicana, su direcci\u00f3n estuvo a cargo de Rdgzproductions. La distribuci\u00f3n es de Mayimba Music.    RELACIONADAS                                                                                                                                                                                                                                                                                                                                                            Cultura                                        Enrique Feliz ser\u00e1 el invitado especial de la segunda edici\u00f3n de \"Cr\u00f3nicas Musicales\"                                    Entre sus composiciones m\u00e1s difundidas figuran Coraz\u00f3n blindado, en la voz de Sophy; Si ella te falla, interpretada por Valeria; Palomita, grabada por Johnny Ventura; Magia rosa, popularizada por Viti Ruiz; as\u00ed como Yo por tu amor, La pared y Coge cuadre, \u00e9xitos en la voz de Joe Veras.\u00a0\u00a0Revista, M\u00fasica, Diario Libre, Santo Domingo, Fuego, lanzamiento musical, Enrique F\u00e9liz, Mangulina\u00a0<\/p>\n","protected":false},"excerpt":{"rendered":"<p>El cantautor Enrique F\u00e9liz estrena este viernes 24 de abril su nuevo producto musical titulado \u201cFuego\u201d, canci\u00f3n y video a ritmo de mangulina que estar\u00e1 disponible en todas las plataformas digitales y en YouTube. Con este trabajo, el artista viene a enriquecer su apuesta por la m\u00fasica aut\u00f3ctona dominicana, en apuesta a la identidad cultural [&hellip;]<\/p>\n","protected":false},"author":1,"featured_media":21020,"comment_status":"open","ping_status":"open","sticky":false,"template":"","format":"standard","meta":{"amp_status":"","footnotes":""},"categories":[9],"tags":[],"class_list":["post-21273","post","type-post","status-publish","format-standard","has-post-thumbnail","hentry","category-espectaculo"],"_links":{"self":[{"href":"https:\/\/ermdigital.com\/index.php?rest_route=\/wp\/v2\/posts\/21273","targetHints":{"allow":["GET"]}}],"collection":[{"href":"https:\/\/ermdigital.com\/index.php?rest_route=\/wp\/v2\/posts"}],"about":[{"href":"https:\/\/ermdigital.com\/index.php?rest_route=\/wp\/v2\/types\/post"}],"author":[{"embeddable":true,"href":"https:\/\/ermdigital.com\/index.php?rest_route=\/wp\/v2\/users\/1"}],"replies":[{"embeddable":true,"href":"https:\/\/ermdigital.com\/index.php?rest_route=%2Fwp%2Fv2%2Fcomments&post=21273"}],"version-history":[{"count":0,"href":"https:\/\/ermdigital.com\/index.php?rest_route=\/wp\/v2\/posts\/21273\/revisions"}],"wp:featuredmedia":[{"embeddable":true,"href":"https:\/\/ermdigital.com\/index.php?rest_route=\/wp\/v2\/media\/21020"}],"wp:attachment":[{"href":"https:\/\/ermdigital.com\/index.php?rest_route=%2Fwp%2Fv2%2Fmedia&parent=21273"}],"wp:term":[{"taxonomy":"category","embeddable":true,"href":"https:\/\/ermdigital.com\/index.php?rest_route=%2Fwp%2Fv2%2Fcategories&post=21273"},{"taxonomy":"post_tag","embeddable":true,"href":"https:\/\/ermdigital.com\/index.php?rest_route=%2Fwp%2Fv2%2Ftags&post=21273"}],"curies":[{"name":"wp","href":"https:\/\/api.w.org\/{rel}","templated":true}]}}