{"id":21272,"date":"2026-04-20T19:00:00","date_gmt":"2026-04-20T23:00:00","guid":{"rendered":"https:\/\/ermdigital.com\/index.php\/2026\/04\/20\/adios-a-la-glotofobia\/"},"modified":"2026-04-20T19:00:00","modified_gmt":"2026-04-20T23:00:00","slug":"adios-a-la-glotofobia","status":"publish","type":"post","link":"https:\/\/ermdigital.com\/?p=21272","title":{"rendered":"Adi\u00f3s a la glotofobia"},"content":{"rendered":"<p>Hablemos hoy de una realidad tan fea como la palabreja que la designa: la <strong>glotofobia<\/strong>. El origen de este t\u00e9rmino est\u00e1 en la conjunci\u00f3n de dos formas griegas: <em>glotta<\/em> \u2018lengua\u2019 y\u00a0<em>-phob\u00eda <\/em>\u2018<strong>temor<\/strong>\u2019. <\/p>\n<p>Podr\u00edamos definir la <em><strong>glotofobia<\/strong><\/em> como la <strong>aversi\u00f3n<\/strong>, que conduce casi siempre a la <strong>discriminaci\u00f3n<\/strong>, hacia una persona por su <strong>forma de hablar<\/strong>; y no porque sea un mal hablante, sino porque emplea una <strong>variedad distinta<\/strong> de la que se suele considerar como la est\u00e1ndar. <\/p>\n<p>La lengua espa\u00f1ola con su riqueza en <strong>variedades dialectales<\/strong> y en <strong>acentos<\/strong> es terreno abonado para que se instalen los <strong>prejuicios ling\u00fc\u00edsticos<\/strong>.<\/p>\n<p>En nuestro entorno todos en alg\u00fan momento hemos <strong>o\u00eddo<\/strong> <strong>menospreciar<\/strong> (espero que no lo hayamos hecho) a quien habla con la i, con la erre o con la ele. <\/p>\n<p>No tenemos la exclusividad de la <strong>glotofobia<\/strong>, que es de lo que se trata cuando se manifiestan estas apreciaciones; desgraciadamente es un <strong>fen\u00f3meno extendido<\/strong> que debe hacernos reflexionar, porque est\u00e1 basado en la incomprensi\u00f3n de la lengua, de su historia y de su <strong>valor cultural<\/strong>. <\/p>\n<p>Un titular del peri\u00f3dico <strong>espa\u00f1ol<\/strong> <em><strong>El Pa\u00eds<\/strong> <\/em>refleja c\u00f3mo la <strong>glotofobia<\/strong> es una actitud m\u00e1s com\u00fan de lo que nos gustar\u00eda: \u00abCambiar tu <strong>forma de hablar<\/strong> porque lo pide tu jefe: Espa\u00f1a sigue discriminando por el <strong>acento<\/strong>\u00bb. <\/p>\n<p>Mi <strong>experiencia personal<\/strong> me lo confirma: andaluces, canarios o murcianos se han visto tradicionalmente encasillados o discriminados personal y laboralmente por hablar una <strong>variedad dialectal<\/strong> <strong>diferente<\/strong> de la hablada en Castilla, cualquiera que esta sea.<\/p>\n<article class=\"border-t border-b py-5 mb-5 component nota-incrustada\">    <span class=\"block mb-2\"><strong>Te puede interesar<\/strong><\/span>                <\/p>\n<h2><a href=\"https:\/\/www.diariolibre.com\/revista\/columnistas\/2026\/04\/13\/amor-por-la-filologia\/3500641?utm_source=relacionadas&amp;utm_medium=nota&amp;utm_campaign=relacionadas\" title=\"Mam\u00e1, quiero ser fil\u00f3loga\">Mam\u00e1, quiero ser fil\u00f3loga<\/a><\/h2>\n<\/article>\n<p>Con el incremento de la poblaci\u00f3n de origen hispanoamericano, la <strong>glotofobia<\/strong> se ha extendido a algunas de las <strong>variedades americanas<\/strong> de la lengua. <\/p>\n<p>No es una actitud privativa de ciertos hablantes de <strong>espa\u00f1ol<\/strong>; en ese mismo art\u00edculo aprend\u00ed que <strong>Francia<\/strong> es el \u00fanico pa\u00eds europeo que ha establecido una regulaci\u00f3n contra la <strong>glotofobia<\/strong>, de lo que se deduce que hab\u00eda llegado a convertirse en un <strong>problema notable<\/strong>. <\/p>\n<p>Siempre conviene empezar por el principio. Nadie es consciente de su <strong>forma de hablar<\/strong> hasta que se encuentra con alguien que habla distinto. Es natural que cada hablante considere que su <strong>forma de hablar<\/strong> es la \u00abnormal\u00bb y que sienta <strong>extra\u00f1eza<\/strong> ante <strong>acentos<\/strong> diferentes al suyo. <\/p>\n<p>Normalmente pensamos que los del cantadito son los otros. A esta experiencia ling\u00fc\u00edstica y humana vienen a sumarse factores que nada tienen ya que ver con lo meramente ling\u00fc\u00edstico y que empiezan a generar <strong>prejuicios<\/strong>. Con frecuencia tenemos <strong>opiniones preconcebidas<\/strong> acerca de lo <strong>diferente<\/strong> o de lo que viene de fuera. <\/p>\n<p>Y esas <strong>opiniones preconcebidas<\/strong> est\u00e1n ancladas en cuestiones de <strong>prestigio econ\u00f3mico<\/strong> m\u00e1s que en rasgos ling\u00fc\u00edsticos. No recibimos con la misma complacencia la <strong>pronunciaci\u00f3n titubeante<\/strong> del <strong>espa\u00f1ol<\/strong> de un estadounidense que la de un haitiano. <\/p>\n<p>Generalmente son las comunidades m\u00e1s privilegiadas las que imponen estos <strong>prejuicios<\/strong>, que hunden sus ra\u00edces en <strong>estereotipos<\/strong> muy asentados por los <strong>medios de comunicaci\u00f3n<\/strong> dominados por esas mismas comunidades. <\/p>\n<p>El <em><strong>Diccionario de la lengua espa\u00f1ola<\/strong><\/em> define <em><strong>prejuzgar<\/strong> <\/em>como \u2018juzgar una cosa o a una persona antes del tiempo oportuno, o sin tener de ellas cabal conocimiento\u2019; y <em><strong>prejuicio<\/strong> <\/em>como \u2018opini\u00f3n previa y tenaz, por lo general desfavorable, acerca de algo que se conoce mal\u2019. <\/p>\n<p>Si conocemos mal la riqueza y la trascendencia cultural e hist\u00f3rica de nuestros <strong>acentos<\/strong>, de todos, no tardaremos en caer en la <strong>trampa<\/strong>.<\/p>\n<div class=\"read-more mb-7\">    <span class=\"block mb-2\">Leer m\u00e1s<\/span>    <\/p>\n<ul class=\"glosa\">\n<li>\n<h3><a href=\"https:\/\/www.diariolibre.com\/revista\/columnistas\/2026\/04\/06\/resucita-el-vocablo-un-tro-de-palabras\/3492957?utm_source=relacionadas&amp;utm_medium=nota&amp;utm_campaign=relacionadas\" title=\"Un tro de palabras\">Un tro de palabras<\/a><\/h3>\n<\/li>\n<li>\n<h3><a href=\"https:\/\/www.diariolibre.com\/revista\/columnistas\/2026\/03\/30\/semana-santa-de-pascuas-a-ramos\/3486448?utm_source=relacionadas&amp;utm_medium=nota&amp;utm_campaign=relacionadas\" title=\"De Pascuas a Ramos\">De Pascuas a Ramos<\/a><\/h3>\n<\/li>\n<li>\n<h3><a href=\"https:\/\/www.diariolibre.com\/revista\/columnistas\/2026\/03\/23\/vocabulario-palo-dado-ni-dios-lo-quita\/3478982?utm_source=relacionadas&amp;utm_medium=nota&amp;utm_campaign=relacionadas\" title=\"Palo dado ni Dios lo quita\">Palo dado ni Dios lo quita<\/a><\/h3>\n<\/li>\n<\/ul>\n<\/div>\n<p>\u200bHablemos hoy de una realidad tan fea como la palabreja que la designa: la glotofobia. El origen de este t\u00e9rmino est\u00e1 en la conjunci\u00f3n de dos formas griegas: glotta \u2018lengua\u2019 y\u00a0-phob\u00eda \u2018temor\u2019. Podr\u00edamos definir la glotofobia como la aversi\u00f3n, que conduce casi siempre a la discriminaci\u00f3n, hacia una persona por su forma de hablar; y no porque sea un mal hablante, sino porque emplea una variedad distinta de la que se suele considerar como la est\u00e1ndar. La lengua espa\u00f1ola con su riqueza en variedades dialectales y en acentos es terreno abonado para que se instalen los prejuicios ling\u00fc\u00edsticos.En nuestro entorno todos en alg\u00fan momento hemos o\u00eddo menospreciar (espero que no lo hayamos hecho) a quien habla con la i, con la erre o con la ele. No tenemos la exclusividad de la glotofobia, que es de lo que se trata cuando se manifiestan estas apreciaciones; desgraciadamente es un fen\u00f3meno extendido que debe hacernos reflexionar, porque est\u00e1 basado en la incomprensi\u00f3n de la lengua, de su historia y de su valor cultural. Un titular del peri\u00f3dico espa\u00f1ol El Pa\u00eds refleja c\u00f3mo la glotofobia es una actitud m\u00e1s com\u00fan de lo que nos gustar\u00eda: \u00abCambiar tu forma de hablar porque lo pide tu jefe: Espa\u00f1a sigue discriminando por el acento\u00bb. Mi experiencia personal me lo confirma: andaluces, canarios o murcianos se han visto tradicionalmente encasillados o discriminados personal y laboralmente por hablar una variedad dialectal diferente de la hablada en Castilla, cualquiera que esta sea.    Te puede interesar                Mam\u00e1, quiero ser fil\u00f3loga            Con el incremento de la poblaci\u00f3n de origen hispanoamericano, la glotofobia se ha extendido a algunas de las variedades americanas de la lengua. No es una actitud privativa de ciertos hablantes de espa\u00f1ol; en ese mismo art\u00edculo aprend\u00ed que Francia es el \u00fanico pa\u00eds europeo que ha establecido una regulaci\u00f3n contra la glotofobia, de lo que se deduce que hab\u00eda llegado a convertirse en un problema notable. Siempre conviene empezar por el principio. Nadie es consciente de su forma de hablar hasta que se encuentra con alguien que habla distinto. Es natural que cada hablante considere que su forma de hablar es la \u00abnormal\u00bb y que sienta extra\u00f1eza ante acentos diferentes al suyo. Normalmente pensamos que los del cantadito son los otros. A esta experiencia ling\u00fc\u00edstica y humana vienen a sumarse factores que nada tienen ya que ver con lo meramente ling\u00fc\u00edstico y que empiezan a generar prejuicios. Con frecuencia tenemos opiniones preconcebidas acerca de lo diferente o de lo que viene de fuera. Y esas opiniones preconcebidas est\u00e1n ancladas en cuestiones de prestigio econ\u00f3mico m\u00e1s que en rasgos ling\u00fc\u00edsticos. No recibimos con la misma complacencia la pronunciaci\u00f3n titubeante del espa\u00f1ol de un estadounidense que la de un haitiano. Generalmente son las comunidades m\u00e1s privilegiadas las que imponen estos prejuicios, que hunden sus ra\u00edces en estereotipos muy asentados por los medios de comunicaci\u00f3n dominados por esas mismas comunidades. El Diccionario de la lengua espa\u00f1ola define prejuzgar como \u2018juzgar una cosa o a una persona antes del tiempo oportuno, o sin tener de ellas cabal conocimiento\u2019; y prejuicio como \u2018opini\u00f3n previa y tenaz, por lo general desfavorable, acerca de algo que se conoce mal\u2019. Si conocemos mal la riqueza y la trascendencia cultural e hist\u00f3rica de nuestros acentos, de todos, no tardaremos en caer en la trampa.    Leer m\u00e1s                            Un tro de palabras                            De Pascuas a Ramos                            Palo dado ni Dios lo quita\u00a0\u00a0Revista, columnistas, Mar\u00eda Jos\u00e9 Rinc\u00f3n, Santo Domingo, Cultura, Acento, prejuicios, estereotipos, Glotofobia, Discriminaci\u00f3n ling\u00fc\u00edstica\u00a0<\/p>\n","protected":false},"excerpt":{"rendered":"<p>Hablemos hoy de una realidad tan fea como la palabreja que la designa: la glotofobia. El origen de este t\u00e9rmino est\u00e1 en la conjunci\u00f3n de dos formas griegas: glotta \u2018lengua\u2019 y\u00a0-phob\u00eda \u2018temor\u2019. Podr\u00edamos definir la glotofobia como la aversi\u00f3n, que conduce casi siempre a la discriminaci\u00f3n, hacia una persona por su forma de hablar; y [&hellip;]<\/p>\n","protected":false},"author":1,"featured_media":21018,"comment_status":"open","ping_status":"open","sticky":false,"template":"","format":"standard","meta":{"amp_status":"","footnotes":""},"categories":[9],"tags":[],"class_list":["post-21272","post","type-post","status-publish","format-standard","has-post-thumbnail","hentry","category-espectaculo"],"_links":{"self":[{"href":"https:\/\/ermdigital.com\/index.php?rest_route=\/wp\/v2\/posts\/21272","targetHints":{"allow":["GET"]}}],"collection":[{"href":"https:\/\/ermdigital.com\/index.php?rest_route=\/wp\/v2\/posts"}],"about":[{"href":"https:\/\/ermdigital.com\/index.php?rest_route=\/wp\/v2\/types\/post"}],"author":[{"embeddable":true,"href":"https:\/\/ermdigital.com\/index.php?rest_route=\/wp\/v2\/users\/1"}],"replies":[{"embeddable":true,"href":"https:\/\/ermdigital.com\/index.php?rest_route=%2Fwp%2Fv2%2Fcomments&post=21272"}],"version-history":[{"count":0,"href":"https:\/\/ermdigital.com\/index.php?rest_route=\/wp\/v2\/posts\/21272\/revisions"}],"wp:featuredmedia":[{"embeddable":true,"href":"https:\/\/ermdigital.com\/index.php?rest_route=\/wp\/v2\/media\/21018"}],"wp:attachment":[{"href":"https:\/\/ermdigital.com\/index.php?rest_route=%2Fwp%2Fv2%2Fmedia&parent=21272"}],"wp:term":[{"taxonomy":"category","embeddable":true,"href":"https:\/\/ermdigital.com\/index.php?rest_route=%2Fwp%2Fv2%2Fcategories&post=21272"},{"taxonomy":"post_tag","embeddable":true,"href":"https:\/\/ermdigital.com\/index.php?rest_route=%2Fwp%2Fv2%2Ftags&post=21272"}],"curies":[{"name":"wp","href":"https:\/\/api.w.org\/{rel}","templated":true}]}}