{"id":21231,"date":"2026-04-20T16:49:00","date_gmt":"2026-04-20T20:49:00","guid":{"rendered":"https:\/\/ermdigital.com\/index.php\/2026\/04\/20\/karol-g-pasara-por-republica-dominicana-en-su-nueva-gira\/"},"modified":"2026-04-20T16:49:00","modified_gmt":"2026-04-20T20:49:00","slug":"karol-g-pasara-por-republica-dominicana-en-su-nueva-gira","status":"publish","type":"post","link":"https:\/\/ermdigital.com\/?p=21231","title":{"rendered":"Karol G pasar\u00e1 por Rep\u00fablica Dominicana en su nueva gira"},"content":{"rendered":"<p>La expectativa generada por el <strong>mensaje<\/strong> \u201cNos vamos de tour\u201d de la cantante colombiana <strong>Karol G<\/strong> sigue tomando fuerza y la Rep\u00fablica Dominicana estar\u00e1 entre sus pr\u00f3ximas paradas.<\/p>\n<p>El productor de espect\u00e1culos <strong>Gamal Hach\u00e9<\/strong>, responsable de los m\u00e1s importantes conciertos de la artista de \"La Bichota\" en el pa\u00eds, public\u00f3 en\u00a0 Instagram un recorrido de las vallas publicitarias con el mensaje de la gira y confirm\u00f3 que Quisqueya no se perder\u00e1 este show.<\/p>\n<p>\u201cLa ciudad est\u00e1 hablando. Est\u00e1n listos\u201d, escribi\u00f3 Hach\u00e9 con emoticones de la bandera dominicana y un coraz\u00f3n naranja, como s\u00edmbolo del color del \u00e1lbum de <strong>Karol G<\/strong> \"<strong>Tropicoqueta<\/strong>\".<\/p>\n<p>La publicaci\u00f3n gener\u00f3 de inmediato casi 700 comentarios. \"La reina nuestra\", \"List\u00edsima, suelta eso\", \"No me lo creo, cu\u00e1ndo es\", han sido parte de los insistentes comentarios.<\/p>\n<div class=\"w-full pt-2 float-left inside-related\">    <span class=\"border-b border-black pb-3 mb-4 block\"><strong>RELACIONADAS<\/strong><\/span>                <\/p>\n<article class=\"flex flex-wrap border-b pb-4 mb-3 inline-block\">\n<div class=\"xl:w-2\/12 w-4\/12\">\n<figure class=\"mb-0\">                                                    <a href=\"https:\/\/www.diariolibre.com\/revista\/musica\/2026\/04\/20\/nos-vamos-de-tour-el-mensaje-que-los-fans-vinculan-con-karol-g\/3508496?utm_source=relacionadas&amp;utm_medium=nota&amp;utm_campaign=relacionadas\" title=\"                                                                                                                            \">                                                                <img decoding=\"async\" loading=\"lazy\" src=\"https:\/\/resources.diariolibre.com\/images\/2026\/04\/20\/imagen-de-archivo-del-cantante-dani-fernandez-i-durante-un-concierto-efetoni-galann-1-559e24ea-focus-0.4-0.65-149-99.jpg\" width=\"149\" height=\"99\" title=\"\u201cNos vamos de tour\u201d: mensaje en vallas de Santo Domingo que algunos vinculan con Karol G\" alt=\"\u201cNos vamos de tour\u201d: mensaje en vallas de Santo Domingo que algunos vinculan con Karol G\" class=\"object-cover\">                                                            <\/a>                                            <\/figure>\n<\/p><\/div>\n<div class=\"xl:w-10\/12 w-8\/12 pl-3\">\n<div class=\"text-md mb-2 meta\">                        <a href=\"https:\/\/www.diariolibre.com\/revista\/musica\" title=\"M\u00fasica\">M\u00fasica<\/a>                    <\/div>\n<h2><a href=\"https:\/\/www.diariolibre.com\/revista\/musica\/2026\/04\/20\/nos-vamos-de-tour-el-mensaje-que-los-fans-vinculan-con-karol-g\/3508496?utm_source=relacionadas&amp;utm_medium=nota&amp;utm_campaign=relacionadas\" title=\"\u201cNos vamos de tour\u201d: mensaje en vallas de Santo Domingo que algunos vinculan con Karol G\">\u201cNos vamos de tour\u201d: mensaje en vallas de Santo Domingo que algunos vinculan con Karol G<\/a><\/h2>\n<\/p><\/div>\n<\/article><\/div>\n<ul>\n<li>Por el momento no se ha informado oficialmente de fecha y lugar del concierto. Su \u00faltima presentaci\u00f3n en el pa\u00eds\u00a0 fue en el 2023 en el Estadio Ol\u00edmpico F\u00e9lix S\u00e1nchez con dos funciones a casa llena como parte de su gira \"<strong>Ma\u00f1ana ser\u00e1 bonito<\/strong>\".<\/li>\n<\/ul>\n<div class=\"social-embed mb-4\">\n<blockquote class=\"instagram-media\" data-instgrm-captioned=\"\" data-instgrm-permalink=\"https:\/\/www.instagram.com\/p\/DXXvoaggf2L\/?utm_source=ig_embed&amp;utm_campaign=loading\" data-instgrm-version=\"14\">\n<div> <a href=\"https:\/\/www.instagram.com\/p\/DXXvoaggf2L\/?utm_source=ig_embed&amp;utm_campaign=loading\" target=\"_blank\" title=\"       Ver esta publicaci\u00f3n en Instagram            \" rel=\"nofollow noopener noreferrer\"> <\/p>\n<div>\n<div><\/div>\n<div>\n<div><\/div>\n<div><\/div>\n<\/div>\n<\/div>\n<div><\/div>\n<div><\/div>\n<div>\n<div>Ver esta publicaci\u00f3n en Instagram<\/div>\n<\/div>\n<div><\/div>\n<div>\n<div>\n<div><\/div>\n<div><\/div>\n<div><\/div>\n<\/div>\n<div>\n<div><\/div>\n<div><\/div>\n<\/div>\n<div>\n<div><\/div>\n<div><\/div>\n<div><\/div>\n<\/div>\n<\/div>\n<div>\n<div><\/div>\n<div><\/div>\n<\/div>\n<p><\/a><\/p>\n<p><a href=\"https:\/\/www.instagram.com\/p\/DXXvoaggf2L\/?utm_source=ig_embed&amp;utm_campaign=loading\" target=\"_blank\" title=\"Una publicaci\u00f3n compartida de GAMAL\u2122? (@gamalrd)\" rel=\"nofollow noopener noreferrer\">Una publicaci\u00f3n compartida de GAMAL\u2122? (@gamalrd)<\/a><\/p>\n<\/div>\n<\/blockquote>\n<div class=\"lazyload\" data-script=\"https:\/\/www.instagram.com\/embed.js\"><\/div>\n<\/div>\n<p>La publicaci\u00f3n surge en medio del creciente entusiasmo tras la hist\u00f3rica participaci\u00f3n de la int\u00e9rprete en <strong>Coachella<\/strong>, siendo la primera latina en encabezar un show principal, donde dej\u00f3 entrever el inicio de un nuevo tour internacional. Desde entonces, fan\u00e1ticos y medios han especulado sobre las ciudades que formar\u00e1n parte del <strong>recorrido<\/strong>.<\/p>\n<p>De concretarse, el <strong>concierto<\/strong> marcar\u00eda otro hito en la relaci\u00f3n entre <strong>Karol G<\/strong> y sus seguidores locales, consolidando a <strong>Santo Domingo<\/strong> como una plaza clave dentro del circuito latino de grandes espect\u00e1culos.<\/p>\n<p>\u00a0<\/p>\n<p>\u200bLa expectativa generada por el mensaje \u201cNos vamos de tour\u201d de la cantante colombiana Karol G sigue tomando fuerza y la Rep\u00fablica Dominicana estar\u00e1 entre sus pr\u00f3ximas paradas.El productor de espect\u00e1culos Gamal Hach\u00e9, responsable de los m\u00e1s importantes conciertos de la artista de \"La Bichota\" en el pa\u00eds, public\u00f3 en\u00a0 Instagram un recorrido de las vallas publicitarias con el mensaje de la gira y confirm\u00f3 que Quisqueya no se perder\u00e1 este show.\u201cLa ciudad est\u00e1 hablando. Est\u00e1n listos\u201d, escribi\u00f3 Hach\u00e9 con emoticones de la bandera dominicana y un coraz\u00f3n naranja, como s\u00edmbolo del color del \u00e1lbum de Karol G \"Tropicoqueta\".La publicaci\u00f3n gener\u00f3 de inmediato casi 700 comentarios. \"La reina nuestra\", \"List\u00edsima, suelta eso\", \"No me lo creo, cu\u00e1ndo es\", han sido parte de los insistentes comentarios.    RELACIONADAS                                                                                                                                                                                                                                                                                                                                                            M\u00fasica                                        \u201cNos vamos de tour\u201d: mensaje en vallas de Santo Domingo que algunos vinculan con Karol G                                        Por el momento no se ha informado oficialmente de fecha y lugar del concierto. Su \u00faltima presentaci\u00f3n en el pa\u00eds\u00a0 fue en el 2023 en el Estadio Ol\u00edmpico F\u00e9lix S\u00e1nchez con dos funciones a casa llena como parte de su gira \"Ma\u00f1ana ser\u00e1 bonito\".        Ver esta publicaci\u00f3n en Instagram            Una publicaci\u00f3n compartida de GAMAL\u2122? (@gamalrd) La publicaci\u00f3n surge en medio del creciente entusiasmo tras la hist\u00f3rica participaci\u00f3n de la int\u00e9rprete en Coachella, siendo la primera latina en encabezar un show principal, donde dej\u00f3 entrever el inicio de un nuevo tour internacional. Desde entonces, fan\u00e1ticos y medios han especulado sobre las ciudades que formar\u00e1n parte del recorrido.De concretarse, el concierto marcar\u00eda otro hito en la relaci\u00f3n entre Karol G y sus seguidores locales, consolidando a Santo Domingo como una plaza clave dentro del circuito latino de grandes espect\u00e1culos.\u00a0\u00a0\u00a0Revista, M\u00fasica, Diario Libre, Santo Domingo, Karol G, Coachella, Tropicoqueta, nueva gira\u00a0<\/p>\n","protected":false},"excerpt":{"rendered":"<p>La expectativa generada por el mensaje \u201cNos vamos de tour\u201d de la cantante colombiana Karol G sigue tomando fuerza y la Rep\u00fablica Dominicana estar\u00e1 entre sus pr\u00f3ximas paradas. El productor de espect\u00e1culos Gamal Hach\u00e9, responsable de los m\u00e1s importantes conciertos de la artista de \"La Bichota\" en el pa\u00eds, public\u00f3 en\u00a0 Instagram un recorrido de [&hellip;]<\/p>\n","protected":false},"author":1,"featured_media":20990,"comment_status":"open","ping_status":"open","sticky":false,"template":"","format":"standard","meta":{"amp_status":"","footnotes":""},"categories":[9],"tags":[],"class_list":["post-21231","post","type-post","status-publish","format-standard","has-post-thumbnail","hentry","category-espectaculo"],"_links":{"self":[{"href":"https:\/\/ermdigital.com\/index.php?rest_route=\/wp\/v2\/posts\/21231","targetHints":{"allow":["GET"]}}],"collection":[{"href":"https:\/\/ermdigital.com\/index.php?rest_route=\/wp\/v2\/posts"}],"about":[{"href":"https:\/\/ermdigital.com\/index.php?rest_route=\/wp\/v2\/types\/post"}],"author":[{"embeddable":true,"href":"https:\/\/ermdigital.com\/index.php?rest_route=\/wp\/v2\/users\/1"}],"replies":[{"embeddable":true,"href":"https:\/\/ermdigital.com\/index.php?rest_route=%2Fwp%2Fv2%2Fcomments&post=21231"}],"version-history":[{"count":0,"href":"https:\/\/ermdigital.com\/index.php?rest_route=\/wp\/v2\/posts\/21231\/revisions"}],"wp:featuredmedia":[{"embeddable":true,"href":"https:\/\/ermdigital.com\/index.php?rest_route=\/wp\/v2\/media\/20990"}],"wp:attachment":[{"href":"https:\/\/ermdigital.com\/index.php?rest_route=%2Fwp%2Fv2%2Fmedia&parent=21231"}],"wp:term":[{"taxonomy":"category","embeddable":true,"href":"https:\/\/ermdigital.com\/index.php?rest_route=%2Fwp%2Fv2%2Fcategories&post=21231"},{"taxonomy":"post_tag","embeddable":true,"href":"https:\/\/ermdigital.com\/index.php?rest_route=%2Fwp%2Fv2%2Ftags&post=21231"}],"curies":[{"name":"wp","href":"https:\/\/api.w.org\/{rel}","templated":true}]}}