{"id":21028,"date":"2026-04-20T13:15:00","date_gmt":"2026-04-20T17:15:00","guid":{"rendered":"https:\/\/ermdigital.com\/index.php\/2026\/04\/20\/volvo-de-brasil-reconoce-a-caribe-tours\/"},"modified":"2026-04-20T13:15:00","modified_gmt":"2026-04-20T17:15:00","slug":"volvo-de-brasil-reconoce-a-caribe-tours","status":"publish","type":"post","link":"https:\/\/ermdigital.com\/?p=21028","title":{"rendered":"Volvo de Brasil reconoce a Caribe Tours"},"content":{"rendered":"<p>La empresa Volvo, de Brasil, <strong>reconoci\u00f3 a Caribe Tours<\/strong> por su trayectoria de 40 a\u00f1os de desarrollo y aportes al transporte en la Rep\u00fablica Dominicana, as\u00ed como por los v\u00ednculos comerciales y profesionales entre ambas compa\u00f1\u00edas por varias d\u00e9cadas.<\/p>\n<p>La placa fue recibida en la sede principal de <strong>Caribe Tours<\/strong>, por su presidente y vicepresidente ejecutivo, <strong>Jos\u00e9 Hern\u00e1ndez And\u00fajar<\/strong> y <strong>Paul Guerrero<\/strong>, respectivamente, quienes agradecieron el gesto de Volvo y valoraron el respaldo constante que como socio clave brindan en favor del fortalecimiento y modernizaci\u00f3n de la flota vehicular de esa empresa de transporte.<\/p>\n<p>La distinci\u00f3n fue entregada por <strong>Bruno Ram\u00f3n<\/strong>, gerente de ventas de Volvo; <strong>Luis Moyorga<\/strong>, ingeniero de proyecto y aplicaci\u00f3n; y <strong>Eduardo Sousa<\/strong>, gerente de repuestos de esa compa\u00f1\u00eda fabricante del sector automotriz suramericano.<\/p>\n<p>En el<strong> acto <\/strong>tambi\u00e9n estuvieron <strong>presentes<\/strong>:\u00a0<\/p>\n<ul>\n<li><strong>Bol\u00edvar Medrano<\/strong><\/li>\n<li><strong>Ivonne Montes de Oca<\/strong><\/li>\n<li>C\u00e9sar S\u00e1nchez<\/li>\n<li> Willian Castro <\/li>\n<li>Francisco Marmolejos, altos ejecutivos de <strong>Caribe Tours<\/strong>.<\/li>\n<\/ul>\n<h2>Palabras de gratitud<\/h2>\n<p><strong>Jos\u00e9 Hern\u00e1ndez<\/strong> destac\u00f3 que \u201ceste reconocimiento nos honra profundamente y reafirma nuestro compromiso de seguir ofreciendo un servicio c\u00f3modo y de calidad a nuestros usuarios, de la mano de aliados de prestigio internacional como Volvo\u201d.<\/p>\n<p>De su lado, <strong>Paul Guerrero<\/strong>, apunt\u00f3 que esta relaci\u00f3n entre ambas empresas se inici\u00f3 en el a\u00f1o 1994, y desde entonces se ha sustentado en la confianza mutua y <strong>alianza estrat\u00e9gica<\/strong> para beneficios del servicio que ofrece <strong>Caribe Tours<\/strong> en la Rep\u00fablica Dominicana.<\/p>\n<p>En la actividad fue anunciado que durante este a\u00f1o Volvo desarrollar\u00e1 una agenda de capacitaci\u00f3n y entrenamiento a los t\u00e9cnicos de <strong>Caribe Tours <\/strong>con miras a garantizar una mayor eficiencia de sus unidades, enviar\u00e1 su personal a Brasil y recibir\u00e1 a especialistas de varias \u00e1reas para instruir a sus recursos humanos.<\/p>\n<div class=\"w-full pt-2 float-left inside-related\">    <span class=\"border-b border-black pb-3 mb-4 block\"><strong>RELACIONADAS<\/strong><\/span>                <\/p>\n<article class=\"flex flex-wrap border-b pb-4 mb-3 inline-block\">\n<div class=\"xl:w-2\/12 w-4\/12\">\n<figure class=\"mb-0\">                                                    <a href=\"https:\/\/www.diariolibre.com\/revista\/sociales\/2025\/11\/18\/caribe-tours-celebra-sus-40-anos\/3318036?utm_source=relacionadas&amp;utm_medium=nota&amp;utm_campaign=relacionadas\" title=\"                                                                                                                            \">                                                                <img decoding=\"async\" loading=\"lazy\" src=\"https:\/\/resources.diariolibre.com\/images\/2025\/11\/18\/caribe-tours-celebra-sus-40-anos-b666a3a3-focus-0-0-149-99.jpg\" width=\"149\" height=\"99\" title=\"Caribe Tours celebra sus 40 a\u00f1os en una velada llena de reconocimientos\" alt=\"Caribe Tours celebra sus 40 a\u00f1os en una velada llena de reconocimientos\" class=\"object-cover\">                                                            <\/a>                                            <\/figure>\n<\/p><\/div>\n<div class=\"xl:w-10\/12 w-8\/12 pl-3\">\n<div class=\"text-md mb-2 meta\">                        <a href=\"https:\/\/www.diariolibre.com\/revista\/sociales\" title=\"Sociales\">Sociales<\/a>                    <\/div>\n<h2><a href=\"https:\/\/www.diariolibre.com\/revista\/sociales\/2025\/11\/18\/caribe-tours-celebra-sus-40-anos\/3318036?utm_source=relacionadas&amp;utm_medium=nota&amp;utm_campaign=relacionadas\" title=\"Caribe Tours celebra sus 40 a\u00f1os en una velada llena de reconocimientos\">Caribe Tours celebra sus 40 a\u00f1os en una velada llena de reconocimientos<\/a><\/h2>\n<\/p><\/div>\n<\/article><\/div>\n<p><\/p>\n<p>\u200bLa empresa Volvo, de Brasil, reconoci\u00f3 a Caribe Tours por su trayectoria de 40 a\u00f1os de desarrollo y aportes al transporte en la Rep\u00fablica Dominicana, as\u00ed como por los v\u00ednculos comerciales y profesionales entre ambas compa\u00f1\u00edas por varias d\u00e9cadas.La placa fue recibida en la sede principal de Caribe Tours, por su presidente y vicepresidente ejecutivo, Jos\u00e9 Hern\u00e1ndez And\u00fajar y Paul Guerrero, respectivamente, quienes agradecieron el gesto de Volvo y valoraron el respaldo constante que como socio clave brindan en favor del fortalecimiento y modernizaci\u00f3n de la flota vehicular de esa empresa de transporte.La distinci\u00f3n fue entregada por Bruno Ram\u00f3n, gerente de ventas de Volvo; Luis Moyorga, ingeniero de proyecto y aplicaci\u00f3n; y Eduardo Sousa, gerente de repuestos de esa compa\u00f1\u00eda fabricante del sector automotriz suramericano.En el acto tambi\u00e9n estuvieron presentes:\u00a0    Bol\u00edvar Medrano    Ivonne Montes de Oca    C\u00e9sar S\u00e1nchez     Willian Castro     Francisco Marmolejos, altos ejecutivos de Caribe Tours.Palabras de gratitudJos\u00e9 Hern\u00e1ndez destac\u00f3 que \u201ceste reconocimiento nos honra profundamente y reafirma nuestro compromiso de seguir ofreciendo un servicio c\u00f3modo y de calidad a nuestros usuarios, de la mano de aliados de prestigio internacional como Volvo\u201d.De su lado, Paul Guerrero, apunt\u00f3 que esta relaci\u00f3n entre ambas empresas se inici\u00f3 en el a\u00f1o 1994, y desde entonces se ha sustentado en la confianza mutua y alianza estrat\u00e9gica para beneficios del servicio que ofrece Caribe Tours en la Rep\u00fablica Dominicana.En la actividad fue anunciado que durante este a\u00f1o Volvo desarrollar\u00e1 una agenda de capacitaci\u00f3n y entrenamiento a los t\u00e9cnicos de Caribe Tours con miras a garantizar una mayor eficiencia de sus unidades, enviar\u00e1 su personal a Brasil y recibir\u00e1 a especialistas de varias \u00e1reas para instruir a sus recursos humanos.    RELACIONADAS                                                                                                                                                                                                                                                                                                                                                            Sociales                                        Caribe Tours celebra sus 40 a\u00f1os en una velada llena de reconocimientos\u00a0\u00a0Revista, Sociales, Diario Libre, Santo Domingo, Caribe Tours\u00a0<\/p>\n","protected":false},"excerpt":{"rendered":"<p>La empresa Volvo, de Brasil, reconoci\u00f3 a Caribe Tours por su trayectoria de 40 a\u00f1os de desarrollo y aportes al transporte en la Rep\u00fablica Dominicana, as\u00ed como por los v\u00ednculos comerciales y profesionales entre ambas compa\u00f1\u00edas por varias d\u00e9cadas. La placa fue recibida en la sede principal de Caribe Tours, por su presidente y vicepresidente [&hellip;]<\/p>\n","protected":false},"author":1,"featured_media":20858,"comment_status":"open","ping_status":"open","sticky":false,"template":"","format":"standard","meta":{"amp_status":"","footnotes":""},"categories":[9],"tags":[],"class_list":["post-21028","post","type-post","status-publish","format-standard","has-post-thumbnail","hentry","category-espectaculo"],"_links":{"self":[{"href":"https:\/\/ermdigital.com\/index.php?rest_route=\/wp\/v2\/posts\/21028","targetHints":{"allow":["GET"]}}],"collection":[{"href":"https:\/\/ermdigital.com\/index.php?rest_route=\/wp\/v2\/posts"}],"about":[{"href":"https:\/\/ermdigital.com\/index.php?rest_route=\/wp\/v2\/types\/post"}],"author":[{"embeddable":true,"href":"https:\/\/ermdigital.com\/index.php?rest_route=\/wp\/v2\/users\/1"}],"replies":[{"embeddable":true,"href":"https:\/\/ermdigital.com\/index.php?rest_route=%2Fwp%2Fv2%2Fcomments&post=21028"}],"version-history":[{"count":0,"href":"https:\/\/ermdigital.com\/index.php?rest_route=\/wp\/v2\/posts\/21028\/revisions"}],"wp:featuredmedia":[{"embeddable":true,"href":"https:\/\/ermdigital.com\/index.php?rest_route=\/wp\/v2\/media\/20858"}],"wp:attachment":[{"href":"https:\/\/ermdigital.com\/index.php?rest_route=%2Fwp%2Fv2%2Fmedia&parent=21028"}],"wp:term":[{"taxonomy":"category","embeddable":true,"href":"https:\/\/ermdigital.com\/index.php?rest_route=%2Fwp%2Fv2%2Fcategories&post=21028"},{"taxonomy":"post_tag","embeddable":true,"href":"https:\/\/ermdigital.com\/index.php?rest_route=%2Fwp%2Fv2%2Ftags&post=21028"}],"curies":[{"name":"wp","href":"https:\/\/api.w.org\/{rel}","templated":true}]}}