{"id":21027,"date":"2026-04-20T13:50:00","date_gmt":"2026-04-20T17:50:00","guid":{"rendered":"https:\/\/ermdigital.com\/index.php\/2026\/04\/20\/feria-regional-del-libro-cibao-inicia-con-buena-asistencia\/"},"modified":"2026-04-20T13:50:00","modified_gmt":"2026-04-20T17:50:00","slug":"feria-regional-del-libro-cibao-inicia-con-buena-asistencia","status":"publish","type":"post","link":"https:\/\/ermdigital.com\/?p=21027","title":{"rendered":"Feria Regional del Libro Cibao inicia con buena asistencia"},"content":{"rendered":"<p>La <strong>Feria Regional del Libro<\/strong> y la <strong>Cultura Cibao 2026<\/strong> transcurre en su <strong>primer d\u00eda<\/strong> con una notable asistencia de p\u00fablico en el <strong>Gran Teatro del Cibao<\/strong>, donde se desarrollar\u00e1 hasta el <strong>domingo 26 de abril<\/strong>.<\/p>\n<p>El viceministro de Identidad Cultural y Ciudadan\u00eda, Pastor de Moya, explic\u00f3 que la feria se desarrolla en horario de 9:00 de la ma\u00f1ana a 9:00 de la noche, con una programaci\u00f3n que incluye <strong>presentaciones de libros<\/strong>, actividades educativas y exhibiciones culturales.<\/p>\n<p>Dijo que <strong>cada jornada<\/strong> estar\u00e1 dedicada a <strong>dos provincias<\/strong> del Cibao, con el objetivo de resaltar sus identidades y manifestaciones propias.<\/p>\n<div class=\"w-full pt-2 float-left inside-related\">    <span class=\"border-b border-black pb-3 mb-4 block\"><strong>RELACIONADAS<\/strong><\/span>                <\/p>\n<article class=\"flex flex-wrap border-b pb-4 mb-3 inline-block\">\n<div class=\"xl:w-2\/12 w-4\/12\">\n<figure class=\"mb-0\">                                                    <a href=\"https:\/\/www.diariolibre.com\/actualidad\/dialogo-libre\/2026\/04\/13\/roberto-angel-salcedo-feria-regional-del-libro-y-la-cultura-cibao\/3499774?utm_source=relacionadas&amp;utm_medium=nota&amp;utm_campaign=relacionadas\" title=\"                                                                                                                            \">                                                                <img decoding=\"async\" loading=\"lazy\" src=\"https:\/\/resources.diariolibre.com\/images\/2026\/04\/12\/celebraran-primera-feria-regional-del-libro-y-la-cultura-cibao-2026-3df1adbf-focus-min0.01-0.55-149-99.png\" width=\"149\" height=\"99\" title=\"Roberto \u00c1ngel Salcedo: \u201cQueremos que cada provincia del Cibao pueda promover sus valores culturales\" alt=\"Roberto \u00c1ngel Salcedo: \u201cQueremos que cada provincia del Cibao pueda promover sus valores culturales\" class=\"object-cover\">                                                            <\/a>                                            <\/figure>\n<\/p><\/div>\n<div class=\"xl:w-10\/12 w-8\/12 pl-3\">\n<div class=\"text-md mb-2 meta\">                        <a href=\"https:\/\/www.diariolibre.com\/actualidad\/dialogo-libre\" title=\"Di\u00e1logo Libre\">Di\u00e1logo Libre<\/a>                    <\/div>\n<h2><a href=\"https:\/\/www.diariolibre.com\/actualidad\/dialogo-libre\/2026\/04\/13\/roberto-angel-salcedo-feria-regional-del-libro-y-la-cultura-cibao\/3499774?utm_source=relacionadas&amp;utm_medium=nota&amp;utm_campaign=relacionadas\" title=\"Roberto \u00c1ngel Salcedo: \u201cQueremos que cada provincia del Cibao pueda promover sus valores culturales\">Roberto \u00c1ngel Salcedo: \u201cQueremos que cada provincia del Cibao pueda promover sus valores culturales\"<\/a><\/h2>\n<\/p><\/div>\n<\/article>\n<article class=\"flex flex-wrap border-b pb-4 mb-3 inline-block\">\n<div class=\"xl:w-2\/12 w-4\/12\">\n<figure class=\"mb-0\">                                                    <a href=\"https:\/\/www.diariolibre.com\/revista\/cultura\/2026\/04\/19\/inauguran-feria-regional-del-libro-y-la-cultura-cibao-en-santiago\/3507739?utm_source=relacionadas&amp;utm_medium=nota&amp;utm_campaign=relacionadas\" title=\"                                                                                                                            \">                                                                <img decoding=\"async\" loading=\"lazy\" src=\"https:\/\/resources.diariolibre.com\/images\/2026\/04\/20\/inauguran-feria-regional-del-libro-y-la-cultura-cibao-en-santiago-c86f7dcb-focus-0-0-149-99.jpg\" width=\"149\" height=\"99\" title=\"Inauguran Feria Regional del Libro y la Cultura Cibao 2026 en Santiago\" alt=\"Inauguran Feria Regional del Libro y la Cultura Cibao 2026 en Santiago\" class=\"object-cover\">                                                            <\/a>                                            <\/figure>\n<\/p><\/div>\n<div class=\"xl:w-10\/12 w-8\/12 pl-3\">\n<div class=\"text-md mb-2 meta\">                        <a href=\"https:\/\/www.diariolibre.com\/revista\/cultura\" title=\"Cultura\">Cultura<\/a>                    <\/div>\n<h2><a href=\"https:\/\/www.diariolibre.com\/revista\/cultura\/2026\/04\/19\/inauguran-feria-regional-del-libro-y-la-cultura-cibao-en-santiago\/3507739?utm_source=relacionadas&amp;utm_medium=nota&amp;utm_campaign=relacionadas\" title=\"Inauguran Feria Regional del Libro y la Cultura Cibao 2026 en Santiago\">Inauguran Feria Regional del Libro y la Cultura Cibao 2026 en Santiago<\/a><\/h2>\n<\/p><\/div>\n<\/article><\/div>\n<p>\u201cEste es un espacio pensado para toda la familia dominicana, donde no solo se promueve la lectura, sino tambi\u00e9n el <strong>patrimonio cultural<\/strong>, las tradiciones y las distintas expresiones art\u00edsticas\u201d, expres\u00f3 el funcionario.<\/p>\n<h2><strong>Participaci\u00f3n de las provincias<\/strong><\/h2>\n<p>Delegaciones de distintas provincias dijeron presente desde el <strong>primer d\u00eda<\/strong>.\u00a0<\/p>\n<div class=\"my-12 component gallery relative small-slider\">\n<div class=\"slider-container\">\n<figure class=\"slider-item\">\n<div class=\"expand-img-placeholder\"><img loading=\"lazy\" decoding=\"async\" src=\"https:\/\/resources.diariolibre.com\/images\/expand.svg\" alt=\"Expandir imagen\" width=\"20\" height=\"20\"><span class=\"rutaimagenoriginal-placeholder\">https:\/\/resources.diariolibre.com\/images\/2026\/04\/20\/whatsapp-image-2026-04-20-at-10157-pm-632b8ba2.jpeg<\/span><\/div>\n<p><img decoding=\"async\" src=\"https:\/\/resources.diariolibre.com\/images\/2026\/04\/20\/whatsapp-image-2026-04-20-at-10157-pm-632b8ba2.jpeg\" width=\"100%\" alt=\"Elementos de la cultura cibae\u00f1a se destacan en la feria.\" class=\"w-full object-cover\"><figcaption><span>Elementos de la cultura cibae\u00f1a se destacan en la feria.<\/span><span> (<strong>DIARIO LIBRE\/PABLO GONZ\u00c1LEZ <\/strong>)<\/span><\/figcaption><\/figure>\n<figure class=\"slider-item\">\n<div class=\"expand-img-placeholder\"><img loading=\"lazy\" decoding=\"async\" src=\"https:\/\/resources.diariolibre.com\/images\/expand.svg\" alt=\"Expandir imagen\" width=\"20\" height=\"20\"><span class=\"rutaimagenoriginal-placeholder\">https:\/\/resources.diariolibre.com\/images\/2026\/04\/20\/whatsapp-image-2026-04-20-at-10158-pm-4f23cabd.jpeg<\/span><\/div>\n<p><img decoding=\"async\" src=\"https:\/\/resources.diariolibre.com\/images\/2026\/04\/20\/whatsapp-image-2026-04-20-at-10158-pm-4f23cabd.jpeg\" width=\"100%\" alt=\"En la feria se pueden adquirir libros de autores dominicanos y extranjeros.\" class=\"w-full object-cover\"><figcaption><span>En la feria se pueden adquirir libros de autores dominicanos y extranjeros.<\/span><span> (<strong>DIARIO LIBRE\/PABLO GONZ\u00c1LEZ<\/strong>)<\/span><\/figcaption><\/figure>\n<\/p><\/div>\n<div class=\"slider-arrows\">\n<div class=\"slider-arrow prev\">\u2039<\/div>\n<div class=\"slider-arrow next\">\u203a<\/div>\n<\/p><\/div>\n<ul class=\"slider-dots\"><\/ul>\n<\/div>\n<p>Desde <strong>La Vega<\/strong>, el <strong>gestor cultural Guillermo Rafael Rodr\u00edguez<\/strong> destac\u00f3 la integraci\u00f3n de <strong>talleres literarios<\/strong> y escritores locales, as\u00ed como la promoci\u00f3n de elementos emblem\u00e1ticos de esa demarcaci\u00f3n, como su historia, su catedral y su carnaval.<\/p>\n<h2><strong>Espacios innovadores<\/strong><\/h2>\n<p>Entre las novedades de esta edici\u00f3n figura el <strong>pabell\u00f3n del c\u00f3mic<\/strong>, una propuesta que debuta en la feria.\u00a0<\/p>\n<ul>\n<li>La <strong>coordinadora Estefan\u00eda Peguero<\/strong> explic\u00f3 que el espacio re\u00fane a <strong>estudios y colectivos<\/strong> locales, adem\u00e1s de ofrecer <strong>\u00e1reas interactivas<\/strong> de dibujo, lectura y videojuegos.<\/li>\n<\/ul>\n<p>La <strong>Feria Regional del Libro<\/strong> y la <strong>Cultura Cibao 2026<\/strong> continuar\u00e1 su programaci\u00f3n en los <strong>pr\u00f3ximos d\u00edas<\/strong>, con la expectativa de que aumente la afluencia de visitantes a medida que avance el evento.<\/p>\n<p>El objetivo de las autoridades con el montaje del evento es consolidarlo como una tradici\u00f3n anual en la <strong>regi\u00f3n Norte<\/strong> del pa\u00eds.<\/p>\n<p><\/p>\n<p>\u200bLa Feria Regional del Libro y la Cultura Cibao 2026 transcurre en su primer d\u00eda con una notable asistencia de p\u00fablico en el Gran Teatro del Cibao, donde se desarrollar\u00e1 hasta el domingo 26 de abril.El viceministro de Identidad Cultural y Ciudadan\u00eda, Pastor de Moya, explic\u00f3 que la feria se desarrolla en horario de 9:00 de la ma\u00f1ana a 9:00 de la noche, con una programaci\u00f3n que incluye presentaciones de libros, actividades educativas y exhibiciones culturales.Dijo que cada jornada estar\u00e1 dedicada a dos provincias del Cibao, con el objetivo de resaltar sus identidades y manifestaciones propias.    RELACIONADAS                                                                                                                                                                                                                                                                                                                                                            Di\u00e1logo Libre                                        Roberto \u00c1ngel Salcedo: \u201cQueremos que cada provincia del Cibao pueda promover sus valores culturales\"                                                                                                                                                                                                                                                                                                                                                                                            Cultura                                        Inauguran Feria Regional del Libro y la Cultura Cibao 2026 en Santiago                                    \u201cEste es un espacio pensado para toda la familia dominicana, donde no solo se promueve la lectura, sino tambi\u00e9n el patrimonio cultural, las tradiciones y las distintas expresiones art\u00edsticas\u201d, expres\u00f3 el funcionario.Participaci\u00f3n de las provinciasDelegaciones de distintas provincias dijeron presente desde el primer d\u00eda.\u00a0            https:\/\/resources.diariolibre.com\/images\/2026\/04\/20\/whatsapp-image-2026-04-20-at-10157-pm-632b8ba2.jpegElementos de la cultura cibae\u00f1a se destacan en la feria. (DIARIO LIBRE\/PABLO GONZ\u00c1LEZ )https:\/\/resources.diariolibre.com\/images\/2026\/04\/20\/whatsapp-image-2026-04-20-at-10158-pm-4f23cabd.jpegEn la feria se pueden adquirir libros de autores dominicanos y extranjeros. (DIARIO LIBRE\/PABLO GONZ\u00c1LEZ)                \u2039        \u203a        Desde La Vega, el gestor cultural Guillermo Rafael Rodr\u00edguez destac\u00f3 la integraci\u00f3n de talleres literarios y escritores locales, as\u00ed como la promoci\u00f3n de elementos emblem\u00e1ticos de esa demarcaci\u00f3n, como su historia, su catedral y su carnaval.Espacios innovadoresEntre las novedades de esta edici\u00f3n figura el pabell\u00f3n del c\u00f3mic, una propuesta que debuta en la feria.\u00a0    La coordinadora Estefan\u00eda Peguero explic\u00f3 que el espacio re\u00fane a estudios y colectivos locales, adem\u00e1s de ofrecer \u00e1reas interactivas de dibujo, lectura y videojuegos.La Feria Regional del Libro y la Cultura Cibao 2026 continuar\u00e1 su programaci\u00f3n en los pr\u00f3ximos d\u00edas, con la expectativa de que aumente la afluencia de visitantes a medida que avance el evento.El objetivo de las autoridades con el montaje del evento es consolidarlo como una tradici\u00f3n anual en la regi\u00f3n Norte del pa\u00eds.\u00a0\u00a0Revista, Cultura, Edward Fern\u00e1ndez, Santiago, Feria del Libro, Feria del Libro y la Cultura Cibao, Feria Regional del Libro Cibao, cultura Cibao 2026, actividades culturales Cibao, presentaciones de libros Cibao, pabell\u00f3n del c\u00f3mic Cibao\u00a0<\/p>\n","protected":false},"excerpt":{"rendered":"<p>La Feria Regional del Libro y la Cultura Cibao 2026 transcurre en su primer d\u00eda con una notable asistencia de p\u00fablico en el Gran Teatro del Cibao, donde se desarrollar\u00e1 hasta el domingo 26 de abril. El viceministro de Identidad Cultural y Ciudadan\u00eda, Pastor de Moya, explic\u00f3 que la feria se desarrolla en horario de [&hellip;]<\/p>\n","protected":false},"author":1,"featured_media":20893,"comment_status":"open","ping_status":"open","sticky":false,"template":"","format":"standard","meta":{"amp_status":"","footnotes":""},"categories":[9],"tags":[],"class_list":["post-21027","post","type-post","status-publish","format-standard","has-post-thumbnail","hentry","category-espectaculo"],"_links":{"self":[{"href":"https:\/\/ermdigital.com\/index.php?rest_route=\/wp\/v2\/posts\/21027","targetHints":{"allow":["GET"]}}],"collection":[{"href":"https:\/\/ermdigital.com\/index.php?rest_route=\/wp\/v2\/posts"}],"about":[{"href":"https:\/\/ermdigital.com\/index.php?rest_route=\/wp\/v2\/types\/post"}],"author":[{"embeddable":true,"href":"https:\/\/ermdigital.com\/index.php?rest_route=\/wp\/v2\/users\/1"}],"replies":[{"embeddable":true,"href":"https:\/\/ermdigital.com\/index.php?rest_route=%2Fwp%2Fv2%2Fcomments&post=21027"}],"version-history":[{"count":0,"href":"https:\/\/ermdigital.com\/index.php?rest_route=\/wp\/v2\/posts\/21027\/revisions"}],"wp:featuredmedia":[{"embeddable":true,"href":"https:\/\/ermdigital.com\/index.php?rest_route=\/wp\/v2\/media\/20893"}],"wp:attachment":[{"href":"https:\/\/ermdigital.com\/index.php?rest_route=%2Fwp%2Fv2%2Fmedia&parent=21027"}],"wp:term":[{"taxonomy":"category","embeddable":true,"href":"https:\/\/ermdigital.com\/index.php?rest_route=%2Fwp%2Fv2%2Fcategories&post=21027"},{"taxonomy":"post_tag","embeddable":true,"href":"https:\/\/ermdigital.com\/index.php?rest_route=%2Fwp%2Fv2%2Ftags&post=21027"}],"curies":[{"name":"wp","href":"https:\/\/api.w.org\/{rel}","templated":true}]}}