{"id":20998,"date":"2026-04-20T12:14:00","date_gmt":"2026-04-20T16:14:00","guid":{"rendered":"https:\/\/ermdigital.com\/index.php\/2026\/04\/20\/fuera-la-mona-la-frase-de-carlos-baute-dirigida-a-delcy-rodriguez\/"},"modified":"2026-04-20T12:14:00","modified_gmt":"2026-04-20T16:14:00","slug":"fuera-la-mona-la-frase-de-carlos-baute-dirigida-a-delcy-rodriguez","status":"publish","type":"post","link":"https:\/\/ermdigital.com\/?p=20998","title":{"rendered":"\u00a1Fuera la mona!, la frase de Carlos Baute dirigida a Delcy Rodr\u00edguez"},"content":{"rendered":"<p>Un acto encabezado por la l\u00edder opositora venezolana <strong>Mar\u00eda Corina Machado<\/strong> en Madrid ha derivado en una <strong>controversia pol\u00edtica<\/strong> y diplom\u00e1tica tras la difusi\u00f3n de c\u00e1nticos considerados ofensivos durante la jornada. <\/p>\n<p>El evento, celebrado en la c\u00e9ntrica <strong>Puerta del Sol<\/strong>, reuni\u00f3 a <strong>miles de asistentes<\/strong>, en su mayor\u00eda miembros de la <strong>di\u00e1spora venezolana<\/strong>, pero termin\u00f3 marcado por expresiones que han generado un amplio rechazo.<\/p>\n<p>El momento m\u00e1s cuestionado se produjo antes de la aparici\u00f3n de <strong>Machado<\/strong> en el balc\u00f3n de la Real Casa de Correos, cuando el cantante <strong>Carlos Baute<\/strong>, encargado de animar al p\u00fablico, se sum\u00f3 a consignas en las que se coreaba \u201c\u00a1Fuera la mona!\u201d, en referencia a la vicepresidenta venezolana <strong>Delcy Rodr\u00edguez<\/strong>. <\/p>\n<p>La frase fue se\u00f1alada por distintos sectores como ofensiva y con posibles <strong>connotaciones discriminatorias<\/strong>.<\/p>\n<p>Tras la controversia, <strong>Baute<\/strong> public\u00f3 un mensaje en <strong>redes sociales<\/strong> en el que ofreci\u00f3 <strong>disculpas p\u00fablicas<\/strong>. En un video difundido en su cuenta de Instagram, el artista explic\u00f3 que su reacci\u00f3n estuvo influida por la \u201c<strong>emoci\u00f3n del momento<\/strong>\u201d y la energ\u00eda del p\u00fablico.<\/p>\n<p> \u201cMe dej\u00e9 llevar\u201d, afirm\u00f3, al tiempo que rechaz\u00f3 <strong>cualquier interpretaci\u00f3n <\/strong>de sus palabras como una expresi\u00f3n de racismo y defendi\u00f3 su compromiso con la democracia en Venezuela.<\/p>\n<div class=\"social-embed mb-4\">\n<blockquote class=\"instagram-media\" data-instgrm-captioned=\"\" data-instgrm-permalink=\"https:\/\/www.instagram.com\/reel\/DXW0MgKjD0Z\/?utm_source=ig_embed&amp;utm_campaign=loading\" data-instgrm-version=\"14\">\n<div> <a href=\"https:\/\/www.instagram.com\/reel\/DXW0MgKjD0Z\/?utm_source=ig_embed&amp;utm_campaign=loading\" target=\"_blank\" title=\"       View this post on Instagram            \" rel=\"nofollow noopener noreferrer\"> <\/p>\n<div>\n<div><\/div>\n<div>\n<div><\/div>\n<div><\/div>\n<\/div>\n<\/div>\n<div><\/div>\n<div><\/div>\n<div>\n<div>View this post on Instagram<\/div>\n<\/div>\n<div><\/div>\n<div>\n<div>\n<div><\/div>\n<div><\/div>\n<div><\/div>\n<\/div>\n<div>\n<div><\/div>\n<div><\/div>\n<\/div>\n<div>\n<div><\/div>\n<div><\/div>\n<div><\/div>\n<\/div>\n<\/div>\n<div>\n<div><\/div>\n<div><\/div>\n<\/div>\n<p><\/a><\/p>\n<p><a href=\"https:\/\/www.instagram.com\/reel\/DXW0MgKjD0Z\/?utm_source=ig_embed&amp;utm_campaign=loading\" target=\"_blank\" title=\"A post shared by Carlos Baute (@carlos_baute)\" rel=\"nofollow noopener noreferrer\">A post shared by Carlos Baute (@carlos_baute)<\/a><\/p>\n<\/div>\n<\/blockquote>\n<div class=\"lazyload\" data-script=\"https:\/\/www.instagram.com\/embed.js\"><\/div>\n<\/div>\n<p>El incidente tambi\u00e9n provoc\u00f3 una reacci\u00f3n institucional. La <strong>Embajada de Venezuela<\/strong> en Espa\u00f1a emiti\u00f3 un comunicado en el que conden\u00f3 los c\u00e1nticos y los calific\u00f3 como una forma de <strong>violencia pol\u00edtica<\/strong> con componentes de misoginia y racismo. <\/p>\n<p>En su pronunciamiento, la delegaci\u00f3n subray\u00f3 que este tipo de expresiones atentan contra la <strong>dignidad de las personas<\/strong> y contravienen principios fundamentales del <strong>derecho internacional<\/strong>.<\/p>\n<p>En el \u00e1mbito pol\u00edtico espa\u00f1ol, la pol\u00e9mica gener\u00f3 cr\u00edticas desde distintos sectores. Dirigentes como <strong>Manuela Bergerot<\/strong>, portavoz de <strong>M\u00e1s Madrid<\/strong>, calificaron lo ocurrido como \u201cintolerable\u201d y reclamaron una <strong>condena institucional<\/strong> m\u00e1s firme. <\/p>\n<p>Por su parte, <strong>Isa Serra<\/strong>, de <strong>Podemos<\/strong>, expres\u00f3 su rechazo y se\u00f1al\u00f3 que los hechos reflejan la persistencia de discursos de odio en espacios p\u00fablicos.<\/p>\n<h2>M\u00e1s<\/h2>\n<ul>\n<li>El acto coincid\u00eda con la entrega de la <strong>Medalla de Oro<\/strong> de la <strong>Comunidad de Madrid<\/strong> a <strong>Machado<\/strong>, un reconocimiento que ya hab\u00eda generado debate pol\u00edtico. Mientras algunos sectores lo interpretaron como un respaldo a la oposici\u00f3n venezolana, otros cuestionaron su carga simb\u00f3lica en el contexto internacional.<\/li>\n<li>En medio de la controversia, la propia <strong>Machado<\/strong> evit\u00f3 profundizar en el incidente y centr\u00f3 su intervenci\u00f3n en la <strong>situaci\u00f3n pol\u00edtica<\/strong> de Venezuela, apelando a la necesidad de un <strong>cambio democr\u00e1tico<\/strong>. <\/li>\n<li>No obstante, el episodio ha abierto un nuevo frente de discusi\u00f3n sobre los <strong>l\u00edmites del discurso<\/strong> en <strong>actos p\u00fablicos<\/strong> y su impacto en las relaciones pol\u00edticas y diplom\u00e1ticas.<\/li>\n<\/ul>\n<div class=\"read-more mb-7\">    <span class=\"block mb-2\">Leer m\u00e1s<\/span>    <\/p>\n<ul class=\"glosa\">\n<li>\n<h3><a href=\"https:\/\/www.diariolibre.com\/mundo\/america-latina\/2026\/04\/19\/delcy-rodriguez-promete-esperanza-para-venezuela-tras-100-dias\/3507743?utm_source=relacionadas&amp;utm_medium=nota&amp;utm_campaign=relacionadas\" title=\"Delcy Rodr\u00edguez promete una nueva etapa de esperanza tras 100 d\u00edas al frente de Venezuela\">Delcy Rodr\u00edguez promete una nueva etapa de esperanza tras 100 d\u00edas al frente de Venezuela<\/a><\/h3>\n<\/li>\n<li>\n<h3><a href=\"https:\/\/www.diariolibre.com\/revista\/musica\/2026\/04\/09\/chyno-y-nacho-lanzan-disco-radio-venezuela\/3497013?utm_source=relacionadas&amp;utm_medium=nota&amp;utm_campaign=relacionadas\" title=\"Chyno y Nacho lanzan Radio Venezuela, un disco que re\u00fane decenas de artistas venezolanos\">Chyno y Nacho lanzan \"Radio Venezuela\", un disco que re\u00fane decenas de artistas venezolanos<\/a><\/h3>\n<\/li>\n<li>\n<h3><a href=\"https:\/\/www.diariolibre.com\/revista\/musica\/2025\/11\/16\/carlos-baute-lanza-nueva-cancion-quien-mejor-que-tu\/3317671?utm_source=relacionadas&amp;utm_medium=nota&amp;utm_campaign=relacionadas\" title=\"Carlos Baute: \u201cDesde peque\u00f1o admiro a Juan Luis Guerra, su m\u00fasica me marc\u00f3 para siempre\u201d\">Carlos Baute: \u201cDesde peque\u00f1o admiro a Juan Luis Guerra, su m\u00fasica me marc\u00f3 para siempre\u201d<\/a><\/h3>\n<\/li>\n<\/ul>\n<\/div>\n<p><\/p>\n<p><\/p>\n<p><\/p>\n<p>\u200bUn acto encabezado por la l\u00edder opositora venezolana Mar\u00eda Corina Machado en Madrid ha derivado en una controversia pol\u00edtica y diplom\u00e1tica tras la difusi\u00f3n de c\u00e1nticos considerados ofensivos durante la jornada. El evento, celebrado en la c\u00e9ntrica Puerta del Sol, reuni\u00f3 a miles de asistentes, en su mayor\u00eda miembros de la di\u00e1spora venezolana, pero termin\u00f3 marcado por expresiones que han generado un amplio rechazo.El momento m\u00e1s cuestionado se produjo antes de la aparici\u00f3n de Machado en el balc\u00f3n de la Real Casa de Correos, cuando el cantante Carlos Baute, encargado de animar al p\u00fablico, se sum\u00f3 a consignas en las que se coreaba \u201c\u00a1Fuera la mona!\u201d, en referencia a la vicepresidenta venezolana Delcy Rodr\u00edguez. La frase fue se\u00f1alada por distintos sectores como ofensiva y con posibles connotaciones discriminatorias.Tras la controversia, Baute public\u00f3 un mensaje en redes sociales en el que ofreci\u00f3 disculpas p\u00fablicas. En un video difundido en su cuenta de Instagram, el artista explic\u00f3 que su reacci\u00f3n estuvo influida por la \u201cemoci\u00f3n del momento\u201d y la energ\u00eda del p\u00fablico. \u201cMe dej\u00e9 llevar\u201d, afirm\u00f3, al tiempo que rechaz\u00f3 cualquier interpretaci\u00f3n de sus palabras como una expresi\u00f3n de racismo y defendi\u00f3 su compromiso con la democracia en Venezuela.        View this post on Instagram            A post shared by Carlos Baute (@carlos_baute) El incidente tambi\u00e9n provoc\u00f3 una reacci\u00f3n institucional. La Embajada de Venezuela en Espa\u00f1a emiti\u00f3 un comunicado en el que conden\u00f3 los c\u00e1nticos y los calific\u00f3 como una forma de violencia pol\u00edtica con componentes de misoginia y racismo. En su pronunciamiento, la delegaci\u00f3n subray\u00f3 que este tipo de expresiones atentan contra la dignidad de las personas y contravienen principios fundamentales del derecho internacional.En el \u00e1mbito pol\u00edtico espa\u00f1ol, la pol\u00e9mica gener\u00f3 cr\u00edticas desde distintos sectores. Dirigentes como Manuela Bergerot, portavoz de M\u00e1s Madrid, calificaron lo ocurrido como \u201cintolerable\u201d y reclamaron una condena institucional m\u00e1s firme. Por su parte, Isa Serra, de Podemos, expres\u00f3 su rechazo y se\u00f1al\u00f3 que los hechos reflejan la persistencia de discursos de odio en espacios p\u00fablicos.M\u00e1s    El acto coincid\u00eda con la entrega de la Medalla de Oro de la Comunidad de Madrid a Machado, un reconocimiento que ya hab\u00eda generado debate pol\u00edtico. Mientras algunos sectores lo interpretaron como un respaldo a la oposici\u00f3n venezolana, otros cuestionaron su carga simb\u00f3lica en el contexto internacional.    En medio de la controversia, la propia Machado evit\u00f3 profundizar en el incidente y centr\u00f3 su intervenci\u00f3n en la situaci\u00f3n pol\u00edtica de Venezuela, apelando a la necesidad de un cambio democr\u00e1tico.     No obstante, el episodio ha abierto un nuevo frente de discusi\u00f3n sobre los l\u00edmites del discurso en actos p\u00fablicos y su impacto en las relaciones pol\u00edticas y diplom\u00e1ticas.    Leer m\u00e1s                            Delcy Rodr\u00edguez promete una nueva etapa de esperanza tras 100 d\u00edas al frente de Venezuela                            Chyno y Nacho lanzan \"Radio Venezuela\", un disco que re\u00fane decenas de artistas venezolanos                            Carlos Baute: \u201cDesde peque\u00f1o admiro a Juan Luis Guerra, su m\u00fasica me marc\u00f3 para siempre\u201d\u00a0\u00a0Revista, M\u00fasica, Diario Libre, Santo Domingo, Carlos Baute, Delcy Rodr\u00edguez, Carlos Baute se disculp\u00f3, \u00a1Fuera la mona!\u00a0<\/p>\n","protected":false},"excerpt":{"rendered":"<p>Un acto encabezado por la l\u00edder opositora venezolana Mar\u00eda Corina Machado en Madrid ha derivado en una controversia pol\u00edtica y diplom\u00e1tica tras la difusi\u00f3n de c\u00e1nticos considerados ofensivos durante la jornada. El evento, celebrado en la c\u00e9ntrica Puerta del Sol, reuni\u00f3 a miles de asistentes, en su mayor\u00eda miembros de la di\u00e1spora venezolana, pero termin\u00f3 [&hellip;]<\/p>\n","protected":false},"author":1,"featured_media":20817,"comment_status":"open","ping_status":"open","sticky":false,"template":"","format":"standard","meta":{"amp_status":"","footnotes":""},"categories":[9],"tags":[],"class_list":["post-20998","post","type-post","status-publish","format-standard","has-post-thumbnail","hentry","category-espectaculo"],"_links":{"self":[{"href":"https:\/\/ermdigital.com\/index.php?rest_route=\/wp\/v2\/posts\/20998","targetHints":{"allow":["GET"]}}],"collection":[{"href":"https:\/\/ermdigital.com\/index.php?rest_route=\/wp\/v2\/posts"}],"about":[{"href":"https:\/\/ermdigital.com\/index.php?rest_route=\/wp\/v2\/types\/post"}],"author":[{"embeddable":true,"href":"https:\/\/ermdigital.com\/index.php?rest_route=\/wp\/v2\/users\/1"}],"replies":[{"embeddable":true,"href":"https:\/\/ermdigital.com\/index.php?rest_route=%2Fwp%2Fv2%2Fcomments&post=20998"}],"version-history":[{"count":0,"href":"https:\/\/ermdigital.com\/index.php?rest_route=\/wp\/v2\/posts\/20998\/revisions"}],"wp:featuredmedia":[{"embeddable":true,"href":"https:\/\/ermdigital.com\/index.php?rest_route=\/wp\/v2\/media\/20817"}],"wp:attachment":[{"href":"https:\/\/ermdigital.com\/index.php?rest_route=%2Fwp%2Fv2%2Fmedia&parent=20998"}],"wp:term":[{"taxonomy":"category","embeddable":true,"href":"https:\/\/ermdigital.com\/index.php?rest_route=%2Fwp%2Fv2%2Fcategories&post=20998"},{"taxonomy":"post_tag","embeddable":true,"href":"https:\/\/ermdigital.com\/index.php?rest_route=%2Fwp%2Fv2%2Ftags&post=20998"}],"curies":[{"name":"wp","href":"https:\/\/api.w.org\/{rel}","templated":true}]}}