{"id":20997,"date":"2026-04-20T12:35:00","date_gmt":"2026-04-20T16:35:00","guid":{"rendered":"https:\/\/ermdigital.com\/index.php\/2026\/04\/20\/la-pelicula-sana-y-salva-se-presenta-en-mercado-de-guadalajara\/"},"modified":"2026-04-20T12:35:00","modified_gmt":"2026-04-20T16:35:00","slug":"la-pelicula-sana-y-salva-se-presenta-en-mercado-de-guadalajara","status":"publish","type":"post","link":"https:\/\/ermdigital.com\/?p=20997","title":{"rendered":"La pel\u00edcula \u201cSana y Salva\u201d se presenta en mercado de Guadalajara"},"content":{"rendered":"<p>La <strong>pel\u00edcula<\/strong> \"<strong>Sana y Salva\"<\/strong> <strong>particip\u00f3<\/strong> en el mercado cinematogr\u00e1fico de Guadalajara como parte de su estrategia para concretar acuerdos de distribuci\u00f3n fuera de su pa\u00eds de origen.<\/p>\n<p>Durante la actividad, <strong>representantes<\/strong> del proyecto <strong>mantuvieron reuniones<\/strong> con <strong>distribuidoras<\/strong> y otros actores del sector audiovisual, en un proceso orientado a evaluar la viabilidad comercial del filme en distintos territorios. <\/p>\n<p>En paralelo, se realiz\u00f3 una <strong>proyecci\u00f3n<\/strong> dirigida a <strong>profesionales de la industria<\/strong>, con el fin de presentar su propuesta narrativa y facilitar posibles <strong>negociaciones<\/strong>.<\/p>\n<p>El largometraje est\u00e1 dirigido por <strong>Ari Maniel Cruz<\/strong> y es producido por <strong>Bah\u00eda Carey Films<\/strong> y Funglode Films, con producci\u00f3n de Omar de la <strong>Cruz<\/strong> y Yvette Marichal. Tambi\u00e9n participa como coproductora <strong>La Maza Films<\/strong>, representada por el director y por la actriz Julietta\u00a0<strong>Rodr\u00edguez<\/strong>, quien adem\u00e1s forma parte del elenco principal.<\/p>\n<div class=\"social-embed mb-4\">\n<blockquote class=\"instagram-media\" data-instgrm-permalink=\"https:\/\/www.instagram.com\/reel\/DXU81WSklD6\/?utm_source=ig_embed&amp;utm_campaign=loading\" data-instgrm-version=\"14\">\n<div> <a href=\"https:\/\/www.instagram.com\/reel\/DXU81WSklD6\/?utm_source=ig_embed&amp;utm_campaign=loading\" target=\"_blank\" title=\"       View this post on Instagram            \" rel=\"nofollow noopener noreferrer\"> <\/p>\n<div>\n<div><\/div>\n<div>\n<div><\/div>\n<div><\/div>\n<\/div>\n<\/div>\n<div><\/div>\n<div><\/div>\n<div>\n<div>View this post on Instagram<\/div>\n<\/div>\n<div><\/div>\n<div>\n<div>\n<div><\/div>\n<div><\/div>\n<div><\/div>\n<\/div>\n<div>\n<div><\/div>\n<div><\/div>\n<\/div>\n<div>\n<div><\/div>\n<div><\/div>\n<div><\/div>\n<\/div>\n<\/div>\n<div>\n<div><\/div>\n<div><\/div>\n<\/div>\n<p><\/a><\/p>\n<p><a href=\"https:\/\/www.instagram.com\/reel\/DXU81WSklD6\/?utm_source=ig_embed&amp;utm_campaign=loading\" target=\"_blank\" title=\"A post shared by Puerto Rico Film Festival |Festival de Cine (@puertoricofilmfest)\" rel=\"nofollow noopener noreferrer\">A post shared by Puerto Rico Film Festival |Festival de Cine (@puertoricofilmfest)<\/a><\/p>\n<\/div>\n<\/blockquote>\n<div class=\"lazyload\" data-script=\"https:\/\/www.instagram.com\/embed.js\"><\/div>\n<\/div>\n<p>En representaci\u00f3n del proyecto asistieron <strong>Cruz<\/strong>, <strong>Rodr\u00edguez<\/strong> y De la <strong>Cruz<\/strong>, quienes participaron en las <strong>actividades de promoci\u00f3n<\/strong> y negociaci\u00f3n programadas dentro del mercado.<\/p>\n<h2>M\u00e1s<\/h2>\n<ul>\n<li>El <strong>estreno<\/strong> de \u201c<strong>Sana y Salva<\/strong>\u201d est\u00e1 previsto para el 8 de agosto de 2026 en Puerto Rico, mientras que su llegada a salas de Rep\u00fablica Dominicana se espera para septiembre del mismo a\u00f1o, con distribuci\u00f3n a cargo de <strong>Caribbean Cinemas<\/strong>.<\/li>\n<\/ul>\n<p><\/p>\n<p><\/p>\n<p>\u200bLa pel\u00edcula \"Sana y Salva\" particip\u00f3 en el mercado cinematogr\u00e1fico de Guadalajara como parte de su estrategia para concretar acuerdos de distribuci\u00f3n fuera de su pa\u00eds de origen.Durante la actividad, representantes del proyecto mantuvieron reuniones con distribuidoras y otros actores del sector audiovisual, en un proceso orientado a evaluar la viabilidad comercial del filme en distintos territorios. En paralelo, se realiz\u00f3 una proyecci\u00f3n dirigida a profesionales de la industria, con el fin de presentar su propuesta narrativa y facilitar posibles negociaciones.El largometraje est\u00e1 dirigido por Ari Maniel Cruz y es producido por Bah\u00eda Carey Films y Funglode Films, con producci\u00f3n de Omar de la Cruz y Yvette Marichal. Tambi\u00e9n participa como coproductora La Maza Films, representada por el director y por la actriz Julietta\u00a0Rodr\u00edguez, quien adem\u00e1s forma parte del elenco principal.        View this post on Instagram            A post shared by Puerto Rico Film Festival |Festival de Cine (@puertoricofilmfest) En representaci\u00f3n del proyecto asistieron Cruz, Rodr\u00edguez y De la Cruz, quienes participaron en las actividades de promoci\u00f3n y negociaci\u00f3n programadas dentro del mercado.M\u00e1s    El estreno de \u201cSana y Salva\u201d est\u00e1 previsto para el 8 de agosto de 2026 en Puerto Rico, mientras que su llegada a salas de Rep\u00fablica Dominicana se espera para septiembre del mismo a\u00f1o, con distribuci\u00f3n a cargo de Caribbean Cinemas.\u00a0\u00a0Revista, Cine, Diario Libre, Santo Domingo, Pel\u00edcula, SANA, Salva, Mercado de Guadalajara\u00a0<\/p>\n","protected":false},"excerpt":{"rendered":"<p>La pel\u00edcula \"Sana y Salva\" particip\u00f3 en el mercado cinematogr\u00e1fico de Guadalajara como parte de su estrategia para concretar acuerdos de distribuci\u00f3n fuera de su pa\u00eds de origen. Durante la actividad, representantes del proyecto mantuvieron reuniones con distribuidoras y otros actores del sector audiovisual, en un proceso orientado a evaluar la viabilidad comercial del filme [&hellip;]<\/p>\n","protected":false},"author":1,"featured_media":20864,"comment_status":"open","ping_status":"open","sticky":false,"template":"","format":"standard","meta":{"amp_status":"","footnotes":""},"categories":[9],"tags":[],"class_list":["post-20997","post","type-post","status-publish","format-standard","has-post-thumbnail","hentry","category-espectaculo"],"_links":{"self":[{"href":"https:\/\/ermdigital.com\/index.php?rest_route=\/wp\/v2\/posts\/20997","targetHints":{"allow":["GET"]}}],"collection":[{"href":"https:\/\/ermdigital.com\/index.php?rest_route=\/wp\/v2\/posts"}],"about":[{"href":"https:\/\/ermdigital.com\/index.php?rest_route=\/wp\/v2\/types\/post"}],"author":[{"embeddable":true,"href":"https:\/\/ermdigital.com\/index.php?rest_route=\/wp\/v2\/users\/1"}],"replies":[{"embeddable":true,"href":"https:\/\/ermdigital.com\/index.php?rest_route=%2Fwp%2Fv2%2Fcomments&post=20997"}],"version-history":[{"count":0,"href":"https:\/\/ermdigital.com\/index.php?rest_route=\/wp\/v2\/posts\/20997\/revisions"}],"wp:featuredmedia":[{"embeddable":true,"href":"https:\/\/ermdigital.com\/index.php?rest_route=\/wp\/v2\/media\/20864"}],"wp:attachment":[{"href":"https:\/\/ermdigital.com\/index.php?rest_route=%2Fwp%2Fv2%2Fmedia&parent=20997"}],"wp:term":[{"taxonomy":"category","embeddable":true,"href":"https:\/\/ermdigital.com\/index.php?rest_route=%2Fwp%2Fv2%2Fcategories&post=20997"},{"taxonomy":"post_tag","embeddable":true,"href":"https:\/\/ermdigital.com\/index.php?rest_route=%2Fwp%2Fv2%2Ftags&post=20997"}],"curies":[{"name":"wp","href":"https:\/\/api.w.org\/{rel}","templated":true}]}}