{"id":20996,"date":"2026-04-20T12:37:00","date_gmt":"2026-04-20T16:37:00","guid":{"rendered":"https:\/\/ermdigital.com\/index.php\/2026\/04\/20\/fem-anuncia-congreso-internacional-transformacion-digital-360\/"},"modified":"2026-04-20T12:37:00","modified_gmt":"2026-04-20T16:37:00","slug":"fem-anuncia-congreso-internacional-transformacion-digital-360","status":"publish","type":"post","link":"https:\/\/ermdigital.com\/?p=20996","title":{"rendered":"FEM anuncia  \u201cCongreso Internacional Transformaci\u00f3n Digital 360\u201d"},"content":{"rendered":"<p>La <strong>Federaci\u00f3n de Mujeres Empresarias Dominico Internacional<\/strong> (<strong>FEM<\/strong>), presidida por <strong>Rossy Escotto Minaya<\/strong>, anunci\u00f3 la primera edici\u00f3n del \u201c<strong>Congreso Internacional Transformaci\u00f3n Digital 360<\/strong>: <strong>Innovaci\u00f3n<\/strong> para el Futuro Empresarial\u201d, a celebrarse el <strong>10 de junio<\/strong> del presente a\u00f1o, en una jornada concebida para conectar conocimientos, tecnolog\u00eda y visi\u00f3n de futuro.\u00a0 \u00a0 \u00a0 \u00a0<\/p>\n<p>La iniciativa cuenta con el <strong>respaldo de aliados estrat\u00e9gicos<\/strong>. Esta plataforma\u00a0 busca acercar herramientas, experiencias y soluciones innovadoras a quienes desean transformar sus negocios, optimizar procesos y generar mayor impacto en un entorno cada vez m\u00e1s digitalizado.<\/p>\n<p>El\u00a0\u201cCongreso Internacional de <strong>Transformaci\u00f3n Digital<\/strong> 360\u2019 tendr\u00e1\u00a0lugar en el <strong>Hotel Embajador<\/strong> en horario de 9:00 de la ma\u00f1ana a 5:00 de la tarde, donde se prev\u00e9 la participaci\u00f3n de unas <strong>300 personas<\/strong>.<\/p>\n<p>Durante la jornada se desarrollar\u00e1 un programa din\u00e1mico que incluir\u00e1 <strong>conferencias magistrales<\/strong>, <strong>paneles especializados<\/strong>, miniexposiciones, herramientas fintech e iniciativas orientadas a la <strong>inclusi\u00f3n financiera<\/strong>.<\/p>\n<h2>Lista de conferencista<\/h2>\n<figure class=\"inline-block\">\n<div class=\"expand-img-placeholder\"><img loading=\"lazy\" decoding=\"async\" src=\"https:\/\/resources.diariolibre.com\/images\/expand.svg\" alt=\"Expandir imagen\" width=\"20\" height=\"20\"><span class=\"rutaimagenoriginal-placeholder\">https:\/\/resources.diariolibre.com\/images\/2026\/04\/20\/dsc05324-rossy-escotto-minaya-presidenta-de-la-fem-3ae350ed.jpeg<\/span><\/div>\n<p><img decoding=\"async\" loading=\"lazy\" src=\"https:\/\/resources.diariolibre.com\/images\/2026\/04\/20\/dsc05324-rossy-escotto-minaya-presidenta-de-la-fem-3ae350ed.jpeg\" width=\"auto\" height=\"350\" alt=\"Infograf\u00eda\" class=\"mx-auto\"><figcaption><span>Rossy Escotto Minaya presidenta de la FEM.<\/span><span> (<strong>FUENTE EXTERNA<\/strong>)<\/span><\/figcaption><\/figure>\n<p>Entre los conferencistas confirmados figuran <strong>Manuel Sajour<\/strong>, con la ponencia '<strong>Liderazgo Digital<\/strong> e <strong>Innovaci\u00f3n Empresarial<\/strong>':<\/p>\n<ul>\n<li> <strong>Nuria Lloret Romero<\/strong> desde <strong>Espa\u00f1a<\/strong>, quien abordar\u00e1\u00a0 la '<strong>Inteligencia Artificial<\/strong> y su Aplicaci\u00f3n en el Entorno Empresarial'.<\/li>\n<li> <strong>Numi Castillo<\/strong>, con el tema '<strong>Plataformas Digitales<\/strong> y <strong>Ecosistemas Tecnol\u00f3gicos<\/strong>'.<\/li>\n<li><strong>Gisel Castillo<\/strong>, con la conferencia 'C\u00f3mo Construir un <strong>Negocio Digital<\/strong> <strong>Desde Cero<\/strong>\u2019.<\/li>\n<li> <strong>Aitor Palacios<\/strong>, con \u2018<strong>Ciberseguridad<\/strong> y <strong>protecci\u00f3n de datos<\/strong> en la era digital\u2019<\/li>\n<li> <strong>Dari\u00e1n Vargas<\/strong> con \u2018<strong>Innovaci\u00f3n<\/strong>, Liderazgo y Futuro de la <strong>Transformaci\u00f3n Digital<\/strong>.\u00a0<\/li>\n<\/ul>\n<p>Escotto inform\u00f3 adem\u00e1s, que se presentar\u00e1n los <strong>paneles formativos<\/strong> \u2018Mujeres en la <strong>Innovaci\u00f3n<\/strong>\u2019, con la participaci\u00f3n de Katherine Monegro Gonz\u00e1lez, Julissa Cruz, Yulissa Mateo y Marbel Lugo, bajo la moderaci\u00f3n de <strong>Clayra Morales<\/strong>. <\/p>\n<p>Y \u2018<strong>Casos de \u00c9xito<\/strong>\u2019, donde algunas organizaciones compartir\u00e1n experiencias de c\u00f3mo han logrado digitalizar sus negocios, en este estar\u00e1n <strong>El Nuevo Diario<\/strong>, el <strong>Banco BHD<\/strong>, entre otras.<\/p>\n<p>Con esta iniciativa, la <strong>Federaci\u00f3n de Mujeres Empresarias<\/strong> (<strong>FEM<\/strong>) busca sostener su compromiso con la <strong>formaci\u00f3n<\/strong>, la <strong>modernizaci\u00f3n<\/strong> y el liderazgo empresarial, promoviendo espacios que permitan reducir brechas de acceso al conocimiento y crear confianza en el uso de nuevas tecnolog\u00edas.\u00a0<\/p>\n<p><\/p>\n<p>\u200bLa Federaci\u00f3n de Mujeres Empresarias Dominico Internacional (FEM), presidida por Rossy Escotto Minaya, anunci\u00f3 la primera edici\u00f3n del \u201cCongreso Internacional Transformaci\u00f3n Digital 360: Innovaci\u00f3n para el Futuro Empresarial\u201d, a celebrarse el 10 de junio del presente a\u00f1o, en una jornada concebida para conectar conocimientos, tecnolog\u00eda y visi\u00f3n de futuro.\u00a0 \u00a0 \u00a0 \u00a0La iniciativa cuenta con el respaldo de aliados estrat\u00e9gicos. Esta plataforma\u00a0 busca acercar herramientas, experiencias y soluciones innovadoras a quienes desean transformar sus negocios, optimizar procesos y generar mayor impacto en un entorno cada vez m\u00e1s digitalizado.El\u00a0\u201cCongreso Internacional de Transformaci\u00f3n Digital 360\u2019 tendr\u00e1\u00a0lugar en el Hotel Embajador en horario de 9:00 de la ma\u00f1ana a 5:00 de la tarde, donde se prev\u00e9 la participaci\u00f3n de unas 300 personas.Durante la jornada se desarrollar\u00e1 un programa din\u00e1mico que incluir\u00e1 conferencias magistrales, paneles especializados, miniexposiciones, herramientas fintech e iniciativas orientadas a la inclusi\u00f3n financiera.Lista de conferencistahttps:\/\/resources.diariolibre.com\/images\/2026\/04\/20\/dsc05324-rossy-escotto-minaya-presidenta-de-la-fem-3ae350ed.jpegRossy Escotto Minaya presidenta de la FEM. (FUENTE EXTERNA)Entre los conferencistas confirmados figuran Manuel Sajour, con la ponencia 'Liderazgo Digital e Innovaci\u00f3n Empresarial':     Nuria Lloret Romero desde Espa\u00f1a, quien abordar\u00e1\u00a0 la 'Inteligencia Artificial y su Aplicaci\u00f3n en el Entorno Empresarial'.     Numi Castillo, con el tema 'Plataformas Digitales y Ecosistemas Tecnol\u00f3gicos'.    Gisel Castillo, con la conferencia 'C\u00f3mo Construir un Negocio Digital Desde Cero\u2019.     Aitor Palacios, con \u2018Ciberseguridad y protecci\u00f3n de datos en la era digital\u2019     Dari\u00e1n Vargas con \u2018Innovaci\u00f3n, Liderazgo y Futuro de la Transformaci\u00f3n Digital.\u00a0Escotto inform\u00f3 adem\u00e1s, que se presentar\u00e1n los paneles formativos \u2018Mujeres en la Innovaci\u00f3n\u2019, con la participaci\u00f3n de Katherine Monegro Gonz\u00e1lez, Julissa Cruz, Yulissa Mateo y Marbel Lugo, bajo la moderaci\u00f3n de Clayra Morales. Y \u2018Casos de \u00c9xito\u2019, donde algunas organizaciones compartir\u00e1n experiencias de c\u00f3mo han logrado digitalizar sus negocios, en este estar\u00e1n El Nuevo Diario, el Banco BHD, entre otras.Con esta iniciativa, la Federaci\u00f3n de Mujeres Empresarias (FEM) busca sostener su compromiso con la formaci\u00f3n, la modernizaci\u00f3n y el liderazgo empresarial, promoviendo espacios que permitan reducir brechas de acceso al conocimiento y crear confianza en el uso de nuevas tecnolog\u00edas.\u00a0\u00a0\u00a0Revista, Sociales, Diario Libre, Santo Domingo, FEM, Congreso Internacional Transformaci\u00f3n Digital 360\u00a0<\/p>\n","protected":false},"excerpt":{"rendered":"<p>La Federaci\u00f3n de Mujeres Empresarias Dominico Internacional (FEM), presidida por Rossy Escotto Minaya, anunci\u00f3 la primera edici\u00f3n del \u201cCongreso Internacional Transformaci\u00f3n Digital 360: Innovaci\u00f3n para el Futuro Empresarial\u201d, a celebrarse el 10 de junio del presente a\u00f1o, en una jornada concebida para conectar conocimientos, tecnolog\u00eda y visi\u00f3n de futuro.\u00a0 \u00a0 \u00a0 \u00a0 La iniciativa cuenta [&hellip;]<\/p>\n","protected":false},"author":1,"featured_media":20862,"comment_status":"open","ping_status":"open","sticky":false,"template":"","format":"standard","meta":{"amp_status":"","footnotes":""},"categories":[9],"tags":[],"class_list":["post-20996","post","type-post","status-publish","format-standard","has-post-thumbnail","hentry","category-espectaculo"],"_links":{"self":[{"href":"https:\/\/ermdigital.com\/index.php?rest_route=\/wp\/v2\/posts\/20996","targetHints":{"allow":["GET"]}}],"collection":[{"href":"https:\/\/ermdigital.com\/index.php?rest_route=\/wp\/v2\/posts"}],"about":[{"href":"https:\/\/ermdigital.com\/index.php?rest_route=\/wp\/v2\/types\/post"}],"author":[{"embeddable":true,"href":"https:\/\/ermdigital.com\/index.php?rest_route=\/wp\/v2\/users\/1"}],"replies":[{"embeddable":true,"href":"https:\/\/ermdigital.com\/index.php?rest_route=%2Fwp%2Fv2%2Fcomments&post=20996"}],"version-history":[{"count":0,"href":"https:\/\/ermdigital.com\/index.php?rest_route=\/wp\/v2\/posts\/20996\/revisions"}],"wp:featuredmedia":[{"embeddable":true,"href":"https:\/\/ermdigital.com\/index.php?rest_route=\/wp\/v2\/media\/20862"}],"wp:attachment":[{"href":"https:\/\/ermdigital.com\/index.php?rest_route=%2Fwp%2Fv2%2Fmedia&parent=20996"}],"wp:term":[{"taxonomy":"category","embeddable":true,"href":"https:\/\/ermdigital.com\/index.php?rest_route=%2Fwp%2Fv2%2Fcategories&post=20996"},{"taxonomy":"post_tag","embeddable":true,"href":"https:\/\/ermdigital.com\/index.php?rest_route=%2Fwp%2Fv2%2Ftags&post=20996"}],"curies":[{"name":"wp","href":"https:\/\/api.w.org\/{rel}","templated":true}]}}