{"id":20946,"date":"2026-04-20T10:30:00","date_gmt":"2026-04-20T14:30:00","guid":{"rendered":"https:\/\/ermdigital.com\/index.php\/2026\/04\/20\/nos-vamos-de-tour-el-mensaje-que-los-fans-vinculan-con-karol-g\/"},"modified":"2026-04-20T10:30:00","modified_gmt":"2026-04-20T14:30:00","slug":"nos-vamos-de-tour-el-mensaje-que-los-fans-vinculan-con-karol-g","status":"publish","type":"post","link":"https:\/\/ermdigital.com\/?p=20946","title":{"rendered":"Nos vamos de tour, el mensaje que los fans vinculan con Karol G"},"content":{"rendered":"<p>Un enigm\u00e1tico <strong>mensaje publicitario<\/strong>\u00a0en\u00a0<strong>Santo Domingo\u00a0ha captado la atenci\u00f3n de algunos<\/strong>. Desde la ma\u00f1ana del lunes, varias vallas con la frase \u201c<strong>Nos vamos de tour<\/strong>\u201d han aparecido en puntos estrat\u00e9gicos de la ciudad.<\/p>\n<p>En <strong>redes sociales<\/strong>, unos pocos han vinculado la campa\u00f1a con la cantante colombiana <strong>Karol G<\/strong>. La teor\u00eda cobra fuerza tras el reciente anuncio de la artista durante su presentaci\u00f3n en el <strong>festival Coachella<\/strong>, donde confirm\u00f3 que emprender\u00e1 una <strong>nueva gira<\/strong>.<\/p>\n<p>El <strong>mensaje coincide<\/strong> con el cierre de su actuaci\u00f3n en el evento, en el que proyect\u00f3 en pantalla la misma frase,\u201c<strong>Nos vamos de tour<\/strong>\u201d, al finalizar su interpretaci\u00f3n de \u201cProvenza\u201d.<\/p>\n<h2>M\u00e1s<\/h2>\n<ul>\n<li>El anuncio se produjo en un contexto significativo, ya que <strong>Karol G<\/strong> se convirti\u00f3 en la <strong>primera mujer latina<\/strong> en encabezar el <strong>festival<\/strong> en sus 27 a\u00f1os de historia.<\/li>\n<\/ul>\n<div class=\"social-embed mb-4\">\n<blockquote class=\"instagram-media\" data-instgrm-permalink=\"https:\/\/www.instagram.com\/reel\/DXWIJqmDRfW\/?utm_source=ig_embed&amp;utm_campaign=loading\" data-instgrm-version=\"14\">\n<div> <a href=\"https:\/\/www.instagram.com\/reel\/DXWIJqmDRfW\/?utm_source=ig_embed&amp;utm_campaign=loading\" target=\"_blank\" title=\"       View this post on Instagram            \" rel=\"nofollow noopener noreferrer\"> <\/p>\n<div>\n<div><\/div>\n<div>\n<div><\/div>\n<div><\/div>\n<\/div>\n<\/div>\n<div><\/div>\n<div><\/div>\n<div>\n<div>View this post on Instagram<\/div>\n<\/div>\n<div><\/div>\n<div>\n<div>\n<div><\/div>\n<div><\/div>\n<div><\/div>\n<\/div>\n<div>\n<div><\/div>\n<div><\/div>\n<\/div>\n<div>\n<div><\/div>\n<div><\/div>\n<div><\/div>\n<\/div>\n<\/div>\n<div>\n<div><\/div>\n<div><\/div>\n<\/div>\n<p><\/a><\/p>\n<p><a href=\"https:\/\/www.instagram.com\/reel\/DXWIJqmDRfW\/?utm_source=ig_embed&amp;utm_campaign=loading\" target=\"_blank\" title=\"A post shared by People Magazine (@people)\" rel=\"nofollow noopener noreferrer\">A post shared by People Magazine (@people)<\/a><\/p>\n<\/div>\n<\/blockquote>\n<div class=\"lazyload\" data-script=\"https:\/\/www.instagram.com\/embed.js\"><\/div>\n<\/div>\n<p>Aunque hasta el momento no se han confirmado <strong>fechas ni ciudades<\/strong> para la <strong>gira<\/strong>, se prev\u00e9 que est\u00e9 vinculada a su m\u00e1s reciente producci\u00f3n discogr\u00e1fica, <strong>Tropicoqueta<\/strong>. Este nuevo recorrido llegar\u00e1 despu\u00e9s del \u00e9xito de su tour anterior, Ma\u00f1ana Ser\u00e1 Bonito, que logr\u00f3 cifras r\u00e9cord de asistencia y recaudaci\u00f3n a nivel internacional.<\/p>\n<div class=\"read-more mb-7\">    <span class=\"block mb-2\">Leer m\u00e1s<\/span>    <\/p>\n<ul class=\"glosa\">\n<li>\n<h3><a href=\"https:\/\/www.diariolibre.com\/revista\/musica\/2026\/04\/13\/karol-g-en-coachella-estoy-orgullosa-pero-se-siente-tarde\/3500542?utm_source=relacionadas&amp;utm_medium=nota&amp;utm_campaign=relacionadas\" title=\"Karol G reivindica a la comunidad latina en un hist\u00f3rico Coachella\">Karol G reivindica a la comunidad latina en un hist\u00f3rico Coachella<\/a><\/h3>\n<\/li>\n<li>\n<h3><a href=\"https:\/\/www.diariolibre.com\/revista\/musica\/2026\/04\/12\/karol-g-se-apoya-en-el-festival-coachella\/3499993?utm_source=relacionadas&amp;utm_medium=nota&amp;utm_campaign=relacionadas\" title=\"Karol G se apoya en Coachella para impulsar los negocios de latinos en los Estados Unidos\">Karol G se apoya en Coachella para impulsar los negocios de latinos en los Estados Unidos<\/a><\/h3>\n<\/li>\n<\/ul>\n<\/div>\n<p><\/p>\n<p>\u200bUn enigm\u00e1tico mensaje publicitario\u00a0en\u00a0Santo Domingo\u00a0ha captado la atenci\u00f3n de algunos. Desde la ma\u00f1ana del lunes, varias vallas con la frase \u201cNos vamos de tour\u201d han aparecido en puntos estrat\u00e9gicos de la ciudad.En redes sociales, unos pocos han vinculado la campa\u00f1a con la cantante colombiana Karol G. La teor\u00eda cobra fuerza tras el reciente anuncio de la artista durante su presentaci\u00f3n en el festival Coachella, donde confirm\u00f3 que emprender\u00e1 una nueva gira.El mensaje coincide con el cierre de su actuaci\u00f3n en el evento, en el que proyect\u00f3 en pantalla la misma frase,\u201cNos vamos de tour\u201d, al finalizar su interpretaci\u00f3n de \u201cProvenza\u201d.M\u00e1s    El anuncio se produjo en un contexto significativo, ya que Karol G se convirti\u00f3 en la primera mujer latina en encabezar el festival en sus 27 a\u00f1os de historia.        View this post on Instagram            A post shared by People Magazine (@people) Aunque hasta el momento no se han confirmado fechas ni ciudades para la gira, se prev\u00e9 que est\u00e9 vinculada a su m\u00e1s reciente producci\u00f3n discogr\u00e1fica, Tropicoqueta. Este nuevo recorrido llegar\u00e1 despu\u00e9s del \u00e9xito de su tour anterior, Ma\u00f1ana Ser\u00e1 Bonito, que logr\u00f3 cifras r\u00e9cord de asistencia y recaudaci\u00f3n a nivel internacional.    Leer m\u00e1s                            Karol G reivindica a la comunidad latina en un hist\u00f3rico Coachella                            Karol G se apoya en Coachella para impulsar los negocios de latinos en los Estados Unidos\u00a0\u00a0Revista, M\u00fasica, Diario Libre, Santo Domingo, Karol G, concierto de Karol G, Nos vamos de tour, Gira de Karol G\u00a0<\/p>\n","protected":false},"excerpt":{"rendered":"<p>Un enigm\u00e1tico mensaje publicitario\u00a0en\u00a0Santo Domingo\u00a0ha captado la atenci\u00f3n de algunos. Desde la ma\u00f1ana del lunes, varias vallas con la frase \u201cNos vamos de tour\u201d han aparecido en puntos estrat\u00e9gicos de la ciudad. En redes sociales, unos pocos han vinculado la campa\u00f1a con la cantante colombiana Karol G. La teor\u00eda cobra fuerza tras el reciente anuncio [&hellip;]<\/p>\n","protected":false},"author":1,"featured_media":20709,"comment_status":"open","ping_status":"open","sticky":false,"template":"","format":"standard","meta":{"amp_status":"","footnotes":""},"categories":[9],"tags":[],"class_list":["post-20946","post","type-post","status-publish","format-standard","has-post-thumbnail","hentry","category-espectaculo"],"_links":{"self":[{"href":"https:\/\/ermdigital.com\/index.php?rest_route=\/wp\/v2\/posts\/20946","targetHints":{"allow":["GET"]}}],"collection":[{"href":"https:\/\/ermdigital.com\/index.php?rest_route=\/wp\/v2\/posts"}],"about":[{"href":"https:\/\/ermdigital.com\/index.php?rest_route=\/wp\/v2\/types\/post"}],"author":[{"embeddable":true,"href":"https:\/\/ermdigital.com\/index.php?rest_route=\/wp\/v2\/users\/1"}],"replies":[{"embeddable":true,"href":"https:\/\/ermdigital.com\/index.php?rest_route=%2Fwp%2Fv2%2Fcomments&post=20946"}],"version-history":[{"count":0,"href":"https:\/\/ermdigital.com\/index.php?rest_route=\/wp\/v2\/posts\/20946\/revisions"}],"wp:featuredmedia":[{"embeddable":true,"href":"https:\/\/ermdigital.com\/index.php?rest_route=\/wp\/v2\/media\/20709"}],"wp:attachment":[{"href":"https:\/\/ermdigital.com\/index.php?rest_route=%2Fwp%2Fv2%2Fmedia&parent=20946"}],"wp:term":[{"taxonomy":"category","embeddable":true,"href":"https:\/\/ermdigital.com\/index.php?rest_route=%2Fwp%2Fv2%2Fcategories&post=20946"},{"taxonomy":"post_tag","embeddable":true,"href":"https:\/\/ermdigital.com\/index.php?rest_route=%2Fwp%2Fv2%2Ftags&post=20946"}],"curies":[{"name":"wp","href":"https:\/\/api.w.org\/{rel}","templated":true}]}}