{"id":20925,"date":"2026-04-20T10:02:00","date_gmt":"2026-04-20T14:02:00","guid":{"rendered":"https:\/\/ermdigital.com\/index.php\/2026\/04\/20\/woody-allen-empezara-a-rodar-wasp-2026-el-5-de-octubre\/"},"modified":"2026-04-20T10:02:00","modified_gmt":"2026-04-20T14:02:00","slug":"woody-allen-empezara-a-rodar-wasp-2026-el-5-de-octubre","status":"publish","type":"post","link":"https:\/\/ermdigital.com\/?p=20925","title":{"rendered":"Woody Allen empezar\u00e1 a rodar \"Wasp 2026&#8243; el 5 de octubre"},"content":{"rendered":"<p>El emblem\u00e1tico director de cine estadounidense <strong>Woody Allen<\/strong> <strong>empezar\u00e1 a rodar<\/strong> su pr\u00f3xima <strong>pel\u00edcula<\/strong> el 5 de octubre, un filme con nombre en clave <em><strong>Wasp 2026<\/strong><\/em> que est\u00e1 ambientada en la ciudad de <strong>Madrid<\/strong> y que cuenta con el patrocinio y financiaci\u00f3n p\u00fablica de la capital espa\u00f1ola.<\/p>\n<p>La fecha del inicio del rodaje trascendi\u00f3 este lunes a los medios a trav\u00e9s de la <strong>Consejer\u00eda de Cultura<\/strong> madrile\u00f1a, que a\u00f1adi\u00f3 que la <strong>pel\u00edcula<\/strong>, que se rodar\u00e1 \u00edntegramente en la Comunidad de <strong>Madrid<\/strong>, incluir\u00e1 el nombre de la ciudad en el t\u00edtulo y ser\u00e1 una herramienta para <strong>promocionar la regi\u00f3n<\/strong> \"en todo el mundo\".<\/p>\n<p>Estas eran algunas de las condiciones a las que el <strong>Gobierno regional<\/strong> espa\u00f1ol supedit\u00f3 la <strong>subvenci\u00f3n<\/strong> para la <strong>pel\u00edcula<\/strong>, que hasta donde se sabe asciende a <strong>1.5 millones de euros<\/strong>.<\/p>\n<p>Esta ser\u00e1 la <strong>cinta n\u00famero 51<\/strong> para el cineasta, que ya ha rodado en el pasado pel\u00edculas que homenajean a otras ciudad internacionales, como <em><strong>Midnight in Paris<\/strong><\/em> (2011), ambientada en la capital francesa; <em>Rifkin&#8217;s Festival<\/em> (2020), inspirada en la ciudad espa\u00f1ola de San Sebasti\u00e1n, en el norte de la pen\u00ednsula; y <em><strong>Vicky Cristina Barcelona<\/strong><\/em> (2008), en la capital catalana (noreste).<\/p>\n<p>Poco se conoce sobre la nueva <strong>pel\u00edcula<\/strong> de Allen, que la ha catalogado como una \"<strong>comedia contempor\u00e1nea<\/strong>\" y que estar\u00e1 producida por <strong>Wanda Vision<\/strong>, Gravier y <strong>3Six9 Studios<\/strong>.<\/p>\n<p>\"Estar\u00e9 muy feliz de <strong>volver a Espa\u00f1a<\/strong>. Esta ser\u00eda mi <strong>tercera vez<\/strong> rodando all\u00ed y mi primera ocasi\u00f3n para <strong>hacer una pel\u00edcula<\/strong> en <strong>Madrid<\/strong>, una ciudad que siempre me ha encantado\".<\/p>\n<p>As\u00ed declar\u00f3 el <strong>director neoyorquino<\/strong> a finales del a\u00f1o pasado en el <strong>anuncio oficial<\/strong> donde se confirm\u00f3 el rodaje este a\u00f1o de la <strong>pel\u00edcula<\/strong> en <strong>Madrid<\/strong>.<\/p>\n<h2>M\u00e1s<\/h2>\n<ul>\n<li>Este patrocinio de la Comunidad de <strong>Madrid<\/strong> busca sacar rendimiento del denominado \"turismo cinematogr\u00e1fico\", que lleva a los aficionados de pel\u00edculas y series a desplazarse a los escenarios donde se desarrollan los metrajes, con sus consiguiente desembolsos tur\u00edsticos e impacto econ\u00f3mico positivo en las localidades.\u00a0<\/li>\n<\/ul>\n<article class=\"border-t border-b py-5 mb-5 component nota-incrustada\">    <span class=\"block mb-2\"><strong>Te puede interesar<\/strong><\/span>                <\/p>\n<h2><a href=\"https:\/\/www.diariolibre.com\/revista\/cine\/2025\/11\/30\/celebrando-a-woody-allen-90-anos-de-cine-y-controversias\/3361069?utm_source=relacionadas&amp;utm_medium=nota&amp;utm_campaign=relacionadas\" title=\"Woody Allen cumple 90 a\u00f1os: legado cinematogr\u00e1fico y controversias\">Woody Allen cumple 90 a\u00f1os: legado cinematogr\u00e1fico y controversias<\/a><\/h2>\n<\/article>\n<p><\/p>\n<p>\u200bEl emblem\u00e1tico director de cine estadounidense Woody Allen empezar\u00e1 a rodar su pr\u00f3xima pel\u00edcula el 5 de octubre, un filme con nombre en clave Wasp 2026 que est\u00e1 ambientada en la ciudad de Madrid y que cuenta con el patrocinio y financiaci\u00f3n p\u00fablica de la capital espa\u00f1ola.La fecha del inicio del rodaje trascendi\u00f3 este lunes a los medios a trav\u00e9s de la Consejer\u00eda de Cultura madrile\u00f1a, que a\u00f1adi\u00f3 que la pel\u00edcula, que se rodar\u00e1 \u00edntegramente en la Comunidad de Madrid, incluir\u00e1 el nombre de la ciudad en el t\u00edtulo y ser\u00e1 una herramienta para promocionar la regi\u00f3n \"en todo el mundo\".Estas eran algunas de las condiciones a las que el Gobierno regional espa\u00f1ol supedit\u00f3 la subvenci\u00f3n para la pel\u00edcula, que hasta donde se sabe asciende a 1.5 millones de euros.Esta ser\u00e1 la cinta n\u00famero 51 para el cineasta, que ya ha rodado en el pasado pel\u00edculas que homenajean a otras ciudad internacionales, como Midnight in Paris (2011), ambientada en la capital francesa; Rifkin&#8217;s Festival (2020), inspirada en la ciudad espa\u00f1ola de San Sebasti\u00e1n, en el norte de la pen\u00ednsula; y Vicky Cristina Barcelona (2008), en la capital catalana (noreste).Poco se conoce sobre la nueva pel\u00edcula de Allen, que la ha catalogado como una \"comedia contempor\u00e1nea\" y que estar\u00e1 producida por Wanda Vision, Gravier y 3Six9 Studios.\"Estar\u00e9 muy feliz de volver a Espa\u00f1a. Esta ser\u00eda mi tercera vez rodando all\u00ed y mi primera ocasi\u00f3n para hacer una pel\u00edcula en Madrid, una ciudad que siempre me ha encantado\".As\u00ed declar\u00f3 el director neoyorquino a finales del a\u00f1o pasado en el anuncio oficial donde se confirm\u00f3 el rodaje este a\u00f1o de la pel\u00edcula en Madrid.M\u00e1s    Este patrocinio de la Comunidad de Madrid busca sacar rendimiento del denominado \"turismo cinematogr\u00e1fico\", que lleva a los aficionados de pel\u00edculas y series a desplazarse a los escenarios donde se desarrollan los metrajes, con sus consiguiente desembolsos tur\u00edsticos e impacto econ\u00f3mico positivo en las localidades.\u00a0    Te puede interesar                Woody Allen cumple 90 a\u00f1os: legado cinematogr\u00e1fico y controversias\u00a0\u00a0Revista, Cine, EFE, Madrid, Pel\u00edcula, Woody Allen, Wasp 2026\u00a0<\/p>\n","protected":false},"excerpt":{"rendered":"<p>El emblem\u00e1tico director de cine estadounidense Woody Allen empezar\u00e1 a rodar su pr\u00f3xima pel\u00edcula el 5 de octubre, un filme con nombre en clave Wasp 2026 que est\u00e1 ambientada en la ciudad de Madrid y que cuenta con el patrocinio y financiaci\u00f3n p\u00fablica de la capital espa\u00f1ola. La fecha del inicio del rodaje trascendi\u00f3 este [&hellip;]<\/p>\n","protected":false},"author":1,"featured_media":20711,"comment_status":"open","ping_status":"open","sticky":false,"template":"","format":"standard","meta":{"amp_status":"","footnotes":""},"categories":[9],"tags":[],"class_list":["post-20925","post","type-post","status-publish","format-standard","has-post-thumbnail","hentry","category-espectaculo"],"_links":{"self":[{"href":"https:\/\/ermdigital.com\/index.php?rest_route=\/wp\/v2\/posts\/20925","targetHints":{"allow":["GET"]}}],"collection":[{"href":"https:\/\/ermdigital.com\/index.php?rest_route=\/wp\/v2\/posts"}],"about":[{"href":"https:\/\/ermdigital.com\/index.php?rest_route=\/wp\/v2\/types\/post"}],"author":[{"embeddable":true,"href":"https:\/\/ermdigital.com\/index.php?rest_route=\/wp\/v2\/users\/1"}],"replies":[{"embeddable":true,"href":"https:\/\/ermdigital.com\/index.php?rest_route=%2Fwp%2Fv2%2Fcomments&post=20925"}],"version-history":[{"count":0,"href":"https:\/\/ermdigital.com\/index.php?rest_route=\/wp\/v2\/posts\/20925\/revisions"}],"wp:featuredmedia":[{"embeddable":true,"href":"https:\/\/ermdigital.com\/index.php?rest_route=\/wp\/v2\/media\/20711"}],"wp:attachment":[{"href":"https:\/\/ermdigital.com\/index.php?rest_route=%2Fwp%2Fv2%2Fmedia&parent=20925"}],"wp:term":[{"taxonomy":"category","embeddable":true,"href":"https:\/\/ermdigital.com\/index.php?rest_route=%2Fwp%2Fv2%2Fcategories&post=20925"},{"taxonomy":"post_tag","embeddable":true,"href":"https:\/\/ermdigital.com\/index.php?rest_route=%2Fwp%2Fv2%2Ftags&post=20925"}],"curies":[{"name":"wp","href":"https:\/\/api.w.org\/{rel}","templated":true}]}}