{"id":20902,"date":"2026-04-20T09:31:00","date_gmt":"2026-04-20T13:31:00","guid":{"rendered":"https:\/\/ermdigital.com\/index.php\/2026\/04\/20\/dani-fernandez-sufre-aparatosa-caida-en-pleno-concierto\/"},"modified":"2026-04-20T09:31:00","modified_gmt":"2026-04-20T13:31:00","slug":"dani-fernandez-sufre-aparatosa-caida-en-pleno-concierto","status":"publish","type":"post","link":"https:\/\/ermdigital.com\/?p=20902","title":{"rendered":"Dani Fern\u00e1ndez sufre aparatosa ca\u00edda en pleno concierto"},"content":{"rendered":"<p>El artista espa\u00f1ol\u00a0<strong>Dani Fern\u00e1ndez<\/strong> ha sido <strong>intervenido quir\u00fargicamente<\/strong> con \u00e9xito de la lesi\u00f3n que ha sufrido en un hombro tras una aparatosa ca\u00edda durante el <strong>concierto<\/strong> que ofreci\u00f3 anoche en el Roig Arena de Val\u00e8ncia, en el marco de su gira \"La Insurrecci\u00f3n\".<\/p>\n<p>Fern\u00e1ndez ha sido operado de una <strong>luxaci\u00f3n acromioclavicular severa<\/strong>, y la cirug\u00eda ha sido m\u00e1s compleja de lo que en un primer momento mostraban las im\u00e1genes, seg\u00fan el <strong>Hospital Quir\u00f3nsalud Valencia<\/strong>, donde fue trasladado el cantante.<\/p>\n<div class=\"social-embed mb-4\">\n<blockquote class=\"instagram-media\" data-instgrm-captioned=\"\" data-instgrm-permalink=\"https:\/\/www.instagram.com\/p\/DXUs_6pjOUk\/?utm_source=ig_embed&amp;utm_campaign=loading\" data-instgrm-version=\"14\">\n<div> <a href=\"https:\/\/www.instagram.com\/p\/DXUs_6pjOUk\/?utm_source=ig_embed&amp;utm_campaign=loading\" target=\"_blank\" title=\"       View this post on Instagram            \" rel=\"nofollow noopener noreferrer\"> <\/p>\n<div>\n<div><\/div>\n<div>\n<div><\/div>\n<div><\/div>\n<\/div>\n<\/div>\n<div><\/div>\n<div><\/div>\n<div>\n<div>View this post on Instagram<\/div>\n<\/div>\n<div><\/div>\n<div>\n<div>\n<div><\/div>\n<div><\/div>\n<div><\/div>\n<\/div>\n<div>\n<div><\/div>\n<div><\/div>\n<\/div>\n<div>\n<div><\/div>\n<div><\/div>\n<div><\/div>\n<\/div>\n<\/div>\n<div>\n<div><\/div>\n<div><\/div>\n<\/div>\n<p><\/a><\/p>\n<p><a href=\"https:\/\/www.instagram.com\/p\/DXUs_6pjOUk\/?utm_source=ig_embed&amp;utm_campaign=loading\" target=\"_blank\" title=\"A post shared by    \u00b4   . (@danifdezmusic)\" rel=\"nofollow noopener noreferrer\">A post shared by    \u00b4   . (@danifdezmusic)<\/a><\/p>\n<\/div>\n<\/blockquote>\n<div class=\"lazyload\" data-script=\"https:\/\/www.instagram.com\/embed.js\"><\/div>\n<\/div>\n<p>En el momento actual, el paciente se encuentra estable y en proceso de <strong>recuperaci\u00f3n postoperatoria<\/strong> bajo control y <strong>supervisi\u00f3n m\u00e9dica<\/strong>, han informado las mismas fuentes.<\/p>\n<div class=\"social-embed mb-4\">\n<blockquote class=\"instagram-media\" data-instgrm-permalink=\"https:\/\/www.instagram.com\/reel\/DXTo9KrDReq\/?utm_source=ig_embed&amp;utm_campaign=loading\" data-instgrm-version=\"14\">\n<div> <a href=\"https:\/\/www.instagram.com\/reel\/DXTo9KrDReq\/?utm_source=ig_embed&amp;utm_campaign=loading\" target=\"_blank\" title=\"       View this post on Instagram            \" rel=\"nofollow noopener noreferrer\"> <\/p>\n<div>\n<div><\/div>\n<div>\n<div><\/div>\n<div><\/div>\n<\/div>\n<\/div>\n<div><\/div>\n<div><\/div>\n<div>\n<div>View this post on Instagram<\/div>\n<\/div>\n<div><\/div>\n<div>\n<div>\n<div><\/div>\n<div><\/div>\n<div><\/div>\n<\/div>\n<div>\n<div><\/div>\n<div><\/div>\n<\/div>\n<div>\n<div><\/div>\n<div><\/div>\n<div><\/div>\n<\/div>\n<\/div>\n<div>\n<div><\/div>\n<div><\/div>\n<\/div>\n<p><\/a><\/p>\n<p><a href=\"https:\/\/www.instagram.com\/reel\/DXTo9KrDReq\/?utm_source=ig_embed&amp;utm_campaign=loading\" target=\"_blank\" title=\"A post shared by EL MUNDO (@elmundo_es)\" rel=\"nofollow noopener noreferrer\">A post shared by EL MUNDO (@elmundo_es)<\/a><\/p>\n<\/div>\n<\/blockquote><\/div>\n<p>Fern\u00e1ndez estaba actuando cuando se cay\u00f3 desde el escenario, seg\u00fan se puede ver en numerosos v\u00eddeos colgados en redes sociales, lo que oblig\u00f3 a parar el <strong>concierto<\/strong>. Sin embargo, una media hora despu\u00e9s, el artista volvi\u00f3 a salir con el <strong>brazo en cabestrillo<\/strong> para terminar su actuaci\u00f3n.<\/p>\n<div class=\"social-embed mb-4\">\n<blockquote class=\"instagram-media\" data-instgrm-permalink=\"https:\/\/www.instagram.com\/reel\/DXSwDWhjA7y\/?utm_source=ig_embed&amp;utm_campaign=loading\" data-instgrm-version=\"14\">\n<div> <a href=\"https:\/\/www.instagram.com\/reel\/DXSwDWhjA7y\/?utm_source=ig_embed&amp;utm_campaign=loading\" target=\"_blank\" title=\"       View this post on Instagram            \" rel=\"nofollow noopener noreferrer\"> <\/p>\n<div>\n<div><\/div>\n<div>\n<div><\/div>\n<div><\/div>\n<\/div>\n<\/div>\n<div><\/div>\n<div><\/div>\n<div>\n<div>View this post on Instagram<\/div>\n<\/div>\n<div><\/div>\n<div>\n<div>\n<div><\/div>\n<div><\/div>\n<div><\/div>\n<\/div>\n<div>\n<div><\/div>\n<div><\/div>\n<\/div>\n<div>\n<div><\/div>\n<div><\/div>\n<div><\/div>\n<\/div>\n<\/div>\n<div>\n<div><\/div>\n<div><\/div>\n<\/div>\n<p><\/a><\/p>\n<p><a href=\"https:\/\/www.instagram.com\/reel\/DXSwDWhjA7y\/?utm_source=ig_embed&amp;utm_campaign=loading\" target=\"_blank\" title=\"A post shared by    \u00b4   . (@danifdezmusic)\" rel=\"nofollow noopener noreferrer\">A post shared by    \u00b4   . (@danifdezmusic)<\/a><\/p>\n<\/div>\n<\/blockquote><\/div>\n<p>\"He intentado <strong>terminar el bolo<\/strong> como he podido. Podr\u00eda haber sido una <strong>noche mejor<\/strong> pero as\u00ed tenemos algo que contar en el futuro\", ha se\u00f1alado Fern\u00e1ndez en un v\u00eddeo colgado en su Instagram desde el hospital.<\/p>\n<h2>El hecho<\/h2>\n<ul>\n<li>Todo iba sobre ruedas en el show de este s\u00e1bado en el Roig Arena de Valencia hasta que el cantante, pleno de emoci\u00f3n, se dispuso a <strong>cantar Plan Fatal<\/strong>. <\/li>\n<li>Un <strong>interludio musical<\/strong> precipit\u00f3 que el artista quisiera descender de una <strong>estructura elevada<\/strong> del escenario de un <strong>salto<\/strong>, y termin\u00f3, en sus propias palabras, d\u00e1ndose \u201cun hosti\u00f3n terrible\u201d.<\/li>\n<\/ul>\n<figure class=\"inline-block\">\n<div class=\"expand-img-placeholder\"><img loading=\"lazy\" decoding=\"async\" src=\"https:\/\/resources.diariolibre.com\/images\/expand.svg\" alt=\"Expandir imagen\" width=\"20\" height=\"20\"><span class=\"rutaimagenoriginal-placeholder\">https:\/\/resources.diariolibre.com\/images\/2026\/04\/20\/imagen-de-archivo-del-cantante-dani-fernandez-i-durante-un-concierto-efetoni-galan-cff648c7.jpg<\/span><\/div>\n<p><img decoding=\"async\" loading=\"lazy\" src=\"https:\/\/resources.diariolibre.com\/images\/2026\/04\/20\/imagen-de-archivo-del-cantante-dani-fernandez-i-durante-un-concierto-efetoni-galan-cff648c7.jpg\" width=\"auto\" height=\"350\" alt=\"Infograf\u00eda\" class=\"mx-auto\"><figcaption><span>Dani Fern\u00e1ndez termin\u00f3 el concierto con cabestrillo | Redes Sociales<\/span><\/figcaption><\/figure>\n<ul>\n<li>Lo que sucedi\u00f3 fue que Fern\u00e1ndez cay\u00f3 desde una altura considerable. El p\u00fablico contuvo la respiraci\u00f3n y el artista, ya en directo, avis\u00f3 de que cre\u00eda que se le \u201chab\u00eda salido\u201d la clav\u00edcula.Termin\u00f3 el <strong>concierto<\/strong> con un <strong>cabestrillo<\/strong>. Tras el espect\u00e1culo, acudi\u00f3 r\u00e1pidamente al centro de salud.<\/li>\n<\/ul>\n<div class=\"read-more mb-7\">    <span class=\"block mb-2\">Leer m\u00e1s<\/span>    <\/p>\n<ul class=\"glosa\">\n<li>\n<h3><a href=\"https:\/\/www.diariolibre.com\/revista\/musica\/2023\/07\/04\/feid-se-cayo-en-concierto-y-necesito-puntos-para-la-herida\/2393963?utm_source=relacionadas&amp;utm_medium=nota&amp;utm_campaign=relacionadas\" title=\"Video | Feid se cae en pleno concierto y recibe 4 puntos de sutura\">Video | Feid se cae en pleno concierto y recibe 4 puntos de sutura<\/a><\/h3>\n<\/li>\n<li>\n<h3><a href=\"https:\/\/www.diariolibre.com\/revista\/musica\/2022\/11\/17\/video--fefita-la-grande-se-marea-y-cae-durante-concierto\/2144024?utm_source=relacionadas&amp;utm_medium=nota&amp;utm_campaign=relacionadas\" title=\"Video | Fefita la Grande se marea y cae mientras cantaba en un show\">Video | Fefita la Grande se marea y cae mientras cantaba en un show<\/a><\/h3>\n<\/li>\n<li>\n<h3><a href=\"https:\/\/www.diariolibre.com\/usa\/revista\/2022\/09\/27\/alejandra-guzman-cae-en-el-escenario-y-suspende-concierto\/2091826?utm_source=relacionadas&amp;utm_medium=nota&amp;utm_campaign=relacionadas\" title=\"Alejandra Guzm\u00e1n cae en el escenario y suspende su espect\u00e1culo en Washington\">Alejandra Guzm\u00e1n cae en el escenario y suspende su espect\u00e1culo en Washington<\/a><\/h3>\n<\/li>\n<\/ul>\n<\/div>\n<p><\/p>\n<p><\/p>\n<p>\u200bEl artista espa\u00f1ol\u00a0Dani Fern\u00e1ndez ha sido intervenido quir\u00fargicamente con \u00e9xito de la lesi\u00f3n que ha sufrido en un hombro tras una aparatosa ca\u00edda durante el concierto que ofreci\u00f3 anoche en el Roig Arena de Val\u00e8ncia, en el marco de su gira \"La Insurrecci\u00f3n\".Fern\u00e1ndez ha sido operado de una luxaci\u00f3n acromioclavicular severa, y la cirug\u00eda ha sido m\u00e1s compleja de lo que en un primer momento mostraban las im\u00e1genes, seg\u00fan el Hospital Quir\u00f3nsalud Valencia, donde fue trasladado el cantante.        View this post on Instagram            A post shared by    \u00b4   . (@danifdezmusic) En el momento actual, el paciente se encuentra estable y en proceso de recuperaci\u00f3n postoperatoria bajo control y supervisi\u00f3n m\u00e9dica, han informado las mismas fuentes.        View this post on Instagram            A post shared by EL MUNDO (@elmundo_es) Fern\u00e1ndez estaba actuando cuando se cay\u00f3 desde el escenario, seg\u00fan se puede ver en numerosos v\u00eddeos colgados en redes sociales, lo que oblig\u00f3 a parar el concierto. Sin embargo, una media hora despu\u00e9s, el artista volvi\u00f3 a salir con el brazo en cabestrillo para terminar su actuaci\u00f3n.        View this post on Instagram            A post shared by    \u00b4   . (@danifdezmusic) \"He intentado terminar el bolo como he podido. Podr\u00eda haber sido una noche mejor pero as\u00ed tenemos algo que contar en el futuro\", ha se\u00f1alado Fern\u00e1ndez en un v\u00eddeo colgado en su Instagram desde el hospital.El hecho    Todo iba sobre ruedas en el show de este s\u00e1bado en el Roig Arena de Valencia hasta que el cantante, pleno de emoci\u00f3n, se dispuso a cantar Plan Fatal.     Un interludio musical precipit\u00f3 que el artista quisiera descender de una estructura elevada del escenario de un salto, y termin\u00f3, en sus propias palabras, d\u00e1ndose \u201cun hosti\u00f3n terrible\u201d.https:\/\/resources.diariolibre.com\/images\/2026\/04\/20\/imagen-de-archivo-del-cantante-dani-fernandez-i-durante-un-concierto-efetoni-galan-cff648c7.jpgDani Fern\u00e1ndez termin\u00f3 el concierto con cabestrillo | Redes Sociales    Lo que sucedi\u00f3 fue que Fern\u00e1ndez cay\u00f3 desde una altura considerable. El p\u00fablico contuvo la respiraci\u00f3n y el artista, ya en directo, avis\u00f3 de que cre\u00eda que se le \u201chab\u00eda salido\u201d la clav\u00edcula.Termin\u00f3 el concierto con un cabestrillo. Tras el espect\u00e1culo, acudi\u00f3 r\u00e1pidamente al centro de salud.    Leer m\u00e1s                            Video | Feid se cae en pleno concierto y recibe 4 puntos de sutura                            Video | Fefita la Grande se marea y cae mientras cantaba en un show                            Alejandra Guzm\u00e1n cae en el escenario y suspende su espect\u00e1culo en Washington\u00a0\u00a0Revista, M\u00fasica, EFE, Valencia, Concierto, Dani Fern\u00e1ndez sufre aparatosa ca\u00edda, Ca\u00edda de cantante, Dani Fern\u00e1ndez\u00a0<\/p>\n","protected":false},"excerpt":{"rendered":"<p>El artista espa\u00f1ol\u00a0Dani Fern\u00e1ndez ha sido intervenido quir\u00fargicamente con \u00e9xito de la lesi\u00f3n que ha sufrido en un hombro tras una aparatosa ca\u00edda durante el concierto que ofreci\u00f3 anoche en el Roig Arena de Val\u00e8ncia, en el marco de su gira \"La Insurrecci\u00f3n\". Fern\u00e1ndez ha sido operado de una luxaci\u00f3n acromioclavicular severa, y la cirug\u00eda [&hellip;]<\/p>\n","protected":false},"author":1,"featured_media":20713,"comment_status":"open","ping_status":"open","sticky":false,"template":"","format":"standard","meta":{"amp_status":"","footnotes":""},"categories":[9],"tags":[],"class_list":["post-20902","post","type-post","status-publish","format-standard","has-post-thumbnail","hentry","category-espectaculo"],"_links":{"self":[{"href":"https:\/\/ermdigital.com\/index.php?rest_route=\/wp\/v2\/posts\/20902","targetHints":{"allow":["GET"]}}],"collection":[{"href":"https:\/\/ermdigital.com\/index.php?rest_route=\/wp\/v2\/posts"}],"about":[{"href":"https:\/\/ermdigital.com\/index.php?rest_route=\/wp\/v2\/types\/post"}],"author":[{"embeddable":true,"href":"https:\/\/ermdigital.com\/index.php?rest_route=\/wp\/v2\/users\/1"}],"replies":[{"embeddable":true,"href":"https:\/\/ermdigital.com\/index.php?rest_route=%2Fwp%2Fv2%2Fcomments&post=20902"}],"version-history":[{"count":0,"href":"https:\/\/ermdigital.com\/index.php?rest_route=\/wp\/v2\/posts\/20902\/revisions"}],"wp:featuredmedia":[{"embeddable":true,"href":"https:\/\/ermdigital.com\/index.php?rest_route=\/wp\/v2\/media\/20713"}],"wp:attachment":[{"href":"https:\/\/ermdigital.com\/index.php?rest_route=%2Fwp%2Fv2%2Fmedia&parent=20902"}],"wp:term":[{"taxonomy":"category","embeddable":true,"href":"https:\/\/ermdigital.com\/index.php?rest_route=%2Fwp%2Fv2%2Fcategories&post=20902"},{"taxonomy":"post_tag","embeddable":true,"href":"https:\/\/ermdigital.com\/index.php?rest_route=%2Fwp%2Fv2%2Ftags&post=20902"}],"curies":[{"name":"wp","href":"https:\/\/api.w.org\/{rel}","templated":true}]}}