{"id":20755,"date":"2026-04-20T07:29:00","date_gmt":"2026-04-20T11:29:00","guid":{"rendered":"https:\/\/ermdigital.com\/index.php\/2026\/04\/20\/arista-y-asystec-realizan-conferencia\/"},"modified":"2026-04-20T07:29:00","modified_gmt":"2026-04-20T11:29:00","slug":"arista-y-asystec-realizan-conferencia","status":"publish","type":"post","link":"https:\/\/ermdigital.com\/?p=20755","title":{"rendered":"Arista y Asystec realizan conferencia"},"content":{"rendered":"<p>Los ejecutivos de la empresa <strong>Arista<\/strong>, junto a su <strong>co-patrocinador Asystec<\/strong>, ofrecieron una <strong>conferencia especializada<\/strong> en el Hotel J.W. Marriott, dirigida a clientes, relacionados, invitados especiales y expertos del \u00e1rea tecnol\u00f3gica. <\/p>\n<p>El encuentro, centrado en \u201c<strong>Modern Campus &amp; SD-WAN<\/strong>\u201d, permiti\u00f3 a los asistentes conocer de primera mano c\u00f3mo esta <strong>firma internacional<\/strong> est\u00e1 redefiniendo la construcci\u00f3n de <strong>redes empresariales<\/strong> en la era de la <strong>inteligencia artificial<\/strong>.<\/p>\n<p>La actividad se desarroll\u00f3 en un <strong>ambiente profesional<\/strong> y din\u00e1mamente interactivo, reafirmando el <strong>compromiso<\/strong> de ambas empresas de mantener actualizados a sus aliados estrat\u00e9gicos en temas de innovaci\u00f3n tecnol\u00f3gica y <strong>transformaci\u00f3n digital<\/strong>. <\/p>\n<p>En ese contexto, el ingeniero <strong>Raymond Marcelino<\/strong>, CEO de <strong>Asystec<\/strong>, empresa con m\u00e1s de 30 a\u00f1os de trayectoria ininterrumpida en el pa\u00eds, destac\u00f3 la relevancia de este tipo de iniciativas para fortalecer el conocimiento en \u00e1reas clave como <strong>seguridad de la informaci\u00f3n<\/strong>, telecomunicaciones y soluciones corporativas.<\/p>\n<figure class=\"inline-block\">\n<div class=\"expand-img-placeholder\"><img loading=\"lazy\" decoding=\"async\" src=\"https:\/\/resources.diariolibre.com\/images\/expand.svg\" alt=\"Expandir imagen\" width=\"20\" height=\"20\"><span class=\"rutaimagenoriginal-placeholder\">https:\/\/resources.diariolibre.com\/images\/2026\/04\/20\/arista-2-93b785d8.jpg<\/span><\/div>\n<p><img decoding=\"async\" loading=\"lazy\" src=\"https:\/\/resources.diariolibre.com\/images\/2026\/04\/20\/arista-2-93b785d8.jpg\" width=\"auto\" height=\"350\" alt=\"Infograf\u00eda\" class=\"mx-auto\"><figcaption><span>Jos\u00e9 Enrique Valdez y Pavel Mej\u00eda.<\/span><span> (<strong>FUENTE EXTERNA<\/strong>)<\/span><\/figcaption><\/figure>\n<h2>Programa<\/h2>\n<p>El programa inici\u00f3 con las palabras de bienvenida de <strong>Manuel Terrero<\/strong>, director regional de ventas de <strong>Arista<\/strong>, quien ofreci\u00f3 una introducci\u00f3n sobre la empresa y su impacto en el mercado global. Posteriormente, <strong>Jaime Casta\u00f1eda<\/strong>, gerente de ventas y desarrollo de partners, present\u00f3 la visi\u00f3n general de <strong>Arista<\/strong> <strong>Campus<\/strong>, destacando su enfoque innovador en <strong>redes empresariales<\/strong>.<\/p>\n<p>Durante la jornada, <strong>Munir Dabaghi<\/strong>, ingeniero senior de sistemas, abord\u00f3 la actualizaci\u00f3n de <strong>Branch SD-WAN<\/strong>, aportando una perspectiva t\u00e9cnica sobre las <strong>nuevas tendencias<\/strong> en conectividad. <\/p>\n<p>M\u00e1s adelante, tras un breve receso, <strong>Jos\u00e9 Luis Reyes<\/strong>, tambi\u00e9n ingeniero senior de sistemas, expuso sobre la visi\u00f3n general del <strong>centro de datos<\/strong> y la <strong>tecnolog\u00eda VxLAN<\/strong>, resaltando su importancia en infraestructuras modernas.<\/p>\n<p>Como cierre del evento, <strong>Jaime Casta\u00f1eda<\/strong> retom\u00f3 la palabra para profundizar en los conceptos de <strong>Campus<\/strong> y <strong>redes Zero-Trust<\/strong>, subrayando la necesidad de fortalecer la seguridad en entornos digitales cada vez m\u00e1s complejos.<\/p>\n<p>En sus palabras finales, el ingeniero <strong>Raymond Marcelino<\/strong> resalt\u00f3 la importancia de la alianza con <strong>Arista<\/strong>, valorando sus soluciones y estrategias como clave para el <strong>crecimiento tecnol\u00f3gico<\/strong> en el pa\u00eds y la regi\u00f3n. <\/p>\n<p>Asimismo, enfatiz\u00f3 el fortalecimiento de los lazos comerciales entre ambas entidades, enfocados en impulsar <strong>redes empresariales<\/strong> preparadas para los desaf\u00edos de la <strong>inteligencia artificial<\/strong>.<\/p>\n<article class=\"border-t border-b py-5 mb-5 component nota-incrustada\">    <span class=\"block mb-2\"><strong>Te puede interesar<\/strong><\/span>                <\/p>\n<h2><a href=\"https:\/\/www.diariolibre.com\/revista\/sociales\/2026\/03\/27\/check-point-y-asystec-realizan-conferencia\/3484064?utm_source=relacionadas&amp;utm_medium=nota&amp;utm_campaign=relacionadas\" title=\"Check Point y Asystec realizan conferencia de las capacidades de plataforma de Exposure Management\">Check Point y Asystec realizan conferencia de las capacidades de plataforma de Exposure Management<\/a><\/h2>\n<\/article>\n<p><\/p>\n<p>\u200bLos ejecutivos de la empresa Arista, junto a su co-patrocinador Asystec, ofrecieron una conferencia especializada en el Hotel J.W. Marriott, dirigida a clientes, relacionados, invitados especiales y expertos del \u00e1rea tecnol\u00f3gica. El encuentro, centrado en \u201cModern Campus &amp; SD-WAN\u201d, permiti\u00f3 a los asistentes conocer de primera mano c\u00f3mo esta firma internacional est\u00e1 redefiniendo la construcci\u00f3n de redes empresariales en la era de la inteligencia artificial.La actividad se desarroll\u00f3 en un ambiente profesional y din\u00e1mamente interactivo, reafirmando el compromiso de ambas empresas de mantener actualizados a sus aliados estrat\u00e9gicos en temas de innovaci\u00f3n tecnol\u00f3gica y transformaci\u00f3n digital. En ese contexto, el ingeniero Raymond Marcelino, CEO de Asystec, empresa con m\u00e1s de 30 a\u00f1os de trayectoria ininterrumpida en el pa\u00eds, destac\u00f3 la relevancia de este tipo de iniciativas para fortalecer el conocimiento en \u00e1reas clave como seguridad de la informaci\u00f3n, telecomunicaciones y soluciones corporativas.https:\/\/resources.diariolibre.com\/images\/2026\/04\/20\/arista-2-93b785d8.jpgJos\u00e9 Enrique Valdez y Pavel Mej\u00eda. (FUENTE EXTERNA)ProgramaEl programa inici\u00f3 con las palabras de bienvenida de Manuel Terrero, director regional de ventas de Arista, quien ofreci\u00f3 una introducci\u00f3n sobre la empresa y su impacto en el mercado global. Posteriormente, Jaime Casta\u00f1eda, gerente de ventas y desarrollo de partners, present\u00f3 la visi\u00f3n general de Arista Campus, destacando su enfoque innovador en redes empresariales.Durante la jornada, Munir Dabaghi, ingeniero senior de sistemas, abord\u00f3 la actualizaci\u00f3n de Branch SD-WAN, aportando una perspectiva t\u00e9cnica sobre las nuevas tendencias en conectividad. M\u00e1s adelante, tras un breve receso, Jos\u00e9 Luis Reyes, tambi\u00e9n ingeniero senior de sistemas, expuso sobre la visi\u00f3n general del centro de datos y la tecnolog\u00eda VxLAN, resaltando su importancia en infraestructuras modernas.Como cierre del evento, Jaime Casta\u00f1eda retom\u00f3 la palabra para profundizar en los conceptos de Campus y redes Zero-Trust, subrayando la necesidad de fortalecer la seguridad en entornos digitales cada vez m\u00e1s complejos.En sus palabras finales, el ingeniero Raymond Marcelino resalt\u00f3 la importancia de la alianza con Arista, valorando sus soluciones y estrategias como clave para el crecimiento tecnol\u00f3gico en el pa\u00eds y la regi\u00f3n. Asimismo, enfatiz\u00f3 el fortalecimiento de los lazos comerciales entre ambas entidades, enfocados en impulsar redes empresariales preparadas para los desaf\u00edos de la inteligencia artificial.    Te puede interesar                Check Point y Asystec realizan conferencia de las capacidades de plataforma de Exposure Management\u00a0\u00a0Revista, Sociales, Diario Libre, Santo Domingo, conferencia, ASYSTEC, Arista\u00a0<\/p>\n","protected":false},"excerpt":{"rendered":"<p>Los ejecutivos de la empresa Arista, junto a su co-patrocinador Asystec, ofrecieron una conferencia especializada en el Hotel J.W. Marriott, dirigida a clientes, relacionados, invitados especiales y expertos del \u00e1rea tecnol\u00f3gica. El encuentro, centrado en \u201cModern Campus &amp; SD-WAN\u201d, permiti\u00f3 a los asistentes conocer de primera mano c\u00f3mo esta firma internacional est\u00e1 redefiniendo la construcci\u00f3n [&hellip;]<\/p>\n","protected":false},"author":1,"featured_media":20644,"comment_status":"open","ping_status":"open","sticky":false,"template":"","format":"standard","meta":{"amp_status":"","footnotes":""},"categories":[9],"tags":[],"class_list":["post-20755","post","type-post","status-publish","format-standard","has-post-thumbnail","hentry","category-espectaculo"],"_links":{"self":[{"href":"https:\/\/ermdigital.com\/index.php?rest_route=\/wp\/v2\/posts\/20755","targetHints":{"allow":["GET"]}}],"collection":[{"href":"https:\/\/ermdigital.com\/index.php?rest_route=\/wp\/v2\/posts"}],"about":[{"href":"https:\/\/ermdigital.com\/index.php?rest_route=\/wp\/v2\/types\/post"}],"author":[{"embeddable":true,"href":"https:\/\/ermdigital.com\/index.php?rest_route=\/wp\/v2\/users\/1"}],"replies":[{"embeddable":true,"href":"https:\/\/ermdigital.com\/index.php?rest_route=%2Fwp%2Fv2%2Fcomments&post=20755"}],"version-history":[{"count":0,"href":"https:\/\/ermdigital.com\/index.php?rest_route=\/wp\/v2\/posts\/20755\/revisions"}],"wp:featuredmedia":[{"embeddable":true,"href":"https:\/\/ermdigital.com\/index.php?rest_route=\/wp\/v2\/media\/20644"}],"wp:attachment":[{"href":"https:\/\/ermdigital.com\/index.php?rest_route=%2Fwp%2Fv2%2Fmedia&parent=20755"}],"wp:term":[{"taxonomy":"category","embeddable":true,"href":"https:\/\/ermdigital.com\/index.php?rest_route=%2Fwp%2Fv2%2Fcategories&post=20755"},{"taxonomy":"post_tag","embeddable":true,"href":"https:\/\/ermdigital.com\/index.php?rest_route=%2Fwp%2Fv2%2Ftags&post=20755"}],"curies":[{"name":"wp","href":"https:\/\/api.w.org\/{rel}","templated":true}]}}