{"id":20571,"date":"2026-04-19T13:12:00","date_gmt":"2026-04-19T17:12:00","guid":{"rendered":"https:\/\/ermdigital.com\/index.php\/2026\/04\/19\/por-que-el-alzheimer-afecta-a-mas-mujeres-que-a-hombres\/"},"modified":"2026-04-19T13:12:00","modified_gmt":"2026-04-19T17:12:00","slug":"por-que-el-alzheimer-afecta-a-mas-mujeres-que-a-hombres","status":"publish","type":"post","link":"https:\/\/ermdigital.com\/?p=20571","title":{"rendered":"\u00bfPor qu\u00e9 el Alzheimer afecta a m\u00e1s mujeres que a hombres?"},"content":{"rendered":"<p>En ciertas condiciones, el <strong>cerebro femenino<\/strong> podr\u00eda enfrentar una progresi\u00f3n del <strong>Alzheimer<\/strong> hasta 20 veces m\u00e1s r\u00e1pida. S\u00ed, esta es la informaci\u00f3n m\u00e1s reciente arrojada <strong>Mayo Clinic<\/strong> que revela una diferencia inquietante.<\/p>\n<p>En \u00e9l se evidencia que la manera en la que interact\u00faan dos <strong>prote\u00ednas<\/strong> puede causar un <strong>deterioro cerebral<\/strong>. La <strong>tau<\/strong>, estrechamente ligada a la enfermedad de <strong>Alzheimer<\/strong>, y la <strong>alfa-sinucle\u00edna<\/strong>, conocida por su papel en la enfermedad de Parkinson.<\/p>\n<p>Ambas<strong> <\/strong>se acumulan de forma an\u00f3mala en el cerebro, las <strong>mujeres<\/strong> presentan una progresi\u00f3n mucho m\u00e1s acelerada de la <strong>enfermedad<\/strong> en comparaci\u00f3n con los hombres. <\/p>\n<p>La <strong>investigaci\u00f3n<\/strong>, liderada por la neurorradi\u00f3loga <strong>Kejal Kantarci<\/strong>, utiliz\u00f3 t\u00e9cnicas avanzadas de <strong>neuroimagen<\/strong> para seguir el rastro de estos cambios en el cerebro. Su conclusi\u00f3n no solo es cient\u00edfica, tambi\u00e9n es un <strong>llamado de atenci\u00f3n<\/strong>:<\/p>\n<p>\u201cNo podemos seguir abordando el <strong>Alzheimer<\/strong> como si se <strong>comportara exactamente<\/strong> igual en todas las personas\u201d.<\/p>\n<h2><strong>Una respuesta buscada durante a\u00f1os<\/strong><\/h2>\n<figure class=\"inline-block\">\n<div class=\"expand-img-placeholder\"><img loading=\"lazy\" decoding=\"async\" src=\"https:\/\/resources.diariolibre.com\/images\/expand.svg\" alt=\"Expandir imagen\" width=\"20\" height=\"20\"><span class=\"rutaimagenoriginal-placeholder\">https:\/\/resources.diariolibre.com\/images\/2026\/04\/19\/2149043754-c4971a7e.jpg<\/span><\/div>\n<p><img decoding=\"async\" loading=\"lazy\" src=\"https:\/\/resources.diariolibre.com\/images\/2026\/04\/19\/2149043754-c4971a7e.jpg\" width=\"auto\" height=\"350\" alt=\"Infograf\u00eda\" class=\"mx-auto\"><figcaption><span>Los datos revelaron que un 17% presentaba acumulaci\u00f3n an\u00f3mala de alfa-sinucle\u00edna.<\/span><span> (<strong>FREEPIK<\/strong>)<\/span><\/figcaption><\/figure>\n<p>Desde hace a\u00f1os, las cifras mostraban una tendencia: las <strong>mujeres<\/strong> representan casi <strong>dos tercios<\/strong> de los casos de <strong>Alzheimer<\/strong>. Lo que no estaba claro era por qu\u00e9.<\/p>\n<p>Hoy, esta interacci\u00f3n entre <strong>prote\u00ednas<\/strong> ofrece una <strong>pista contundente<\/strong>.<\/p>\n<p>La <strong>tau<\/strong> y la <strong>alfa-sinucle\u00edna<\/strong> existen naturalmente en el cerebro, pero cuando se pliegan de manera incorrecta, forman dep\u00f3sitos que interrumpen la comunicaci\u00f3n neuronal. Es ah\u00ed donde comienza el <strong>deterioro cognitivo<\/strong>: lento para algunos, vertiginoso para otros.<\/p>\n<p>Y en este escenario, las <strong>mujeres<\/strong> parecen cargar con una <strong>vulnerabilidad adicional<\/strong>.<\/p>\n<h2><strong>Las conclusiones<\/strong><\/h2>\n<p>Para la <strong>investigaci\u00f3n<\/strong>, el equipo analiz\u00f3 a <strong>415 participantes<\/strong> del consorcio <strong>Alzheimer<\/strong>&#8217;s Disease Neuroimaging Initiative, una de las plataformas m\u00e1s importantes para el seguimiento del <strong>Alzheimer<\/strong> a lo largo del tiempo. <\/p>\n<p>Los datos revelaron que un 17% presentaba <strong>acumulaci\u00f3n an\u00f3mala<\/strong> de <strong>alfa-sinucle\u00edna<\/strong>; y dentro \u00a0de ese grupo, las <strong>mujeres<\/strong> desarrollaron dep\u00f3sitos de <strong>tau<\/strong> a una velocidad significativamente mayor. <\/p>\n<p>El investigador <strong>Elijah Mak<\/strong>, primer autor del <strong>estudio<\/strong>, lo resume con precisi\u00f3n: entender esta <strong>vulnerabilidad<\/strong> podr\u00eda abrir puertas a tratamientos que a\u00fan no se han considerado.<\/p>\n<p>Para quienes est\u00e1n en <strong>grupos vulnerables<\/strong> \u2014especialmente <strong>mujeres<\/strong> con antecedentes familiares, <strong>deterioro cognitivo<\/strong> leve o enfermedades neurodegenerativas asociadas\u2014 este hallazgo tiene <strong>implicaciones directas<\/strong>:<\/p>\n<ul>\n<li><strong>Diagn\u00f3stico      m\u00e1s fino:<\/strong> no basta con detectar <strong>Alzheimer<\/strong>; hay que identificar qu\u00e9      otras patolog\u00edas lo acompa\u00f1an. <\/li>\n<li><strong>Seguimiento      personalizado:<\/strong> la progresi\u00f3n puede variar dr\u00e1sticamente seg\u00fan el      perfil biol\u00f3gico. <\/li>\n<li><strong>Prevenci\u00f3n      con enfoque diferencial:<\/strong> el riesgo no es uniforme, y tampoco deber\u00edan      serlo las estrategias. <\/li>\n<\/ul>\n<article class=\"border-t border-b py-5 mb-5 component nota-incrustada\">    <span class=\"block mb-2\"><strong>Te puede interesar<\/strong><\/span>                <\/p>\n<h2><a href=\"https:\/\/www.diariolibre.com\/revista\/sociales\/2025\/09\/21\/anuncian-celebracion-de-el-alzheimer-por-fuera-y-por-dentro\/3252436?utm_source=relacionadas&amp;utm_medium=nota&amp;utm_campaign=relacionadas\" title=\"Anuncian experiencia inmersiva El Alzheimer por fuera y por dentro\">Anuncian experiencia inmersiva \"El Alzheimer por fuera y por dentro\"<\/a><\/h2>\n<\/article>\n<p><\/p>\n<p>\u200bEn ciertas condiciones, el cerebro femenino podr\u00eda enfrentar una progresi\u00f3n del Alzheimer hasta 20 veces m\u00e1s r\u00e1pida. S\u00ed, esta es la informaci\u00f3n m\u00e1s reciente arrojada Mayo Clinic que revela una diferencia inquietante.En \u00e9l se evidencia que la manera en la que interact\u00faan dos prote\u00ednas puede causar un deterioro cerebral. La tau, estrechamente ligada a la enfermedad de Alzheimer, y la alfa-sinucle\u00edna, conocida por su papel en la enfermedad de Parkinson.Ambas se acumulan de forma an\u00f3mala en el cerebro, las mujeres presentan una progresi\u00f3n mucho m\u00e1s acelerada de la enfermedad en comparaci\u00f3n con los hombres. La investigaci\u00f3n, liderada por la neurorradi\u00f3loga Kejal Kantarci, utiliz\u00f3 t\u00e9cnicas avanzadas de neuroimagen para seguir el rastro de estos cambios en el cerebro. Su conclusi\u00f3n no solo es cient\u00edfica, tambi\u00e9n es un llamado de atenci\u00f3n:\u201cNo podemos seguir abordando el Alzheimer como si se comportara exactamente igual en todas las personas\u201d.Una respuesta buscada durante a\u00f1oshttps:\/\/resources.diariolibre.com\/images\/2026\/04\/19\/2149043754-c4971a7e.jpgLos datos revelaron que un 17% presentaba acumulaci\u00f3n an\u00f3mala de alfa-sinucle\u00edna. (FREEPIK)Desde hace a\u00f1os, las cifras mostraban una tendencia: las mujeres representan casi dos tercios de los casos de Alzheimer. Lo que no estaba claro era por qu\u00e9.Hoy, esta interacci\u00f3n entre prote\u00ednas ofrece una pista contundente.La tau y la alfa-sinucle\u00edna existen naturalmente en el cerebro, pero cuando se pliegan de manera incorrecta, forman dep\u00f3sitos que interrumpen la comunicaci\u00f3n neuronal. Es ah\u00ed donde comienza el deterioro cognitivo: lento para algunos, vertiginoso para otros.Y en este escenario, las mujeres parecen cargar con una vulnerabilidad adicional.Las conclusionesPara la investigaci\u00f3n, el equipo analiz\u00f3 a 415 participantes del consorcio Alzheimer&#8217;s Disease Neuroimaging Initiative, una de las plataformas m\u00e1s importantes para el seguimiento del Alzheimer a lo largo del tiempo. Los datos revelaron que un 17% presentaba acumulaci\u00f3n an\u00f3mala de alfa-sinucle\u00edna; y dentro \u00a0de ese grupo, las mujeres desarrollaron dep\u00f3sitos de tau a una velocidad significativamente mayor. El investigador Elijah Mak, primer autor del estudio, lo resume con precisi\u00f3n: entender esta vulnerabilidad podr\u00eda abrir puertas a tratamientos que a\u00fan no se han considerado.Para quienes est\u00e1n en grupos vulnerables \u2014especialmente mujeres con antecedentes familiares, deterioro cognitivo leve o enfermedades neurodegenerativas asociadas\u2014 este hallazgo tiene implicaciones directas:    Diagn\u00f3stico      m\u00e1s fino: no basta con detectar Alzheimer; hay que identificar qu\u00e9      otras patolog\u00edas lo acompa\u00f1an.     Seguimiento      personalizado: la progresi\u00f3n puede variar dr\u00e1sticamente seg\u00fan el      perfil biol\u00f3gico.     Prevenci\u00f3n      con enfoque diferencial: el riesgo no es uniforme, y tampoco deber\u00edan      serlo las estrategias.     Te puede interesar                Anuncian experiencia inmersiva \"El Alzheimer por fuera y por dentro\"\u00a0\u00a0Revista, Buena vida, Diario Libre, Santo Domingo, Alzheimer, Mujeres, Estudio, Mayo Clinic\u00a0<\/p>\n","protected":false},"excerpt":{"rendered":"<p>En ciertas condiciones, el cerebro femenino podr\u00eda enfrentar una progresi\u00f3n del Alzheimer hasta 20 veces m\u00e1s r\u00e1pida. S\u00ed, esta es la informaci\u00f3n m\u00e1s reciente arrojada Mayo Clinic que revela una diferencia inquietante. En \u00e9l se evidencia que la manera en la que interact\u00faan dos prote\u00ednas puede causar un deterioro cerebral. La tau, estrechamente ligada a [&hellip;]<\/p>\n","protected":false},"author":1,"featured_media":20132,"comment_status":"open","ping_status":"open","sticky":false,"template":"","format":"standard","meta":{"amp_status":"","footnotes":""},"categories":[9],"tags":[],"class_list":["post-20571","post","type-post","status-publish","format-standard","has-post-thumbnail","hentry","category-espectaculo"],"_links":{"self":[{"href":"https:\/\/ermdigital.com\/index.php?rest_route=\/wp\/v2\/posts\/20571","targetHints":{"allow":["GET"]}}],"collection":[{"href":"https:\/\/ermdigital.com\/index.php?rest_route=\/wp\/v2\/posts"}],"about":[{"href":"https:\/\/ermdigital.com\/index.php?rest_route=\/wp\/v2\/types\/post"}],"author":[{"embeddable":true,"href":"https:\/\/ermdigital.com\/index.php?rest_route=\/wp\/v2\/users\/1"}],"replies":[{"embeddable":true,"href":"https:\/\/ermdigital.com\/index.php?rest_route=%2Fwp%2Fv2%2Fcomments&post=20571"}],"version-history":[{"count":0,"href":"https:\/\/ermdigital.com\/index.php?rest_route=\/wp\/v2\/posts\/20571\/revisions"}],"wp:featuredmedia":[{"embeddable":true,"href":"https:\/\/ermdigital.com\/index.php?rest_route=\/wp\/v2\/media\/20132"}],"wp:attachment":[{"href":"https:\/\/ermdigital.com\/index.php?rest_route=%2Fwp%2Fv2%2Fmedia&parent=20571"}],"wp:term":[{"taxonomy":"category","embeddable":true,"href":"https:\/\/ermdigital.com\/index.php?rest_route=%2Fwp%2Fv2%2Fcategories&post=20571"},{"taxonomy":"post_tag","embeddable":true,"href":"https:\/\/ermdigital.com\/index.php?rest_route=%2Fwp%2Fv2%2Ftags&post=20571"}],"curies":[{"name":"wp","href":"https:\/\/api.w.org\/{rel}","templated":true}]}}