{"id":20570,"date":"2026-04-19T16:30:00","date_gmt":"2026-04-19T20:30:00","guid":{"rendered":"https:\/\/ermdigital.com\/index.php\/2026\/04\/19\/cher-pide-de-nuevo-la-tutela-de-las-finanzas-de-su-hijo-por-drogas\/"},"modified":"2026-04-19T16:30:00","modified_gmt":"2026-04-19T20:30:00","slug":"cher-pide-de-nuevo-la-tutela-de-las-finanzas-de-su-hijo-por-drogas","status":"publish","type":"post","link":"https:\/\/ermdigital.com\/?p=20570","title":{"rendered":"Cher pide de nuevo la tutela de las finanzas de su hijo por drogas"},"content":{"rendered":"<p>La cantante <strong>Cher<\/strong> volvi\u00f3 a pedir la tutela temporal de las finanzas de su hijo, <strong>Elijah Blue Allman<\/strong>, de 49 a\u00f1os, argumentando que su salud mental se ha visto gravemente deteriorada por su adicci\u00f3n a las <strong>drogas<\/strong>, despu\u00e9s de que un tribunal rechazara su primera propuesta a finales de 2023.<\/p>\n<p>La <strong>petici\u00f3n<\/strong> fue presentada esta semana ante el Tribunal Superior de Los \u00c1ngeles, seg\u00fan <strong>documentos judiciales<\/strong> citados por la cadena NBC, la misma corte que ya desestim\u00f3 el caso.<\/p>\n<p>En su escrito, \"la diosa del pop\" dijo que la situaci\u00f3n de su hijo \"se ha deteriorado significativamente\" desde la \u00faltima solicitud, y afirm\u00f3 que se encuentra \"gravemente discapacitado\" y presuntamente es <strong>drogodependiente<\/strong>.<\/p>\n<div class=\"w-full pt-2 float-left inside-related\">    <span class=\"border-b border-black pb-3 mb-4 block\"><strong>RELACIONADAS<\/strong><\/span>                <\/p>\n<article class=\"flex flex-wrap border-b pb-4 mb-3 inline-block\">\n<div class=\"xl:w-2\/12 w-4\/12\">\n<figure class=\"mb-0\">                                                    <a href=\"https:\/\/www.diariolibre.com\/usa\/revista\/2025\/06\/16\/elijah-blue-allman-en-condiciones-precarias-tras-nueva-sobredosis\/3152129?utm_source=relacionadas&amp;utm_medium=nota&amp;utm_campaign=relacionadas\" title=\"                                                                                                                            \">                                                                <img decoding=\"async\" loading=\"lazy\" src=\"https:\/\/resources.diariolibre.com\/images\/2025\/06\/16\/elijah-blue-allman-8ded96ac-focus-0-0-149-99.jpg\" width=\"149\" height=\"99\" title=\"Elijah Blue, hijo de Cher, vive en condiciones precarias tras nueva sobredosis\" alt=\"Elijah Blue, hijo de Cher, vive en condiciones precarias tras nueva sobredosis\" class=\"object-cover\">                                                            <\/a>                                            <\/figure>\n<\/p><\/div>\n<div class=\"xl:w-10\/12 w-8\/12 pl-3\">\n<div class=\"text-md mb-2 meta\">                        <a href=\"https:\/\/www.diariolibre.com\/usa\/revista\" title=\"Revista\">Revista<\/a>                    <\/div>\n<h2><a href=\"https:\/\/www.diariolibre.com\/usa\/revista\/2025\/06\/16\/elijah-blue-allman-en-condiciones-precarias-tras-nueva-sobredosis\/3152129?utm_source=relacionadas&amp;utm_medium=nota&amp;utm_campaign=relacionadas\" title=\"Elijah Blue, hijo de Cher, vive en condiciones precarias tras nueva sobredosis\">Elijah Blue, hijo de Cher, vive en condiciones precarias tras nueva sobredosis<\/a><\/h2>\n<\/p><\/div>\n<\/article><\/div>\n<p>Pero a diferencia de la vez pasada, la cantante de 'Believe' renunci\u00f3 a ser ella quien gestione las finanzas de Allman, y pidi\u00f3 que sea un <strong>tutor legal<\/strong> quien administre el <strong>fondo fiduciario<\/strong> creado para \u00e9l por su difunto padre, el m\u00fasico <strong>Gregg Allman<\/strong>.<\/p>\n<p>Esa es la \u00fanica fuente de <strong>ingresos<\/strong> del hijo, que seg\u00fan <strong>Cher<\/strong>, emplea casi en exclusiva a comprar <strong>drogas<\/strong>.\u00a0<\/p>\n<p><strong>Elijah Blue Allman<\/strong> se encuentra actualmente en un <strong>hospital psiqui\u00e1trico<\/strong> en el estado de <strong>New Hampshire<\/strong>, mientras enfrenta <strong>cargos penales<\/strong> por robo con allanamiento de morada, da\u00f1os a la propiedad, agresi\u00f3n simple, allanamiento de propiedad privada e incumplimiento de la libertad bajo fianza.<\/p>\n<ul>\n<li>La <strong>familia<\/strong> ha estado envuelta en <strong>pol\u00e9micas<\/strong> anteriormente. En 2023, <strong>Cher<\/strong> fue acusada en una declaraci\u00f3n judicial por supuestamente contratar a cuatro hombres para secuestrar a su hijo, pero la cantante neg\u00f3 rotundamente las <strong>acusaciones<\/strong> a la publicaci\u00f3n estadounidense People.<\/li>\n<\/ul>\n<p>Allman hab\u00eda hablado abiertamente de su adicci\u00f3n a las <strong>drogas<\/strong> frente a los <strong>medios<\/strong> asegurando que era un ni\u00f1o la primera vez que prob\u00f3 la marihuana y el \u00e9xtasis. <\/p>\n<p>El m\u00fasico tambi\u00e9n abord\u00f3 su adicci\u00f3n a la hero\u00edna y desde <strong>2010<\/strong> ha entrado y salido de periodos de <strong>rehabilitaci\u00f3n<\/strong>.\u00a0<\/p>\n<div class=\"w-full pt-2 float-left inside-related\">    <span class=\"border-b border-black pb-3 mb-4 block\"><strong>RELACIONADAS<\/strong><\/span>                <\/p>\n<article class=\"flex flex-wrap border-b pb-4 mb-3 inline-block\">\n<div class=\"xl:w-2\/12 w-4\/12\">\n<figure class=\"mb-0\">                                                    <a href=\"https:\/\/www.diariolibre.com\/revista\/musica\/2024\/01\/09\/niegan-a-cher-la-tutela-legal-de-su-hijo\/2572049?utm_source=relacionadas&amp;utm_medium=nota&amp;utm_campaign=relacionadas\" title=\"                                                                                                                            \">                                                                <img decoding=\"async\" loading=\"lazy\" src=\"https:\/\/resources.diariolibre.com\/images\/2024\/01\/09\/niegan-a-cher-la-tutela-legal-de-su-hijo-focus-0.03-0.48-149-99.jpg\" width=\"149\" height=\"99\" title=\"Tribunal niega a Cher la tutela legal de su hijo\" alt=\"Tribunal niega a Cher la tutela legal de su hijo\" class=\"object-cover\">                                                            <\/a>                                            <\/figure>\n<\/p><\/div>\n<div class=\"xl:w-10\/12 w-8\/12 pl-3\">\n<div class=\"text-md mb-2 meta\">                        <a href=\"https:\/\/www.diariolibre.com\/revista\/musica\" title=\"M\u00fasica\">M\u00fasica<\/a>                    <\/div>\n<h2><a href=\"https:\/\/www.diariolibre.com\/revista\/musica\/2024\/01\/09\/niegan-a-cher-la-tutela-legal-de-su-hijo\/2572049?utm_source=relacionadas&amp;utm_medium=nota&amp;utm_campaign=relacionadas\" title=\"Tribunal niega a Cher la tutela legal de su hijo\">Tribunal niega a Cher la tutela legal de su hijo<\/a><\/h2>\n<\/p><\/div>\n<\/article><\/div>\n<p>\u200bLa cantante Cher volvi\u00f3 a pedir la tutela temporal de las finanzas de su hijo, Elijah Blue Allman, de 49 a\u00f1os, argumentando que su salud mental se ha visto gravemente deteriorada por su adicci\u00f3n a las drogas, despu\u00e9s de que un tribunal rechazara su primera propuesta a finales de 2023.La petici\u00f3n fue presentada esta semana ante el Tribunal Superior de Los \u00c1ngeles, seg\u00fan documentos judiciales citados por la cadena NBC, la misma corte que ya desestim\u00f3 el caso.En su escrito, \"la diosa del pop\" dijo que la situaci\u00f3n de su hijo \"se ha deteriorado significativamente\" desde la \u00faltima solicitud, y afirm\u00f3 que se encuentra \"gravemente discapacitado\" y presuntamente es drogodependiente.    RELACIONADAS                                                                                                                                                                                                                                                                                                                                                            Revista                                        Elijah Blue, hijo de Cher, vive en condiciones precarias tras nueva sobredosis                                    Pero a diferencia de la vez pasada, la cantante de 'Believe' renunci\u00f3 a ser ella quien gestione las finanzas de Allman, y pidi\u00f3 que sea un tutor legal quien administre el fondo fiduciario creado para \u00e9l por su difunto padre, el m\u00fasico Gregg Allman.Esa es la \u00fanica fuente de ingresos del hijo, que seg\u00fan Cher, emplea casi en exclusiva a comprar drogas.\u00a0Elijah Blue Allman se encuentra actualmente en un hospital psiqui\u00e1trico en el estado de New Hampshire, mientras enfrenta cargos penales por robo con allanamiento de morada, da\u00f1os a la propiedad, agresi\u00f3n simple, allanamiento de propiedad privada e incumplimiento de la libertad bajo fianza.    La familia ha estado envuelta en pol\u00e9micas anteriormente. En 2023, Cher fue acusada en una declaraci\u00f3n judicial por supuestamente contratar a cuatro hombres para secuestrar a su hijo, pero la cantante neg\u00f3 rotundamente las acusaciones a la publicaci\u00f3n estadounidense People.Allman hab\u00eda hablado abiertamente de su adicci\u00f3n a las drogas frente a los medios asegurando que era un ni\u00f1o la primera vez que prob\u00f3 la marihuana y el \u00e9xtasis. El m\u00fasico tambi\u00e9n abord\u00f3 su adicci\u00f3n a la hero\u00edna y desde 2010 ha entrado y salido de periodos de rehabilitaci\u00f3n.\u00a0    RELACIONADAS                                                                                                                                                                                                                                                                                                                                                            M\u00fasica                                        Tribunal niega a Cher la tutela legal de su hijo\u00a0\u00a0Revista, Far\u00e1ndula, EFE, Miami, Drogas, Cher, Tutela de finanzas, Hijo de Cher\u00a0<\/p>\n","protected":false},"excerpt":{"rendered":"<p>La cantante Cher volvi\u00f3 a pedir la tutela temporal de las finanzas de su hijo, Elijah Blue Allman, de 49 a\u00f1os, argumentando que su salud mental se ha visto gravemente deteriorada por su adicci\u00f3n a las drogas, despu\u00e9s de que un tribunal rechazara su primera propuesta a finales de 2023. La petici\u00f3n fue presentada esta [&hellip;]<\/p>\n","protected":false},"author":1,"featured_media":20264,"comment_status":"open","ping_status":"open","sticky":false,"template":"","format":"standard","meta":{"amp_status":"","footnotes":""},"categories":[9],"tags":[],"class_list":["post-20570","post","type-post","status-publish","format-standard","has-post-thumbnail","hentry","category-espectaculo"],"_links":{"self":[{"href":"https:\/\/ermdigital.com\/index.php?rest_route=\/wp\/v2\/posts\/20570","targetHints":{"allow":["GET"]}}],"collection":[{"href":"https:\/\/ermdigital.com\/index.php?rest_route=\/wp\/v2\/posts"}],"about":[{"href":"https:\/\/ermdigital.com\/index.php?rest_route=\/wp\/v2\/types\/post"}],"author":[{"embeddable":true,"href":"https:\/\/ermdigital.com\/index.php?rest_route=\/wp\/v2\/users\/1"}],"replies":[{"embeddable":true,"href":"https:\/\/ermdigital.com\/index.php?rest_route=%2Fwp%2Fv2%2Fcomments&post=20570"}],"version-history":[{"count":0,"href":"https:\/\/ermdigital.com\/index.php?rest_route=\/wp\/v2\/posts\/20570\/revisions"}],"wp:featuredmedia":[{"embeddable":true,"href":"https:\/\/ermdigital.com\/index.php?rest_route=\/wp\/v2\/media\/20264"}],"wp:attachment":[{"href":"https:\/\/ermdigital.com\/index.php?rest_route=%2Fwp%2Fv2%2Fmedia&parent=20570"}],"wp:term":[{"taxonomy":"category","embeddable":true,"href":"https:\/\/ermdigital.com\/index.php?rest_route=%2Fwp%2Fv2%2Fcategories&post=20570"},{"taxonomy":"post_tag","embeddable":true,"href":"https:\/\/ermdigital.com\/index.php?rest_route=%2Fwp%2Fv2%2Ftags&post=20570"}],"curies":[{"name":"wp","href":"https:\/\/api.w.org\/{rel}","templated":true}]}}