{"id":20569,"date":"2026-04-19T16:46:00","date_gmt":"2026-04-19T20:46:00","guid":{"rendered":"https:\/\/ermdigital.com\/index.php\/2026\/04\/19\/inauguran-feria-regional-del-libro-y-la-cultura-cibao-en-santiago\/"},"modified":"2026-04-19T16:46:00","modified_gmt":"2026-04-19T20:46:00","slug":"inauguran-feria-regional-del-libro-y-la-cultura-cibao-en-santiago","status":"publish","type":"post","link":"https:\/\/ermdigital.com\/?p=20569","title":{"rendered":"Inauguran Feria Regional del Libro y la Cultura Cibao en Santiago"},"content":{"rendered":"<p>Con la presencia de la <strong>vicepresidenta Raquel Pe\u00f1a<\/strong>, fue <strong>inaugurada<\/strong> este domingo la primera <strong>Feria Regional del Libro<\/strong> y la <strong>Cultura<\/strong> Cibao 2026 en la sala principal del Gran Teatro del Cibao, un evento que re\u00fane a las 14 <strong>provincias<\/strong> del norte del pa\u00eds con una amplia <strong>agenda cultural<\/strong>, literaria y educativa.<\/p>\n<p>La actividad es organizada por el <strong>Ministerio de Cultura<\/strong> y se desarrollar\u00e1 del <strong>20 al 26 de abril<\/strong>, con jornadas dedicadas a distintas <strong>provincias<\/strong> del Cibao, promoviendo la identidad, la <strong>lectura<\/strong> y el <strong>pensamiento cr\u00edtico<\/strong> en toda la regi\u00f3n.<\/p>\n<p>Durante el acto, el ministro de <strong>Cultura<\/strong>, Roberto \u00c1ngel Salcedo, <strong>destac\u00f3<\/strong> la importancia de esta iniciativa como un ejercicio de <strong>descentralizaci\u00f3n cultural<\/strong> y articulaci\u00f3n institucional.<\/p>\n<div class=\"w-full pt-2 float-left inside-related\">    <span class=\"border-b border-black pb-3 mb-4 block\"><strong>RELACIONADAS<\/strong><\/span>                <\/p>\n<article class=\"flex flex-wrap border-b pb-4 mb-3 inline-block\">\n<div class=\"xl:w-2\/12 w-4\/12\">\n<figure class=\"mb-0\">                                                    <a href=\"https:\/\/www.diariolibre.com\/revista\/cultura\/2026\/01\/28\/feria-regional-del-libro-y-la-cultura-cibao-se-anuncia-para-2026\/3418635?utm_source=relacionadas&amp;utm_medium=nota&amp;utm_campaign=relacionadas\" title=\"                                                                                                                            \">                                                                <img decoding=\"async\" loading=\"lazy\" src=\"https:\/\/resources.diariolibre.com\/images\/2026\/01\/28\/feria-regional-del-libro-y-la-cultura-cibao-se-anuncia-para-2026-88b380ce-focus-0-0-149-99.jpg\" width=\"149\" height=\"99\" title=\"Roberto \u00c1ngel anuncia la celebraci\u00f3n de la primera Feria Regional del Libro y la Cultura Cibao\" alt=\"Roberto \u00c1ngel anuncia la celebraci\u00f3n de la primera Feria Regional del Libro y la Cultura Cibao\" class=\"object-cover\">                                                            <\/a>                                            <\/figure>\n<\/p><\/div>\n<div class=\"xl:w-10\/12 w-8\/12 pl-3\">\n<div class=\"text-md mb-2 meta\">                        <a href=\"https:\/\/www.diariolibre.com\/revista\/cultura\" title=\"Cultura\">Cultura<\/a>                    <\/div>\n<h2><a href=\"https:\/\/www.diariolibre.com\/revista\/cultura\/2026\/01\/28\/feria-regional-del-libro-y-la-cultura-cibao-se-anuncia-para-2026\/3418635?utm_source=relacionadas&amp;utm_medium=nota&amp;utm_campaign=relacionadas\" title=\"Roberto \u00c1ngel anuncia la celebraci\u00f3n de la primera Feria Regional del Libro y la Cultura Cibao\">Roberto \u00c1ngel anuncia la celebraci\u00f3n de la primera Feria Regional del Libro y la Cultura Cibao<\/a><\/h2>\n<\/p><\/div>\n<\/article><\/div>\n<p>\u201cCada d\u00eda ser\u00e1 una <strong>oportunidad<\/strong> para visibilizar las identidades, tradiciones y aportes culturales de estos territorios. Hoy hacemos una invitaci\u00f3n sencilla, pero importante: vengan a la feria, rec\u00f3rranla y <strong>participen<\/strong>\u201d, expres\u00f3 el funcionario.<\/p>\n<figure class=\"inline-block\">\n<div class=\"expand-img-placeholder\"><img loading=\"lazy\" decoding=\"async\" src=\"https:\/\/resources.diariolibre.com\/images\/expand.svg\" alt=\"Expandir imagen\" width=\"20\" height=\"20\"><span class=\"rutaimagenoriginal-placeholder\">https:\/\/resources.diariolibre.com\/images\/2026\/04\/20\/whatsapp-image-2026-04-19-at-84220-pm1-1c8c6d50.jpeg<\/span><\/div>\n<p><img decoding=\"async\" loading=\"lazy\" src=\"https:\/\/resources.diariolibre.com\/images\/2026\/04\/20\/whatsapp-image-2026-04-19-at-84220-pm1-1c8c6d50.jpeg\" width=\"auto\" height=\"350\" alt=\"Infograf\u00eda\" class=\"mx-auto\"><figcaption><span>Roberto \u00c1ngel Salcedo, ministro de Cultura.<\/span><span> (<strong>DIARIO LIBRE\/C\u00c9SAR JIM\u00c9NEZ<\/strong>)<\/span><\/figcaption><\/figure>\n<ul>\n<li>El evento est\u00e1 <strong>dedicado<\/strong> al intelectual y pol\u00edtico dominicano <strong>Ulises Francisco Espaillat<\/strong>, en el marco del <strong>bicentenario<\/strong> de su nacimiento, como reconocimiento a su legado en la vida p\u00fablica y el pensamiento nacional.<\/li>\n<\/ul>\n<p>El ministro detall\u00f3 el <strong>calendario de actividades<\/strong> por <strong>provincias<\/strong>, indicando que el lunes 20 estar\u00e1 <strong>dedicado<\/strong> a Montecristi y Dajab\u00f3n; el martes 21 a Monse\u00f1or Nouel y La Vega; el mi\u00e9rcoles 22 a <strong>Santiago<\/strong> Rodr\u00edguez y Valverde; el jueves 23, <strong>D\u00eda Mundial del Libro<\/strong> y del Derecho de Autor, a Hermanas Mirabal y Espaillat; el viernes 24 a S\u00e1nchez Ram\u00edrez y Duarte; el s\u00e1bado 25 a Saman\u00e1 y Mar\u00eda Trinidad S\u00e1nchez; y el domingo 26 a <strong>Santiago<\/strong> y Puerto Plata.<\/p>\n<p>Salcedo subray\u00f3 que la feria incluye m\u00faltiples espacios como <strong>pabellones regionales<\/strong>, de librer\u00edas y editoriales, infantil y juvenil, c\u00f3mic, artesan\u00eda, identidad y ciudadan\u00eda, as\u00ed como \u00e1reas dedicadas al <strong>di\u00e1logo<\/strong> y la <strong>convivencia cultural<\/strong>.<\/p>\n<h2>Palabras de la vicepresidenta<\/h2>\n<figure class=\"inline-block\">\n<div class=\"expand-img-placeholder\"><img loading=\"lazy\" decoding=\"async\" src=\"https:\/\/resources.diariolibre.com\/images\/expand.svg\" alt=\"Expandir imagen\" width=\"20\" height=\"20\"><span class=\"rutaimagenoriginal-placeholder\">https:\/\/resources.diariolibre.com\/images\/2026\/04\/20\/whatsapp-image-2026-04-19-at-84220-pm-536b26ff.jpeg<\/span><\/div>\n<p><img decoding=\"async\" loading=\"lazy\" src=\"https:\/\/resources.diariolibre.com\/images\/2026\/04\/20\/whatsapp-image-2026-04-19-at-84220-pm-536b26ff.jpeg\" width=\"auto\" height=\"350\" alt=\"Infograf\u00eda\" class=\"mx-auto\"><figcaption><span>Raquel Pe\u00f1a, vicepresidenta de la Rep\u00fablica.<\/span><span> (<strong>DIARIO LIBRE\/C\u00c9SAR JIM\u00c9NEZ<\/strong>)<\/span><\/figcaption><\/figure>\n<p>De su lado, la <strong>vicepresidenta Raquel Pe\u00f1a<\/strong> <strong>valor\u00f3<\/strong> la feria como un <strong>punto de encuentro<\/strong> para la <strong>creatividad<\/strong> y la identidad del Cibao.<\/p>\n<p>\u201cEsta feria nace como un <strong>espacio<\/strong> donde se unen las voces y las tradiciones de las 14 <strong>provincias<\/strong>. Leer es descubrir, entender de d\u00f3nde venimos y hacia d\u00f3nde podemos llegar\u201d, afirm\u00f3.<\/p>\n<p>Pe\u00f1a resalt\u00f3 que el proyecto fue impulsado junto al <strong>senador Daniel Rivera<\/strong> y respaldado por el <strong>presidente Luis Abinader<\/strong>, como parte del <strong>compromiso<\/strong> del Gobierno con la educaci\u00f3n y la <strong>cultura<\/strong>.<\/p>\n<article class=\"border-t border-b py-5 mb-5 component nota-incrustada\">    <span class=\"block mb-2\"><strong>Te puede interesar<\/strong><\/span>                <\/p>\n<h2><a href=\"https:\/\/www.diariolibre.com\/revista\/cultura\/2026\/04\/08\/moca-se-prepara-para-celebrar-su-primera-feria-del-libro-y-la-cultura\/3495912?utm_source=relacionadas&amp;utm_medium=nota&amp;utm_campaign=relacionadas\" title=\"Moca se prepara para celebrar su Primera Feria del Libro y la Cultura 2026\">Moca se prepara para celebrar su Primera Feria del Libro y la Cultura 2026<\/a><\/h2>\n<\/article>\n<p>Asimismo, <strong>destac\u00f3<\/strong> el valor de la <strong>lectura<\/strong> como herramienta de <strong>transformaci\u00f3n social<\/strong>. \u201cLos libros son una puerta abierta al conocimiento, al <strong>pensamiento cr\u00edtico<\/strong> y a la imaginaci\u00f3n\u201d, expres\u00f3.<\/p>\n<p>En tanto, el alcalde de <strong>Santiago<\/strong>, Ulises Rodr\u00edguez, se\u00f1al\u00f3 que la feria representa una <strong>apuesta<\/strong> por el <strong>desarrollo cultural<\/strong> y <strong>educativo<\/strong> de la ciudad.<\/p>\n<p>\u201cLa feria es una muestra clara de que cuando una sociedad <strong>apuesta<\/strong> por la <strong>lectura<\/strong>, <strong>apuesta<\/strong> por el <strong>pensamiento cr\u00edtico<\/strong> y la <strong>creatividad<\/strong>\u201d, indic\u00f3 el edil, al tiempo que invit\u00f3 a la poblaci\u00f3n a participar activamente en las actividades.<\/p>\n<p>\u00a0<\/p>\n<p>\u200bCon la presencia de la vicepresidenta Raquel Pe\u00f1a, fue inaugurada este domingo la primera Feria Regional del Libro y la Cultura Cibao 2026 en la sala principal del Gran Teatro del Cibao, un evento que re\u00fane a las 14 provincias del norte del pa\u00eds con una amplia agenda cultural, literaria y educativa.La actividad es organizada por el Ministerio de Cultura y se desarrollar\u00e1 del 20 al 26 de abril, con jornadas dedicadas a distintas provincias del Cibao, promoviendo la identidad, la lectura y el pensamiento cr\u00edtico en toda la regi\u00f3n.Durante el acto, el ministro de Cultura, Roberto \u00c1ngel Salcedo, destac\u00f3 la importancia de esta iniciativa como un ejercicio de descentralizaci\u00f3n cultural y articulaci\u00f3n institucional.    RELACIONADAS                                                                                                                                                                                                                                                                                                                                                            Cultura                                        Roberto \u00c1ngel anuncia la celebraci\u00f3n de la primera Feria Regional del Libro y la Cultura Cibao                                    \u201cCada d\u00eda ser\u00e1 una oportunidad para visibilizar las identidades, tradiciones y aportes culturales de estos territorios. Hoy hacemos una invitaci\u00f3n sencilla, pero importante: vengan a la feria, rec\u00f3rranla y participen\u201d, expres\u00f3 el funcionario.https:\/\/resources.diariolibre.com\/images\/2026\/04\/20\/whatsapp-image-2026-04-19-at-84220-pm1-1c8c6d50.jpegRoberto \u00c1ngel Salcedo, ministro de Cultura. (DIARIO LIBRE\/C\u00c9SAR JIM\u00c9NEZ)    El evento est\u00e1 dedicado al intelectual y pol\u00edtico dominicano Ulises Francisco Espaillat, en el marco del bicentenario de su nacimiento, como reconocimiento a su legado en la vida p\u00fablica y el pensamiento nacional.El ministro detall\u00f3 el calendario de actividades por provincias, indicando que el lunes 20 estar\u00e1 dedicado a Montecristi y Dajab\u00f3n; el martes 21 a Monse\u00f1or Nouel y La Vega; el mi\u00e9rcoles 22 a Santiago Rodr\u00edguez y Valverde; el jueves 23, D\u00eda Mundial del Libro y del Derecho de Autor, a Hermanas Mirabal y Espaillat; el viernes 24 a S\u00e1nchez Ram\u00edrez y Duarte; el s\u00e1bado 25 a Saman\u00e1 y Mar\u00eda Trinidad S\u00e1nchez; y el domingo 26 a Santiago y Puerto Plata.Salcedo subray\u00f3 que la feria incluye m\u00faltiples espacios como pabellones regionales, de librer\u00edas y editoriales, infantil y juvenil, c\u00f3mic, artesan\u00eda, identidad y ciudadan\u00eda, as\u00ed como \u00e1reas dedicadas al di\u00e1logo y la convivencia cultural.Palabras de la vicepresidentahttps:\/\/resources.diariolibre.com\/images\/2026\/04\/20\/whatsapp-image-2026-04-19-at-84220-pm-536b26ff.jpegRaquel Pe\u00f1a, vicepresidenta de la Rep\u00fablica. (DIARIO LIBRE\/C\u00c9SAR JIM\u00c9NEZ)De su lado, la vicepresidenta Raquel Pe\u00f1a valor\u00f3 la feria como un punto de encuentro para la creatividad y la identidad del Cibao.\u201cEsta feria nace como un espacio donde se unen las voces y las tradiciones de las 14 provincias. Leer es descubrir, entender de d\u00f3nde venimos y hacia d\u00f3nde podemos llegar\u201d, afirm\u00f3.Pe\u00f1a resalt\u00f3 que el proyecto fue impulsado junto al senador Daniel Rivera y respaldado por el presidente Luis Abinader, como parte del compromiso del Gobierno con la educaci\u00f3n y la cultura.    Te puede interesar                Moca se prepara para celebrar su Primera Feria del Libro y la Cultura 2026            Asimismo, destac\u00f3 el valor de la lectura como herramienta de transformaci\u00f3n social. \u201cLos libros son una puerta abierta al conocimiento, al pensamiento cr\u00edtico y a la imaginaci\u00f3n\u201d, expres\u00f3.En tanto, el alcalde de Santiago, Ulises Rodr\u00edguez, se\u00f1al\u00f3 que la feria representa una apuesta por el desarrollo cultural y educativo de la ciudad.\u201cLa feria es una muestra clara de que cuando una sociedad apuesta por la lectura, apuesta por el pensamiento cr\u00edtico y la creatividad\u201d, indic\u00f3 el edil, al tiempo que invit\u00f3 a la poblaci\u00f3n a participar activamente en las actividades.\u00a0\u00a0\u00a0Revista, Cultura, Jos\u00e9 Zapata, Santiago, Lectura, Feria del Libro y la Cultura Cibao\u00a0<\/p>\n","protected":false},"excerpt":{"rendered":"<p>Con la presencia de la vicepresidenta Raquel Pe\u00f1a, fue inaugurada este domingo la primera Feria Regional del Libro y la Cultura Cibao 2026 en la sala principal del Gran Teatro del Cibao, un evento que re\u00fane a las 14 provincias del norte del pa\u00eds con una amplia agenda cultural, literaria y educativa. La actividad es [&hellip;]<\/p>\n","protected":false},"author":1,"featured_media":20283,"comment_status":"open","ping_status":"open","sticky":false,"template":"","format":"standard","meta":{"amp_status":"","footnotes":""},"categories":[9],"tags":[],"class_list":["post-20569","post","type-post","status-publish","format-standard","has-post-thumbnail","hentry","category-espectaculo"],"_links":{"self":[{"href":"https:\/\/ermdigital.com\/index.php?rest_route=\/wp\/v2\/posts\/20569","targetHints":{"allow":["GET"]}}],"collection":[{"href":"https:\/\/ermdigital.com\/index.php?rest_route=\/wp\/v2\/posts"}],"about":[{"href":"https:\/\/ermdigital.com\/index.php?rest_route=\/wp\/v2\/types\/post"}],"author":[{"embeddable":true,"href":"https:\/\/ermdigital.com\/index.php?rest_route=\/wp\/v2\/users\/1"}],"replies":[{"embeddable":true,"href":"https:\/\/ermdigital.com\/index.php?rest_route=%2Fwp%2Fv2%2Fcomments&post=20569"}],"version-history":[{"count":0,"href":"https:\/\/ermdigital.com\/index.php?rest_route=\/wp\/v2\/posts\/20569\/revisions"}],"wp:featuredmedia":[{"embeddable":true,"href":"https:\/\/ermdigital.com\/index.php?rest_route=\/wp\/v2\/media\/20283"}],"wp:attachment":[{"href":"https:\/\/ermdigital.com\/index.php?rest_route=%2Fwp%2Fv2%2Fmedia&parent=20569"}],"wp:term":[{"taxonomy":"category","embeddable":true,"href":"https:\/\/ermdigital.com\/index.php?rest_route=%2Fwp%2Fv2%2Fcategories&post=20569"},{"taxonomy":"post_tag","embeddable":true,"href":"https:\/\/ermdigital.com\/index.php?rest_route=%2Fwp%2Fv2%2Ftags&post=20569"}],"curies":[{"name":"wp","href":"https:\/\/api.w.org\/{rel}","templated":true}]}}