{"id":20539,"date":"2026-04-19T11:48:00","date_gmt":"2026-04-19T15:48:00","guid":{"rendered":"https:\/\/ermdigital.com\/index.php\/2026\/04\/19\/campamento-comatillo-presenta-su-propuesta-integral\/"},"modified":"2026-04-19T11:48:00","modified_gmt":"2026-04-19T15:48:00","slug":"campamento-comatillo-presenta-su-propuesta-integral","status":"publish","type":"post","link":"https:\/\/ermdigital.com\/?p=20539","title":{"rendered":"Campamento Comatillo presenta su propuesta integral"},"content":{"rendered":"<p><strong>Campamento Comatillo<\/strong> ha dado inicio a su <strong>nueva etapa<\/strong> enfocada en fortalecer su legado y consolidar su posicionamiento como uno de los espacios de experiencias formativas m\u00e1s completos de la Rep\u00fablica Dominicana.<\/p>\n<p>La <strong>novedad<\/strong> se dio a conocer durante una <strong>velada<\/strong> realizada en el <strong>restaurante El Lago<\/strong>.<\/p>\n<p>Con m\u00e1s de <strong>35 a\u00f1os<\/strong> de trayectoria, Comatillo evoluciona hacia una <strong>propuesta integral<\/strong> que va m\u00e1s all\u00e1 del tradicional campamento de verano, incorporando <strong>programas<\/strong> durante todo el a\u00f1o dirigidos a colegios, empresas, iglesias y grupos organizados.<\/p>\n<p>El <strong>relanzamiento<\/strong> presenta una <strong>visi\u00f3n renovada<\/strong> del proyecto, basada en la combinaci\u00f3n de <strong>tradici\u00f3n<\/strong>, seguridad, estructura operativa y experiencias dise\u00f1adas intencionalmente para el <strong>desarrollo personal<\/strong>, la integraci\u00f3n grupal y la conexi\u00f3n con la naturaleza.<\/p>\n<h2>Una mirada hacia su esencia<\/h2>\n<figure class=\"inline-block\">\n<div class=\"expand-img-placeholder\"><img loading=\"lazy\" decoding=\"async\" src=\"https:\/\/resources.diariolibre.com\/images\/expand.svg\" alt=\"Expandir imagen\" width=\"20\" height=\"20\"><span class=\"rutaimagenoriginal-placeholder\">https:\/\/resources.diariolibre.com\/images\/2026\/04\/19\/2-eduardo-rivera-gerente-general-de-campamento-comatillo-132555da.jpeg<\/span><\/div>\n<p><img decoding=\"async\" loading=\"lazy\" src=\"https:\/\/resources.diariolibre.com\/images\/2026\/04\/19\/2-eduardo-rivera-gerente-general-de-campamento-comatillo-132555da.jpeg\" width=\"auto\" height=\"350\" alt=\"Infograf\u00eda\" class=\"mx-auto\"><figcaption><span>Eduardo Rivera, gerente general de Campamento Comatillo.<\/span><span> (<strong>FUENTE EXTERNA<\/strong>)<\/span><\/figcaption><\/figure>\n<p><strong>Eduardo Rivera<\/strong>, gerente general de <strong>Campamento Comatillo<\/strong>, expres\u00f3 que \u201ceste <strong>relanzamiento<\/strong> representa un paso importante en nuestra evoluci\u00f3n como proyecto. Estamos retomando nuestra esencia, pero con una estructura m\u00e1s clara, organizada y alineada con las <strong>necesidades actuales<\/strong> de nuestros clientes\u201d.<\/p>\n<p>Por su parte, <strong>Rita Florentino<\/strong>, fundadora, destac\u00f3 que \u201cComatillo siempre ha sido un espacio donde se forman <strong>valores<\/strong> y se crean <strong>experiencias significativas<\/strong>. Ver c\u00f3mo este proyecto evoluciona sin perder su esencia es motivo de orgullo para nuestra familia\u201d.<\/p>\n<p>Asimismo, <strong>Ren\u00e1n Florentino<\/strong>, fundador, se\u00f1al\u00f3 que \u201cdesde sus inicios, Comatillo naci\u00f3 con la <strong>visi\u00f3n<\/strong> de ofrecer un lugar seguro, organizado y lleno de prop\u00f3sito. Este <strong>relanzamiento<\/strong> reafirma ese <strong>compromiso<\/strong> con cada familia y cada instituci\u00f3n que conf\u00eda en nosotros\u201d.<\/p>\n<p>Dentro de su nueva propuesta, <strong>Campamento Comatillo<\/strong> ofrece <strong>programas<\/strong> de <strong>estad\u00edas educativas<\/strong>, convivencias, retiros, excursiones y experiencias de <strong>team building<\/strong>, dise\u00f1adas para adaptarse a los objetivos espec\u00edficos de cada grupo.<\/p>\n<p>Uno de sus principales diferenciales es su modelo de <strong>exclusividad total<\/strong>, que permite a cada grupo disfrutar de las instalaciones de manera privada, garantizando un <strong>entorno seguro<\/strong>, controlado y personalizado. Este enfoque asegura una operaci\u00f3n organizada, acompa\u00f1amiento constante y una experiencia de alta calidad.<\/p>\n<h2><strong>Summer Camp 2026<\/strong><\/h2>\n<p>Durante el encuentro se present\u00f3 el\u00a0<strong>Summer Camp 2026<\/strong>, un programa dirigido a\u00a0<strong>ni\u00f1os y j\u00f3venes<\/strong>, enfocado en el desarrollo de la independencia, la confianza y la creaci\u00f3n de\u00a0<strong>experiencias memorables<\/strong>\u00a0en un ambiente seguro y estructurado.<\/p>\n<p>Las instalaciones, ubicadas en un entorno natural privilegiado en <strong>Bayaguana<\/strong>, <strong>Monte Plata<\/strong>, cuentan con <strong>\u00e1reas recreativas<\/strong>, espacios de alojamiento y zonas dise\u00f1adas para el desarrollo de actividades tanto formativas como recreativas.<\/p>\n<p> El campamento opera bajo <strong>protocolos estrictos<\/strong> de seguridad y supervisi\u00f3n, incluyendo <strong>personal capacitado<\/strong> y <strong>asistencia m\u00e9dica<\/strong> en el lugar.<\/p>\n<p><\/p>\n<p>\u200bCampamento Comatillo ha dado inicio a su nueva etapa enfocada en fortalecer su legado y consolidar su posicionamiento como uno de los espacios de experiencias formativas m\u00e1s completos de la Rep\u00fablica Dominicana.La novedad se dio a conocer durante una velada realizada en el restaurante El Lago.Con m\u00e1s de 35 a\u00f1os de trayectoria, Comatillo evoluciona hacia una propuesta integral que va m\u00e1s all\u00e1 del tradicional campamento de verano, incorporando programas durante todo el a\u00f1o dirigidos a colegios, empresas, iglesias y grupos organizados.El relanzamiento presenta una visi\u00f3n renovada del proyecto, basada en la combinaci\u00f3n de tradici\u00f3n, seguridad, estructura operativa y experiencias dise\u00f1adas intencionalmente para el desarrollo personal, la integraci\u00f3n grupal y la conexi\u00f3n con la naturaleza.Una mirada hacia su esenciahttps:\/\/resources.diariolibre.com\/images\/2026\/04\/19\/2-eduardo-rivera-gerente-general-de-campamento-comatillo-132555da.jpegEduardo Rivera, gerente general de Campamento Comatillo. (FUENTE EXTERNA)Eduardo Rivera, gerente general de Campamento Comatillo, expres\u00f3 que \u201ceste relanzamiento representa un paso importante en nuestra evoluci\u00f3n como proyecto. Estamos retomando nuestra esencia, pero con una estructura m\u00e1s clara, organizada y alineada con las necesidades actuales de nuestros clientes\u201d.Por su parte, Rita Florentino, fundadora, destac\u00f3 que \u201cComatillo siempre ha sido un espacio donde se forman valores y se crean experiencias significativas. Ver c\u00f3mo este proyecto evoluciona sin perder su esencia es motivo de orgullo para nuestra familia\u201d.Asimismo, Ren\u00e1n Florentino, fundador, se\u00f1al\u00f3 que \u201cdesde sus inicios, Comatillo naci\u00f3 con la visi\u00f3n de ofrecer un lugar seguro, organizado y lleno de prop\u00f3sito. Este relanzamiento reafirma ese compromiso con cada familia y cada instituci\u00f3n que conf\u00eda en nosotros\u201d.Dentro de su nueva propuesta, Campamento Comatillo ofrece programas de estad\u00edas educativas, convivencias, retiros, excursiones y experiencias de team building, dise\u00f1adas para adaptarse a los objetivos espec\u00edficos de cada grupo.Uno de sus principales diferenciales es su modelo de exclusividad total, que permite a cada grupo disfrutar de las instalaciones de manera privada, garantizando un entorno seguro, controlado y personalizado. Este enfoque asegura una operaci\u00f3n organizada, acompa\u00f1amiento constante y una experiencia de alta calidad.Summer Camp 2026Durante el encuentro se present\u00f3 el\u00a0Summer Camp 2026, un programa dirigido a\u00a0ni\u00f1os y j\u00f3venes, enfocado en el desarrollo de la independencia, la confianza y la creaci\u00f3n de\u00a0experiencias memorables\u00a0en un ambiente seguro y estructurado.Las instalaciones, ubicadas en un entorno natural privilegiado en Bayaguana, Monte Plata, cuentan con \u00e1reas recreativas, espacios de alojamiento y zonas dise\u00f1adas para el desarrollo de actividades tanto formativas como recreativas. El campamento opera bajo protocolos estrictos de seguridad y supervisi\u00f3n, incluyendo personal capacitado y asistencia m\u00e9dica en el lugar.\u00a0\u00a0Revista, Sociales, Diario Libre, Santo Domingo, Relanzamiento, Campamento Comatillo, Summer Camp 2026\u00a0<\/p>\n","protected":false},"excerpt":{"rendered":"<p>Campamento Comatillo ha dado inicio a su nueva etapa enfocada en fortalecer su legado y consolidar su posicionamiento como uno de los espacios de experiencias formativas m\u00e1s completos de la Rep\u00fablica Dominicana. La novedad se dio a conocer durante una velada realizada en el restaurante El Lago. Con m\u00e1s de 35 a\u00f1os de trayectoria, Comatillo [&hellip;]<\/p>\n","protected":false},"author":1,"featured_media":20110,"comment_status":"open","ping_status":"open","sticky":false,"template":"","format":"standard","meta":{"amp_status":"","footnotes":""},"categories":[9],"tags":[],"class_list":["post-20539","post","type-post","status-publish","format-standard","has-post-thumbnail","hentry","category-espectaculo"],"_links":{"self":[{"href":"https:\/\/ermdigital.com\/index.php?rest_route=\/wp\/v2\/posts\/20539","targetHints":{"allow":["GET"]}}],"collection":[{"href":"https:\/\/ermdigital.com\/index.php?rest_route=\/wp\/v2\/posts"}],"about":[{"href":"https:\/\/ermdigital.com\/index.php?rest_route=\/wp\/v2\/types\/post"}],"author":[{"embeddable":true,"href":"https:\/\/ermdigital.com\/index.php?rest_route=\/wp\/v2\/users\/1"}],"replies":[{"embeddable":true,"href":"https:\/\/ermdigital.com\/index.php?rest_route=%2Fwp%2Fv2%2Fcomments&post=20539"}],"version-history":[{"count":0,"href":"https:\/\/ermdigital.com\/index.php?rest_route=\/wp\/v2\/posts\/20539\/revisions"}],"wp:featuredmedia":[{"embeddable":true,"href":"https:\/\/ermdigital.com\/index.php?rest_route=\/wp\/v2\/media\/20110"}],"wp:attachment":[{"href":"https:\/\/ermdigital.com\/index.php?rest_route=%2Fwp%2Fv2%2Fmedia&parent=20539"}],"wp:term":[{"taxonomy":"category","embeddable":true,"href":"https:\/\/ermdigital.com\/index.php?rest_route=%2Fwp%2Fv2%2Fcategories&post=20539"},{"taxonomy":"post_tag","embeddable":true,"href":"https:\/\/ermdigital.com\/index.php?rest_route=%2Fwp%2Fv2%2Ftags&post=20539"}],"curies":[{"name":"wp","href":"https:\/\/api.w.org\/{rel}","templated":true}]}}