{"id":20509,"date":"2026-04-19T07:19:00","date_gmt":"2026-04-19T11:19:00","guid":{"rendered":"https:\/\/ermdigital.com\/index.php\/2026\/04\/19\/lia-lockhart-logra-su-primer-protagonico-en-la-vida-chueca\/"},"modified":"2026-04-19T07:19:00","modified_gmt":"2026-04-19T11:19:00","slug":"lia-lockhart-logra-su-primer-protagonico-en-la-vida-chueca","status":"publish","type":"post","link":"https:\/\/ermdigital.com\/?p=20509","title":{"rendered":"L\u00eda Lockhart logra su primer protag\u00f3nico en La Vida Chueca"},"content":{"rendered":"<p>La actriz dominicana radicada en Estados Unidos, <strong>L\u00eda Lockhart<\/strong> expres\u00f3 haber conseguido uno de los momentos m\u00e1s significativos en su carrera como actriz, y es ser la <strong>protagonista<\/strong> de una pel\u00edcula, siendo uno de los personajes principales de la pel\u00edcula <strong><em>La vida chueca<\/em><\/strong>\u00a0de <strong>Manny P\u00e9rez<\/strong>.<\/p>\n<p>Lockhart calific\u00f3 la <strong>experiencia<\/strong> de \u201c<strong>inspiradora<\/strong>\u201d y de gran aprendizaje trabajar con el actor y director <strong>Manny P\u00e9rez<\/strong>. Tambi\u00e9n asegur\u00f3 que trabajar con el mismo represent\u00f3 una <strong>experiencia<\/strong> transformadora que fortaleci\u00f3 su <strong>crecimiento como int\u00e9rprete<\/strong>.<\/p>\n<p>La int\u00e9rprete explic\u00f3 que su v\u00ednculo profesional con P\u00e9rez comenz\u00f3 al tomar un <strong>curso de actuaci\u00f3n<\/strong> en <strong>Providence<\/strong>, <strong>Rhode Island<\/strong>, ciudad donde coincidieron. Seg\u00fan cuenta, esta <strong>experiencia<\/strong> le abri\u00f3 la puerta para audicionar posteriormente en el proyecto cinematogr\u00e1fico.<\/p>\n<p>\u201cYo envi\u00e9 a Manny 10 audiciones, \u00e9l siempre dec\u00eda, me gusta, me gusta, pero falta algo\u2026 despu\u00e9s me dijo, t\u00fa sabes qu\u00e9 es lo que te falta, la cosa que t\u00fa haces con los personajes tuyos, <strong>hazlo tuyo<\/strong>\u201d, relat\u00f3 la actriz sobre el proceso que culmin\u00f3 con su selecci\u00f3n para el papel principal.<\/p>\n<p>L\u00eda afirm\u00f3 que luego de insistir y arriesgarse creativamente fue cuando logr\u00f3 la audici\u00f3n definitiva. \u201cA la <strong>s\u00e9ptima audici\u00f3n<\/strong> yo dije, yo voy a hacer lo que yo entiendo que tengo que hacer, y yo cambi\u00e9 l\u00edneas, yo met\u00ed vainas, y al final sali\u00f3 la audici\u00f3n que me gan\u00f3 mi <strong>primer protag\u00f3nico<\/strong> en <strong><em>La vida chueca<\/em><\/strong>\u201d, afirm\u00f3.<\/p>\n<p>\u201c<strong>La vida chueca<\/strong>\u201d, fue rodada desde el 8 de marzo hasta el 4 de abril en la ciudad <strong>nata<\/strong> de L\u00eda, <strong>Santiago de los Caballeros<\/strong>, la cual tiene un significado para la actriz, quien asegur\u00f3 sentirse realizada de volver al lugar donde naci\u00f3 y m\u00e1s para protagonizar su primera <strong>pel\u00edcula dominicana<\/strong>.<\/p>\n<div class=\"w-full pt-2 float-left inside-related\">    <span class=\"border-b border-black pb-3 mb-4 block\"><strong>RELACIONADAS<\/strong><\/span>                <\/p>\n<article class=\"flex flex-wrap border-b pb-4 mb-3 inline-block\">\n<div class=\"xl:w-2\/12 w-4\/12\">\n<figure class=\"mb-0\">                                                    <a href=\"https:\/\/www.diariolibre.com\/revista\/cine\/2026\/02\/24\/manny-perez-se-estrena-en-el-genero-comedia\/3447776?utm_source=relacionadas&amp;utm_medium=nota&amp;utm_campaign=relacionadas\" title=\"                                                                                                                            \">                                                                <img decoding=\"async\" loading=\"lazy\" src=\"https:\/\/resources.diariolibre.com\/images\/2026\/02\/24\/manny-perez-se-estrena-en-el-genero-comedia-9421267f-focus-0-0-149-99.jpg\" width=\"149\" height=\"99\" title=\"Manny P\u00e9rez se estrena en el g\u00e9nero comedia con La Vida Chueca\" alt=\"Manny P\u00e9rez se estrena en el g\u00e9nero comedia con La Vida Chueca\" class=\"object-cover\">                                                            <\/a>                                            <\/figure>\n<\/p><\/div>\n<div class=\"xl:w-10\/12 w-8\/12 pl-3\">\n<div class=\"text-md mb-2 meta\">                        <a href=\"https:\/\/www.diariolibre.com\/revista\/cine\" title=\"Cine\">Cine<\/a>                    <\/div>\n<h2><a href=\"https:\/\/www.diariolibre.com\/revista\/cine\/2026\/02\/24\/manny-perez-se-estrena-en-el-genero-comedia\/3447776?utm_source=relacionadas&amp;utm_medium=nota&amp;utm_campaign=relacionadas\" title=\"Manny P\u00e9rez se estrena en el g\u00e9nero comedia con La Vida Chueca\">Manny P\u00e9rez se estrena en el g\u00e9nero comedia con \"La Vida Chueca\"<\/a><\/h2>\n<\/p><\/div>\n<\/article><\/div>\n<h2>Aprendizaje junto a <strong>Manny P\u00e9rez<\/strong><\/h2>\n<p>Sobre su <strong>experiencia<\/strong> trabajando directamente con <strong>Manny P\u00e9rez<\/strong>, Lockhart describi\u00f3 el proceso como una verdadera <strong>escuela<\/strong> de formaci\u00f3n art\u00edstica. \u201cUna maravilla, una clase, un <strong>masterclass<\/strong>\u2026 \u00e9l lo hizo con un crew de m\u00e1s de 40 personas, con un presupuesto elevado para una pel\u00edcula grande\u201d, sostuvo la actriz.<\/p>\n<p>Asimismo, indic\u00f3 que considera a P\u00e9rez un <strong>mentor<\/strong> dentro de su carrera y un ejemplo de lo que aspira a lograr en el <strong>cine dominicano<\/strong>. <\/p>\n<p>\u201cLo reconozco como un <strong>mentor<\/strong> para m\u00ed, como un <strong>ejemplo a seguir<\/strong>, porque yo s\u00e9 que para all\u00e1 que yo voy, yo voy a seguir creando, actuando en su mayor\u00eda, pero escribiendo y produciendo pel\u00edculas dominicanas\u201d, afirm\u00f3.<\/p>\n<p>La actriz tambi\u00e9n expres\u00f3 su agradecimiento a los productores <strong>Ram\u00f3n<\/strong> y <strong>Celines Veras<\/strong>, as\u00ed como a la casa productora <strong>Un Chin Media<\/strong>, por la oportunidad de formar parte del proyecto.<\/p>\n<h2>Una <strong>comedia<\/strong> con <strong>mensaje social<\/strong><\/h2>\n<p>Lockhart adelant\u00f3 que <strong>La Vida Chueca<\/strong> ser\u00e1 una <strong>comedia<\/strong> con elementos sociales que invitar\u00e1n al p\u00fablico a <strong>reflexionar<\/strong>. \u201cYo creo que tenemos una pel\u00edcula maravillosa que la gente va a disfrutar mucho, es una <strong>comedia<\/strong>, pero tambi\u00e9n trata temas sociales que van a poner a la gente a <strong>reflexionar<\/strong> un poquito\u201d, se\u00f1al\u00f3.<\/p>\n<p>La actriz asegur\u00f3 sentirse <strong>orgullosa<\/strong> de este proyecto, al considerar que representa un <strong>paso decisivo<\/strong> en su carrera y una oportunidad para demostrar su <strong>talento<\/strong> ante el p\u00fablico dominicano y la di\u00e1spora.<\/p>\n<p>\u200bLa actriz dominicana radicada en Estados Unidos, L\u00eda Lockhart expres\u00f3 haber conseguido uno de los momentos m\u00e1s significativos en su carrera como actriz, y es ser la protagonista de una pel\u00edcula, siendo uno de los personajes principales de la pel\u00edcula La vida chueca\u00a0de Manny P\u00e9rez.Lockhart calific\u00f3 la experiencia de \u201cinspiradora\u201d y de gran aprendizaje trabajar con el actor y director Manny P\u00e9rez. Tambi\u00e9n asegur\u00f3 que trabajar con el mismo represent\u00f3 una experiencia transformadora que fortaleci\u00f3 su crecimiento como int\u00e9rprete.La int\u00e9rprete explic\u00f3 que su v\u00ednculo profesional con P\u00e9rez comenz\u00f3 al tomar un curso de actuaci\u00f3n en Providence, Rhode Island, ciudad donde coincidieron. Seg\u00fan cuenta, esta experiencia le abri\u00f3 la puerta para audicionar posteriormente en el proyecto cinematogr\u00e1fico.\u201cYo envi\u00e9 a Manny 10 audiciones, \u00e9l siempre dec\u00eda, me gusta, me gusta, pero falta algo\u2026 despu\u00e9s me dijo, t\u00fa sabes qu\u00e9 es lo que te falta, la cosa que t\u00fa haces con los personajes tuyos, hazlo tuyo\u201d, relat\u00f3 la actriz sobre el proceso que culmin\u00f3 con su selecci\u00f3n para el papel principal.L\u00eda afirm\u00f3 que luego de insistir y arriesgarse creativamente fue cuando logr\u00f3 la audici\u00f3n definitiva. \u201cA la s\u00e9ptima audici\u00f3n yo dije, yo voy a hacer lo que yo entiendo que tengo que hacer, y yo cambi\u00e9 l\u00edneas, yo met\u00ed vainas, y al final sali\u00f3 la audici\u00f3n que me gan\u00f3 mi primer protag\u00f3nico en La vida chueca\u201d, afirm\u00f3.\u201cLa vida chueca\u201d, fue rodada desde el 8 de marzo hasta el 4 de abril en la ciudad nata de L\u00eda, Santiago de los Caballeros, la cual tiene un significado para la actriz, quien asegur\u00f3 sentirse realizada de volver al lugar donde naci\u00f3 y m\u00e1s para protagonizar su primera pel\u00edcula dominicana.    RELACIONADAS                                                                                                                                                                                                                                                                                                                                                            Cine                                        Manny P\u00e9rez se estrena en el g\u00e9nero comedia con \"La Vida Chueca\"                                    Aprendizaje junto a Manny P\u00e9rezSobre su experiencia trabajando directamente con Manny P\u00e9rez, Lockhart describi\u00f3 el proceso como una verdadera escuela de formaci\u00f3n art\u00edstica. \u201cUna maravilla, una clase, un masterclass\u2026 \u00e9l lo hizo con un crew de m\u00e1s de 40 personas, con un presupuesto elevado para una pel\u00edcula grande\u201d, sostuvo la actriz.Asimismo, indic\u00f3 que considera a P\u00e9rez un mentor dentro de su carrera y un ejemplo de lo que aspira a lograr en el cine dominicano. \u201cLo reconozco como un mentor para m\u00ed, como un ejemplo a seguir, porque yo s\u00e9 que para all\u00e1 que yo voy, yo voy a seguir creando, actuando en su mayor\u00eda, pero escribiendo y produciendo pel\u00edculas dominicanas\u201d, afirm\u00f3.La actriz tambi\u00e9n expres\u00f3 su agradecimiento a los productores Ram\u00f3n y Celines Veras, as\u00ed como a la casa productora Un Chin Media, por la oportunidad de formar parte del proyecto.Una comedia con mensaje socialLockhart adelant\u00f3 que La Vida Chueca ser\u00e1 una comedia con elementos sociales que invitar\u00e1n al p\u00fablico a reflexionar. \u201cYo creo que tenemos una pel\u00edcula maravillosa que la gente va a disfrutar mucho, es una comedia, pero tambi\u00e9n trata temas sociales que van a poner a la gente a reflexionar un poquito\u201d, se\u00f1al\u00f3.La actriz asegur\u00f3 sentirse orgullosa de este proyecto, al considerar que representa un paso decisivo en su carrera y una oportunidad para demostrar su talento ante el p\u00fablico dominicano y la di\u00e1spora.\u00a0\u00a0Revista, Cine, G\u00e9nesis Menc\u00eda, Santo Domingo, L\u00eda Lockhart, La vida chueca pel\u00edcula, Manny P\u00e9rez director, comedia social dominicana, actuaci\u00f3n L\u00eda Lockhart\u00a0<\/p>\n","protected":false},"excerpt":{"rendered":"<p>La actriz dominicana radicada en Estados Unidos, L\u00eda Lockhart expres\u00f3 haber conseguido uno de los momentos m\u00e1s significativos en su carrera como actriz, y es ser la protagonista de una pel\u00edcula, siendo uno de los personajes principales de la pel\u00edcula La vida chueca\u00a0de Manny P\u00e9rez. Lockhart calific\u00f3 la experiencia de \u201cinspiradora\u201d y de gran aprendizaje [&hellip;]<\/p>\n","protected":false},"author":1,"featured_media":19995,"comment_status":"open","ping_status":"open","sticky":false,"template":"","format":"standard","meta":{"amp_status":"","footnotes":""},"categories":[9],"tags":[],"class_list":["post-20509","post","type-post","status-publish","format-standard","has-post-thumbnail","hentry","category-espectaculo"],"_links":{"self":[{"href":"https:\/\/ermdigital.com\/index.php?rest_route=\/wp\/v2\/posts\/20509","targetHints":{"allow":["GET"]}}],"collection":[{"href":"https:\/\/ermdigital.com\/index.php?rest_route=\/wp\/v2\/posts"}],"about":[{"href":"https:\/\/ermdigital.com\/index.php?rest_route=\/wp\/v2\/types\/post"}],"author":[{"embeddable":true,"href":"https:\/\/ermdigital.com\/index.php?rest_route=\/wp\/v2\/users\/1"}],"replies":[{"embeddable":true,"href":"https:\/\/ermdigital.com\/index.php?rest_route=%2Fwp%2Fv2%2Fcomments&post=20509"}],"version-history":[{"count":0,"href":"https:\/\/ermdigital.com\/index.php?rest_route=\/wp\/v2\/posts\/20509\/revisions"}],"wp:featuredmedia":[{"embeddable":true,"href":"https:\/\/ermdigital.com\/index.php?rest_route=\/wp\/v2\/media\/19995"}],"wp:attachment":[{"href":"https:\/\/ermdigital.com\/index.php?rest_route=%2Fwp%2Fv2%2Fmedia&parent=20509"}],"wp:term":[{"taxonomy":"category","embeddable":true,"href":"https:\/\/ermdigital.com\/index.php?rest_route=%2Fwp%2Fv2%2Fcategories&post=20509"},{"taxonomy":"post_tag","embeddable":true,"href":"https:\/\/ermdigital.com\/index.php?rest_route=%2Fwp%2Fv2%2Ftags&post=20509"}],"curies":[{"name":"wp","href":"https:\/\/api.w.org\/{rel}","templated":true}]}}