{"id":20254,"date":"2026-04-19T06:54:00","date_gmt":"2026-04-19T10:54:00","guid":{"rendered":"https:\/\/ermdigital.com\/index.php\/2026\/04\/19\/leila-bekhti-preside-jurado-un-certain-regard-en-cannes\/"},"modified":"2026-04-19T06:54:00","modified_gmt":"2026-04-19T10:54:00","slug":"leila-bekhti-preside-jurado-un-certain-regard-en-cannes","status":"publish","type":"post","link":"https:\/\/ermdigital.com\/?p=20254","title":{"rendered":"Le\u00efla Bekhti preside jurado Un Certain Regard en Cannes"},"content":{"rendered":"<p>La actriz francesa <strong>Le\u00efla Bekhti<\/strong> fue designada presidenta del jurado de la secci\u00f3n <strong>Un Certain Regard<\/strong> de la 79.\u00aa edici\u00f3n del <strong>Festival de Cannes<\/strong>, que ser\u00e1 inaugurado el pr\u00f3ximo 12 de mayo y se extender\u00e1 hasta el 23 del mismo mes en la ciudad francesa.<\/p>\n<p>Bekhti sustituir\u00e1 en el cargo a la cineasta brit\u00e1nica <strong>Molly Manning Walker<\/strong>, quien encabez\u00f3 el jurado en la edici\u00f3n anterior.<\/p>\n<p>La int\u00e9rprete estar\u00e1 acompa\u00f1ada por la productora y directora senegalesa <strong>Ang\u00e8le Diabang<\/strong>, el compositor liban\u00e9s <strong>Khaled Mouzanar<\/strong>, la realizadora italiana <strong>Laura Samani<\/strong> y el director franc\u00e9s <strong>Thomas Cailley<\/strong>.<\/p>\n<h2>Responsabilidad del jurado<\/h2>\n<p>El jurado tendr\u00e1 la responsabilidad de escoger a los ganadores de <strong>Un Certain Regard<\/strong>, una de las secciones oficiales del certamen que destaca propuestas emergentes, cine de autor y nuevas voces del panorama internacional.<\/p>\n<p>En la edici\u00f3n de 2025, el premio principal de esta categor\u00eda fue para el director chileno <strong>Diego C\u00e9spedes<\/strong> con su pel\u00edcula <strong>La misteriosa mirada del flamenco<\/strong>.<\/p>\n<div class=\"w-full pt-2 float-left inside-related\">    <span class=\"border-b border-black pb-3 mb-4 block\"><strong>RELACIONADAS<\/strong><\/span>                <\/p>\n<article class=\"flex flex-wrap border-b pb-4 mb-3 inline-block\">\n<div class=\"xl:w-2\/12 w-4\/12\">\n<figure class=\"mb-0\">                                                    <a href=\"https:\/\/www.diariolibre.com\/revista\/cine\/2026\/04\/09\/peliculas-de-almodovar-en-festival-de-cannes-2026\/3496931?utm_source=relacionadas&amp;utm_medium=nota&amp;utm_campaign=relacionadas\" title=\"                                                                                                                            \">                                                                <img decoding=\"async\" loading=\"lazy\" src=\"https:\/\/resources.diariolibre.com\/images\/2025\/03\/27\/almodovar-d34265c2-focus-min0.02-0.23-149-99.jpg\" width=\"149\" height=\"99\" title=\"Cannes revela su selecci\u00f3n oficial: Almod\u00f3var y Farhadi entre los destacados\" alt=\"Cannes revela su selecci\u00f3n oficial: Almod\u00f3var y Farhadi entre los destacados\" class=\"object-cover\">                                                            <\/a>                                            <\/figure>\n<\/p><\/div>\n<div class=\"xl:w-10\/12 w-8\/12 pl-3\">\n<div class=\"text-md mb-2 meta\">                        <a href=\"https:\/\/www.diariolibre.com\/revista\/cine\" title=\"Cine\">Cine<\/a>                    <\/div>\n<h2><a href=\"https:\/\/www.diariolibre.com\/revista\/cine\/2026\/04\/09\/peliculas-de-almodovar-en-festival-de-cannes-2026\/3496931?utm_source=relacionadas&amp;utm_medium=nota&amp;utm_campaign=relacionadas\" title=\"Cannes revela su selecci\u00f3n oficial: Almod\u00f3var y Farhadi entre los destacados\">Cannes revela su selecci\u00f3n oficial: Almod\u00f3var y Farhadi entre los destacados<\/a><\/h2>\n<\/p><\/div>\n<\/article>\n<article class=\"flex flex-wrap border-b pb-4 mb-3 inline-block\">\n<div class=\"xl:w-2\/12 w-4\/12\">\n<figure class=\"mb-0\">                                                    <a href=\"https:\/\/www.diariolibre.com\/revista\/cine\/2026\/03\/11\/barbra-streisand-palma-de-oro-honorifica-en-festival-de-cannes\/3465325?utm_source=relacionadas&amp;utm_medium=nota&amp;utm_campaign=relacionadas\" title=\"                                                                                                                            \">                                                                <img decoding=\"async\" loading=\"lazy\" src=\"https:\/\/resources.diariolibre.com\/images\/2026\/03\/11\/barbra-streisand-palma-de-oro-honorifica-en-festival-de-cannes-f851cbdf-focus-min0.14-0.28-149-99.jpg\" width=\"149\" height=\"99\" title=\"Barbra Streisand recibir\u00e1 la Palma de Oro honor\u00edfica en el pr\u00f3ximo Festival de Cannes\" alt=\"Barbra Streisand recibir\u00e1 la Palma de Oro honor\u00edfica en el pr\u00f3ximo Festival de Cannes\" class=\"object-cover\">                                                            <\/a>                                            <\/figure>\n<\/p><\/div>\n<div class=\"xl:w-10\/12 w-8\/12 pl-3\">\n<div class=\"text-md mb-2 meta\">                        <a href=\"https:\/\/www.diariolibre.com\/revista\/cine\" title=\"Cine\">Cine<\/a>                    <\/div>\n<h2><a href=\"https:\/\/www.diariolibre.com\/revista\/cine\/2026\/03\/11\/barbra-streisand-palma-de-oro-honorifica-en-festival-de-cannes\/3465325?utm_source=relacionadas&amp;utm_medium=nota&amp;utm_campaign=relacionadas\" title=\"Barbra Streisand recibir\u00e1 la Palma de Oro honor\u00edfica en el pr\u00f3ximo Festival de Cannes\">Barbra Streisand recibir\u00e1 la Palma de Oro honor\u00edfica en el pr\u00f3ximo Festival de Cannes<\/a><\/h2>\n<\/p><\/div>\n<\/article><\/div>\n<h2>Trayectoria de Le\u00efla Bekhti<\/h2>\n<ul>\n<li>Bekhti es una figura habitual del cine <strong>franc\u00e9s<\/strong> y del propio <strong>Festival de Cannes<\/strong>. Alcanz\u00f3 notoriedad internacional con <strong>Un profeta<\/strong> (2009), de <strong>Jacques Audiard<\/strong>, ganadora del Gran Premio del jurado en Cannes.<\/li>\n<li>Posteriormente consolid\u00f3 su carrera con<strong> papeles<\/strong> en producciones como Paris, je t\u2019aime, La fuente de las mujeres, <strong>El gran ba\u00f1o<\/strong> y Los inquietos.<\/li>\n<li>La actriz tambi\u00e9n obtuvo el premio <strong>C\u00e9sar<\/strong> a la mejor actriz revelaci\u00f3n en 2011 por su trabajo en <strong>Tout ce qui brille<\/strong>.<\/li>\n<li>Festival de Cannes 2026<\/li>\n<li>La 79.\u00aa edici\u00f3n del <strong>Festival de Cannes<\/strong> contar\u00e1 adem\u00e1s con el cineasta surcoreano <strong>Park Chan-wook<\/strong> como presidente del jurado oficial de la <strong>Palma de Oro<\/strong>.<\/li>\n<\/ul>\n<p>\u200bLa actriz francesa Le\u00efla Bekhti fue designada presidenta del jurado de la secci\u00f3n Un Certain Regard de la 79.\u00aa edici\u00f3n del Festival de Cannes, que ser\u00e1 inaugurado el pr\u00f3ximo 12 de mayo y se extender\u00e1 hasta el 23 del mismo mes en la ciudad francesa.Bekhti sustituir\u00e1 en el cargo a la cineasta brit\u00e1nica Molly Manning Walker, quien encabez\u00f3 el jurado en la edici\u00f3n anterior.La int\u00e9rprete estar\u00e1 acompa\u00f1ada por la productora y directora senegalesa Ang\u00e8le Diabang, el compositor liban\u00e9s Khaled Mouzanar, la realizadora italiana Laura Samani y el director franc\u00e9s Thomas Cailley.Responsabilidad del juradoEl jurado tendr\u00e1 la responsabilidad de escoger a los ganadores de Un Certain Regard, una de las secciones oficiales del certamen que destaca propuestas emergentes, cine de autor y nuevas voces del panorama internacional.En la edici\u00f3n de 2025, el premio principal de esta categor\u00eda fue para el director chileno Diego C\u00e9spedes con su pel\u00edcula La misteriosa mirada del flamenco.    RELACIONADAS                                                                                                                                                                                                                                                                                                                                                            Cine                                        Cannes revela su selecci\u00f3n oficial: Almod\u00f3var y Farhadi entre los destacados                                                                                                                                                                                                                                                                                                                                                                                            Cine                                        Barbra Streisand recibir\u00e1 la Palma de Oro honor\u00edfica en el pr\u00f3ximo Festival de Cannes                                    Trayectoria de Le\u00efla Bekhti    Bekhti es una figura habitual del cine franc\u00e9s y del propio Festival de Cannes. Alcanz\u00f3 notoriedad internacional con Un profeta (2009), de Jacques Audiard, ganadora del Gran Premio del jurado en Cannes.    Posteriormente consolid\u00f3 su carrera con papeles en producciones como Paris, je t\u2019aime, La fuente de las mujeres, El gran ba\u00f1o y Los inquietos.    La actriz tambi\u00e9n obtuvo el premio C\u00e9sar a la mejor actriz revelaci\u00f3n en 2011 por su trabajo en Tout ce qui brille.    Festival de Cannes 2026    La 79.\u00aa edici\u00f3n del Festival de Cannes contar\u00e1 adem\u00e1s con el cineasta surcoreano Park Chan-wook como presidente del jurado oficial de la Palma de Oro.\u00a0\u00a0Revista, Cine, Diario Libre, Santo Domingo, Le\u00efla Bekhti Cannes, jurado Un Certain Regard, Festival de Cannes 2023, premio Un Certain Regard\u00a0<\/p>\n","protected":false},"excerpt":{"rendered":"<p>La actriz francesa Le\u00efla Bekhti fue designada presidenta del jurado de la secci\u00f3n Un Certain Regard de la 79.\u00aa edici\u00f3n del Festival de Cannes, que ser\u00e1 inaugurado el pr\u00f3ximo 12 de mayo y se extender\u00e1 hasta el 23 del mismo mes en la ciudad francesa. Bekhti sustituir\u00e1 en el cargo a la cineasta brit\u00e1nica Molly [&hellip;]<\/p>\n","protected":false},"author":1,"featured_media":19999,"comment_status":"open","ping_status":"open","sticky":false,"template":"","format":"standard","meta":{"amp_status":"","footnotes":""},"categories":[9],"tags":[],"class_list":["post-20254","post","type-post","status-publish","format-standard","has-post-thumbnail","hentry","category-espectaculo"],"_links":{"self":[{"href":"https:\/\/ermdigital.com\/index.php?rest_route=\/wp\/v2\/posts\/20254","targetHints":{"allow":["GET"]}}],"collection":[{"href":"https:\/\/ermdigital.com\/index.php?rest_route=\/wp\/v2\/posts"}],"about":[{"href":"https:\/\/ermdigital.com\/index.php?rest_route=\/wp\/v2\/types\/post"}],"author":[{"embeddable":true,"href":"https:\/\/ermdigital.com\/index.php?rest_route=\/wp\/v2\/users\/1"}],"replies":[{"embeddable":true,"href":"https:\/\/ermdigital.com\/index.php?rest_route=%2Fwp%2Fv2%2Fcomments&post=20254"}],"version-history":[{"count":0,"href":"https:\/\/ermdigital.com\/index.php?rest_route=\/wp\/v2\/posts\/20254\/revisions"}],"wp:featuredmedia":[{"embeddable":true,"href":"https:\/\/ermdigital.com\/index.php?rest_route=\/wp\/v2\/media\/19999"}],"wp:attachment":[{"href":"https:\/\/ermdigital.com\/index.php?rest_route=%2Fwp%2Fv2%2Fmedia&parent=20254"}],"wp:term":[{"taxonomy":"category","embeddable":true,"href":"https:\/\/ermdigital.com\/index.php?rest_route=%2Fwp%2Fv2%2Fcategories&post=20254"},{"taxonomy":"post_tag","embeddable":true,"href":"https:\/\/ermdigital.com\/index.php?rest_route=%2Fwp%2Fv2%2Ftags&post=20254"}],"curies":[{"name":"wp","href":"https:\/\/api.w.org\/{rel}","templated":true}]}}