{"id":20117,"date":"2026-04-19T06:42:00","date_gmt":"2026-04-19T10:42:00","guid":{"rendered":"https:\/\/ermdigital.com\/index.php\/2026\/04\/19\/festival-de-cortometrajes-kinetiq-presenta-su-primera-edicion\/"},"modified":"2026-04-19T06:42:00","modified_gmt":"2026-04-19T10:42:00","slug":"festival-de-cortometrajes-kinetiq-presenta-su-primera-edicion","status":"publish","type":"post","link":"https:\/\/ermdigital.com\/?p=20117","title":{"rendered":"Festival de Cortometrajes Kinetiq presenta su primera edici\u00f3n"},"content":{"rendered":"<p>El <strong>Festival de Cortometrajes Kinetiq<\/strong> present\u00f3 los detalles de su <strong>primera edici\u00f3n<\/strong>, que se celebrar\u00e1 del 19 al 21 de junio de 2026 en <strong>Casa de Teatro<\/strong>, en la Ciudad Colonial.<\/p>\n<p>El festival, dirigido por <strong>Ta\u00edna Rodr\u00edguez<\/strong>, nace como una <strong>plataforma independiente<\/strong> dedicada a descubrir, premiar y visibilizar el <strong>talento joven<\/strong>, sum\u00e1ndose a una industria cinematogr\u00e1fica dominicana fortalecida, activa y en permanente evoluci\u00f3n.<\/p>\n<p><strong>Kinetiq<\/strong> busca abrir nuevas oportunidades para <strong>realizadores emergentes<\/strong>, promover el cortometraje como punto de encuentro y conectar a cineastas en distintas etapas de su desarrollo con audiencias, instituciones y aliados del sector.<\/p>\n<p>\u201c<strong>Kinetiq<\/strong> representa una <strong>visi\u00f3n clara<\/strong>: crear una <strong>plataforma independiente<\/strong> donde el cortometraje y el <strong>talento joven<\/strong> tengan visibilidad, impulso y proyecci\u00f3n dentro de la industria\u201d, expres\u00f3 Rodr\u00edguez.<\/p>\n<p><\/p>\n<h2>Postulaciones<\/h2>\n<figure class=\"inline-block\">\n<div class=\"expand-img-placeholder\"><img loading=\"lazy\" decoding=\"async\" src=\"https:\/\/resources.diariolibre.com\/images\/expand.svg\" alt=\"Expandir imagen\" width=\"20\" height=\"20\"><span class=\"rutaimagenoriginal-placeholder\">https:\/\/resources.diariolibre.com\/images\/2026\/04\/19\/whatsapp-image-2026-04-19-at-104109-am-1-42bcbaf2.jpeg<\/span><\/div>\n<p><img decoding=\"async\" loading=\"lazy\" src=\"https:\/\/resources.diariolibre.com\/images\/2026\/04\/19\/whatsapp-image-2026-04-19-at-104109-am-1-42bcbaf2.jpeg\" width=\"auto\" height=\"350\" alt=\"Infograf\u00eda\" class=\"mx-auto\"><figcaption><span>Ta\u00edna Rodr\u00edguez, Tanya Valette.<\/span><span> (<strong>FUENTE EXTERNA<\/strong>)<\/span><\/figcaption><\/figure>\n<p>La convocatoria est\u00e1 abierta y dirigida a j\u00f3venes en distintas etapas de su camino creativo: desde quienes est\u00e1n en <strong>formaci\u00f3n<\/strong> hasta quienes ya egresaron y contin\u00faan construyendo una voz propia dentro del audiovisual, as\u00ed como creadores que buscan una <strong>plataforma para mostrar<\/strong> su trabajo y seguir creciendo.<\/p>\n<p>Durante <strong>tres d\u00edas<\/strong>, <strong>Kinetiq<\/strong> desarrollar\u00e1 una programaci\u00f3n concebida para combinar <strong>formaci\u00f3n<\/strong>, <strong>exhibici\u00f3n e intercambio<\/strong>. El festival incluir\u00e1 actividades formativas en las ma\u00f1anas y proyecciones en las tardes-noches, con una propuesta orientada a seguir aportando al fortalecimiento del cine emergente y al di\u00e1logo entre distintas miradas del audiovisual.<\/p>\n<p>Los interesados podr\u00e1n postular sus <strong>obras en las categor\u00edas <\/strong>de:<\/p>\n<ul>\n<li>Cortometraje internacional de ficci\u00f3n<\/li>\n<li>Cortometraje dominicano de ficci\u00f3n, animaci\u00f3n y documental<\/li>\n<li>Cortometraje dominicano de estudiantes de cine y audiovisual<\/li>\n<li>Cortometraje dominicano preuniversitario<\/li>\n<\/ul>\n<p>Durante la actividad, <strong>Tanya Valette<\/strong>, presidenta de <strong>Adecam<\/strong>, destac\u00f3 que \u201ciniciativas como <strong>Kinetiq<\/strong> son fundamentales para el crecimiento del sector audiovisual y generan oportunidades de <strong>formaci\u00f3n<\/strong>, visibilidad y proyecci\u00f3n para los nuevos talentos\u201d.<\/p>\n<p>La edici\u00f3n cuenta con el respaldo de aliados del sector como la Direcci\u00f3n General de Cine (<strong>DGCINE<\/strong>), la Asociaci\u00f3n Dominicana de Escuelas de Cine, Comunicaci\u00f3n Audiovisual y Multimedia (<strong>ADECAM<\/strong>), Larimar Films, <strong>Casa de Teatro<\/strong> y Rufiosa.<\/p>\n<p><\/p>\n<p>\u200bEl Festival de Cortometrajes Kinetiq present\u00f3 los detalles de su primera edici\u00f3n, que se celebrar\u00e1 del 19 al 21 de junio de 2026 en Casa de Teatro, en la Ciudad Colonial.El festival, dirigido por Ta\u00edna Rodr\u00edguez, nace como una plataforma independiente dedicada a descubrir, premiar y visibilizar el talento joven, sum\u00e1ndose a una industria cinematogr\u00e1fica dominicana fortalecida, activa y en permanente evoluci\u00f3n.Kinetiq busca abrir nuevas oportunidades para realizadores emergentes, promover el cortometraje como punto de encuentro y conectar a cineastas en distintas etapas de su desarrollo con audiencias, instituciones y aliados del sector.\u201cKinetiq representa una visi\u00f3n clara: crear una plataforma independiente donde el cortometraje y el talento joven tengan visibilidad, impulso y proyecci\u00f3n dentro de la industria\u201d, expres\u00f3 Rodr\u00edguez.Postulacioneshttps:\/\/resources.diariolibre.com\/images\/2026\/04\/19\/whatsapp-image-2026-04-19-at-104109-am-1-42bcbaf2.jpegTa\u00edna Rodr\u00edguez, Tanya Valette. (FUENTE EXTERNA)La convocatoria est\u00e1 abierta y dirigida a j\u00f3venes en distintas etapas de su camino creativo: desde quienes est\u00e1n en formaci\u00f3n hasta quienes ya egresaron y contin\u00faan construyendo una voz propia dentro del audiovisual, as\u00ed como creadores que buscan una plataforma para mostrar su trabajo y seguir creciendo.Durante tres d\u00edas, Kinetiq desarrollar\u00e1 una programaci\u00f3n concebida para combinar formaci\u00f3n, exhibici\u00f3n e intercambio. El festival incluir\u00e1 actividades formativas en las ma\u00f1anas y proyecciones en las tardes-noches, con una propuesta orientada a seguir aportando al fortalecimiento del cine emergente y al di\u00e1logo entre distintas miradas del audiovisual.Los interesados podr\u00e1n postular sus obras en las categor\u00edas de:    Cortometraje internacional de ficci\u00f3n    Cortometraje dominicano de ficci\u00f3n, animaci\u00f3n y documental    Cortometraje dominicano de estudiantes de cine y audiovisual    Cortometraje dominicano preuniversitarioDurante la actividad, Tanya Valette, presidenta de Adecam, destac\u00f3 que \u201ciniciativas como Kinetiq son fundamentales para el crecimiento del sector audiovisual y generan oportunidades de formaci\u00f3n, visibilidad y proyecci\u00f3n para los nuevos talentos\u201d.La edici\u00f3n cuenta con el respaldo de aliados del sector como la Direcci\u00f3n General de Cine (DGCINE), la Asociaci\u00f3n Dominicana de Escuelas de Cine, Comunicaci\u00f3n Audiovisual y Multimedia (ADECAM), Larimar Films, Casa de Teatro y Rufiosa.\u00a0\u00a0Revista, Cine, Diario Libre, Santo Domingo, Festival de Cortometrajes Kinetiq\u00a0<\/p>\n","protected":false},"excerpt":{"rendered":"<p>El Festival de Cortometrajes Kinetiq present\u00f3 los detalles de su primera edici\u00f3n, que se celebrar\u00e1 del 19 al 21 de junio de 2026 en Casa de Teatro, en la Ciudad Colonial. El festival, dirigido por Ta\u00edna Rodr\u00edguez, nace como una plataforma independiente dedicada a descubrir, premiar y visibilizar el talento joven, sum\u00e1ndose a una industria [&hellip;]<\/p>\n","protected":false},"author":1,"featured_media":20001,"comment_status":"open","ping_status":"open","sticky":false,"template":"","format":"standard","meta":{"amp_status":"","footnotes":""},"categories":[9],"tags":[],"class_list":["post-20117","post","type-post","status-publish","format-standard","has-post-thumbnail","hentry","category-espectaculo"],"_links":{"self":[{"href":"https:\/\/ermdigital.com\/index.php?rest_route=\/wp\/v2\/posts\/20117","targetHints":{"allow":["GET"]}}],"collection":[{"href":"https:\/\/ermdigital.com\/index.php?rest_route=\/wp\/v2\/posts"}],"about":[{"href":"https:\/\/ermdigital.com\/index.php?rest_route=\/wp\/v2\/types\/post"}],"author":[{"embeddable":true,"href":"https:\/\/ermdigital.com\/index.php?rest_route=\/wp\/v2\/users\/1"}],"replies":[{"embeddable":true,"href":"https:\/\/ermdigital.com\/index.php?rest_route=%2Fwp%2Fv2%2Fcomments&post=20117"}],"version-history":[{"count":0,"href":"https:\/\/ermdigital.com\/index.php?rest_route=\/wp\/v2\/posts\/20117\/revisions"}],"wp:featuredmedia":[{"embeddable":true,"href":"https:\/\/ermdigital.com\/index.php?rest_route=\/wp\/v2\/media\/20001"}],"wp:attachment":[{"href":"https:\/\/ermdigital.com\/index.php?rest_route=%2Fwp%2Fv2%2Fmedia&parent=20117"}],"wp:term":[{"taxonomy":"category","embeddable":true,"href":"https:\/\/ermdigital.com\/index.php?rest_route=%2Fwp%2Fv2%2Fcategories&post=20117"},{"taxonomy":"post_tag","embeddable":true,"href":"https:\/\/ermdigital.com\/index.php?rest_route=%2Fwp%2Fv2%2Ftags&post=20117"}],"curies":[{"name":"wp","href":"https:\/\/api.w.org\/{rel}","templated":true}]}}