{"id":19123,"date":"2026-04-16T13:56:00","date_gmt":"2026-04-16T17:56:00","guid":{"rendered":"https:\/\/ermdigital.com\/index.php\/2026\/04\/16\/doctorado-honoris-causa-para-bobby-valentin-en-puerto-rico\/"},"modified":"2026-04-16T13:56:00","modified_gmt":"2026-04-16T17:56:00","slug":"doctorado-honoris-causa-para-bobby-valentin-en-puerto-rico","status":"publish","type":"post","link":"https:\/\/ermdigital.com\/?p=19123","title":{"rendered":"Doctorado honoris causa para Bobby Valent\u00edn en Puerto Rico"},"content":{"rendered":"<p>El m\u00fasico puertorrique\u00f1o <strong><a href=\"https:\/\/bobbyvalentin.com\/\" title=\"Bobby Valent\u00edn\" target=\"_blank\" rel=\"nofollow noopener noreferrer\">Bobby Valent\u00edn<\/a><\/strong>, conocido como 'El rey del bajo', recibi\u00f3 este jueves un <strong>doctorado honoris causa<\/strong> en M\u00fasica de la <strong>Universidad Interamericana de Puerto Rico<\/strong>, un <strong>reconocimiento<\/strong> que destac\u00f3 como el mayor de su carrera que lleva siete d\u00e9cadas.<\/p>\n<p>\"Yo creo que este es el m\u00e1s &#8230; es otra cosa. Y el valor de este por mi trayectoria, entre otras cosas\", dijo emocionado a EFE <strong>Valent\u00edn<\/strong>, de 84 a\u00f1os, a su salida del acto llevado a cabo en el Teatro de la <strong>Universidad Interamericana<\/strong>, en <strong>San Juan<\/strong>.<\/p>\n<p><strong>Valent\u00edn<\/strong> estuvo acompa\u00f1ado de sus familiares y amigos artistas como <strong>Gilberto Santa Rosa<\/strong>, <strong>Willie Rosario<\/strong>, <strong>V\u00edctor Manuelle<\/strong>, Eddie Montalvo, <strong>Luisito Carri\u00f3n<\/strong>, Humberto Ram\u00edrez, entre otros reconocidos m\u00fasicos.<\/p>\n<h2>Celebraci\u00f3n musical en honor a <strong>Valent\u00edn<\/strong><\/h2>\n<p>Profesores y estudiantes del <strong>Programa de M\u00fasica Popular<\/strong> de la Interamericana, entre ellos <strong>Carlos Nev\u00e1rez<\/strong> y <strong>Ricardo Pons<\/strong>, as\u00ed como el cuatrista <strong>Luis Sanz<\/strong> y el cantante <strong>Luisito Carri\u00f3n<\/strong> interpretaron algunos de los \u00e9xitos de <strong>Valent\u00edn<\/strong>, como 'La boda de ella', 'El j\u00edbaro y la naturaleza' y 'Soy boricua'.<\/p>\n<p>Roberto <strong>Valent\u00edn<\/strong> Fred, nombre verdadero del m\u00fasico boricua, fue posteriormente condecorado por el presidente de la <strong>Universidad Interamericana<\/strong>, <strong>Rafael Ram\u00edrez Rivera<\/strong> y su rector, <strong>Alex Casiano<\/strong>.<\/p>\n<p>En su mensaje, <strong>Valent\u00edn<\/strong> record\u00f3 los dif\u00edciles momentos que tuvo cuando peque\u00f1o en <strong>Coamo<\/strong>, en el sur-central de Puerto Rico, donde vendi\u00f3 chicles en el cine del pueblo y limpi\u00f3 zapatos para subsistir.<\/p>\n<p>En 1953, uno de sus maestros le sugiri\u00f3 ingresar a la <strong>academia de m\u00fasica<\/strong>, donde inicialmente se le asign\u00f3 el saxof\u00f3n, pero seis meses despu\u00e9s cambi\u00f3 a la <strong>trompeta<\/strong>.<\/p>\n<div class=\"w-full pt-2 float-left inside-related\">    <span class=\"border-b border-black pb-3 mb-4 block\"><strong>RELACIONADAS<\/strong><\/span>                <\/p>\n<article class=\"flex flex-wrap border-b pb-4 mb-3 inline-block\">\n<div class=\"xl:w-2\/12 w-4\/12\">\n<figure class=\"mb-0\">                                                    <a href=\"https:\/\/www.diariolibre.com\/revista\/cine\/2022\/05\/29\/tom-cruise-y-top-gun-maverick-rompen-record\/1858830?utm_source=relacionadas&amp;utm_medium=nota&amp;utm_campaign=relacionadas\" title=\"                                                                                                                            \">                                                                <img decoding=\"async\" loading=\"lazy\" src=\"https:\/\/resources.diariolibre.com\/images\/2022\/05\/29\/top-gun-maverick-45312e8e-focus-0-0-149-99.jpg\" width=\"149\" height=\"99\" title=\"Tom Cruise y Top Gun: Maverick debutan con m\u00e1s de US$100 millones\" alt=\"Tom Cruise y Top Gun: Maverick debutan con m\u00e1s de US$100 millones\" class=\"object-cover\">                                                            <\/a>                                            <\/figure>\n<\/p><\/div>\n<div class=\"xl:w-10\/12 w-8\/12 pl-3\">\n<div class=\"text-md mb-2 meta\">                        <a href=\"https:\/\/www.diariolibre.com\/revista\/cine\" title=\"Cine\">Cine<\/a>                    <\/div>\n<h2><a href=\"https:\/\/www.diariolibre.com\/revista\/cine\/2022\/05\/29\/tom-cruise-y-top-gun-maverick-rompen-record\/1858830?utm_source=relacionadas&amp;utm_medium=nota&amp;utm_campaign=relacionadas\" title=\"Tom Cruise y Top Gun: Maverick debutan con m\u00e1s de US$100 millones\">Tom Cruise y \"Top Gun: Maverick\" debutan con m\u00e1s de US$100 millones<\/a><\/h2>\n<\/p><\/div>\n<\/article>\n<article class=\"flex flex-wrap border-b pb-4 mb-3 inline-block\">\n<div class=\"xl:w-2\/12 w-4\/12\">\n<figure class=\"mb-0\">                                                    <a href=\"https:\/\/www.diariolibre.com\/usa\/revista\/2022\/03\/21\/top-gun-maverick-invirtio-una-fortuna-en-la-cinta\/1710770?utm_source=relacionadas&amp;utm_medium=nota&amp;utm_campaign=relacionadas\" title=\"                                                                                                                            \">                                                                <img decoding=\"async\" loading=\"lazy\" src=\"https:\/\/resources.diariolibre.com\/images\/2022\/03\/22\/fngcvprwuak52ip-6bcc06da-focus-0-0-149-99.jpg\" width=\"149\" height=\"99\" title=\"Top Gun: Maverick invirti\u00f3 una fortuna en el regreso de Tom Cruise\" alt=\"Top Gun: Maverick invirti\u00f3 una fortuna en el regreso de Tom Cruise\" class=\"object-cover\">                                                            <\/a>                                            <\/figure>\n<\/p><\/div>\n<div class=\"xl:w-10\/12 w-8\/12 pl-3\">\n<div class=\"text-md mb-2 meta\">                        <a href=\"https:\/\/www.diariolibre.com\/usa\/revista\" title=\"Revista\">Revista<\/a>                    <\/div>\n<h2><a href=\"https:\/\/www.diariolibre.com\/usa\/revista\/2022\/03\/21\/top-gun-maverick-invirtio-una-fortuna-en-la-cinta\/1710770?utm_source=relacionadas&amp;utm_medium=nota&amp;utm_campaign=relacionadas\" title=\"Top Gun: Maverick invirti\u00f3 una fortuna en el regreso de Tom Cruise\">Top Gun: Maverick invirti\u00f3 una fortuna en el regreso de Tom Cruise<\/a><\/h2>\n<\/p><\/div>\n<\/article><\/div>\n<h2>Trayectoria musical de <strong>Bobby Valent\u00edn<\/strong><\/h2>\n<p>En busca de mayores oportunidades, emigr\u00f3 a la ciudad de <strong>Nueva York<\/strong> en 1956, donde curs\u00f3 estudios y form\u00f3 parte de la banda escolar de la <strong>George Washington High School<\/strong>, gradu\u00e1ndose en 1959.<\/p>\n<p>\"Yo sent\u00eda que <strong>Dios<\/strong> me guiaba, porque todo me sal\u00eda bien. Eso de 'yo logr\u00e9 todo', mentira. Era el Se\u00f1or que me pon\u00eda todo en el camino para lograr mis cosas\", reflexion\u00f3.<\/p>\n<p>Tras graduarse de escuela superior, empec\u00e9 a tocar con \"guerrillas\", o sea, en diversos <strong>grupos musicales<\/strong>, a los que les pagaban cinco d\u00f3lares por m\u00fasico.<\/p>\n<p>\"A veces \u00edbamos a sitios y el <strong>due\u00f1o<\/strong> nos dec\u00eda que no nos pod\u00eda pagar, pero nos daba <strong>comida<\/strong>\", relat\u00f3 <strong>Valent\u00edn<\/strong>, y los dem\u00e1s m\u00fasicos \"le vaciamos la cocina\".<\/p>\n<p>\"A las <strong>tres de la ma\u00f1ana<\/strong>, el <strong>due\u00f1o<\/strong> nos dec\u00eda que prefer\u00eda pagarnos\", prosigui\u00f3.<\/p>\n<p>Los primeros a\u00f1os profesionales de <strong>Valent\u00edn<\/strong> fueron con los legendarios m\u00fasicos <strong>Joe Quijano<\/strong>, <strong>Charlie Palmieri<\/strong>, <strong>Willie Rosario<\/strong>, conocido como 'Mr. Afinque', <strong>Tito Rodr\u00edguez<\/strong> y <strong>Ray Barretto<\/strong>.<\/p>\n<p>Tras su salida de la agrupaci\u00f3n de Barretto, decidi\u00f3 formar su propia agrupaci\u00f3n, <strong>Bobby Valent\u00edn y su Orquesta<\/strong>, la cual dirige hace <strong>60 a\u00f1os<\/strong> y en la que se destaca como <strong>bajista<\/strong>.<\/p>\n<p>Cuando el <strong>empresario<\/strong> <strong>Jerry Masucci<\/strong>, de <strong>Fania Records<\/strong>, le pidi\u00f3 que le enviara una prueba para grabar un \u00e1lbum, <strong>Valent\u00edn<\/strong> estuvo dos semanas \"sin dormir ni comer\", hasta que logr\u00f3 un contrato por cinco a\u00f1os con el sello.<\/p>\n<p>Poco a poco, <strong>Valent\u00edn<\/strong> se fue destacando como <strong>arreglista<\/strong>, compositor, m\u00fasico y productor de otros discos de <strong>Fania Records<\/strong> y fue incluido en <strong>Las Estrellas de la Fania<\/strong>, considerado el m\u00e1ximo en la historia de la <strong>salsa<\/strong>.<\/p>\n<p>Tras 10 a\u00f1os con <strong>Fania Records<\/strong>, <strong>Valent\u00edn<\/strong> se convirti\u00f3 en <strong>empresario<\/strong>, al tener su propio <strong>sello disquero<\/strong>, <strong>Bronco Records<\/strong>.<\/p>\n<p>\u200bEl m\u00fasico puertorrique\u00f1o Bobby Valent\u00edn, conocido como 'El rey del bajo', recibi\u00f3 este jueves un doctorado honoris causa en M\u00fasica de la Universidad Interamericana de Puerto Rico, un reconocimiento que destac\u00f3 como el mayor de su carrera que lleva siete d\u00e9cadas.\"Yo creo que este es el m\u00e1s &#8230; es otra cosa. Y el valor de este por mi trayectoria, entre otras cosas\", dijo emocionado a EFE Valent\u00edn, de 84 a\u00f1os, a su salida del acto llevado a cabo en el Teatro de la Universidad Interamericana, en San Juan.Valent\u00edn estuvo acompa\u00f1ado de sus familiares y amigos artistas como Gilberto Santa Rosa, Willie Rosario, V\u00edctor Manuelle, Eddie Montalvo, Luisito Carri\u00f3n, Humberto Ram\u00edrez, entre otros reconocidos m\u00fasicos.Celebraci\u00f3n musical en honor a Valent\u00ednProfesores y estudiantes del Programa de M\u00fasica Popular de la Interamericana, entre ellos Carlos Nev\u00e1rez y Ricardo Pons, as\u00ed como el cuatrista Luis Sanz y el cantante Luisito Carri\u00f3n interpretaron algunos de los \u00e9xitos de Valent\u00edn, como 'La boda de ella', 'El j\u00edbaro y la naturaleza' y 'Soy boricua'.Roberto Valent\u00edn Fred, nombre verdadero del m\u00fasico boricua, fue posteriormente condecorado por el presidente de la Universidad Interamericana, Rafael Ram\u00edrez Rivera y su rector, Alex Casiano.En su mensaje, Valent\u00edn record\u00f3 los dif\u00edciles momentos que tuvo cuando peque\u00f1o en Coamo, en el sur-central de Puerto Rico, donde vendi\u00f3 chicles en el cine del pueblo y limpi\u00f3 zapatos para subsistir.En 1953, uno de sus maestros le sugiri\u00f3 ingresar a la academia de m\u00fasica, donde inicialmente se le asign\u00f3 el saxof\u00f3n, pero seis meses despu\u00e9s cambi\u00f3 a la trompeta.    RELACIONADAS                                                                                                                                                                                                                                                                                                                                                            Cine                                        Tom Cruise y \"Top Gun: Maverick\" debutan con m\u00e1s de US$100 millones                                                                                                                                                                                                                                                                                                                                                                                            Revista                                        Top Gun: Maverick invirti\u00f3 una fortuna en el regreso de Tom Cruise                                    Trayectoria musical de Bobby Valent\u00ednEn busca de mayores oportunidades, emigr\u00f3 a la ciudad de Nueva York en 1956, donde curs\u00f3 estudios y form\u00f3 parte de la banda escolar de la George Washington High School, gradu\u00e1ndose en 1959.\"Yo sent\u00eda que Dios me guiaba, porque todo me sal\u00eda bien. Eso de 'yo logr\u00e9 todo', mentira. Era el Se\u00f1or que me pon\u00eda todo en el camino para lograr mis cosas\", reflexion\u00f3.Tras graduarse de escuela superior, empec\u00e9 a tocar con \"guerrillas\", o sea, en diversos grupos musicales, a los que les pagaban cinco d\u00f3lares por m\u00fasico.\"A veces \u00edbamos a sitios y el due\u00f1o nos dec\u00eda que no nos pod\u00eda pagar, pero nos daba comida\", relat\u00f3 Valent\u00edn, y los dem\u00e1s m\u00fasicos \"le vaciamos la cocina\".\"A las tres de la ma\u00f1ana, el due\u00f1o nos dec\u00eda que prefer\u00eda pagarnos\", prosigui\u00f3.Los primeros a\u00f1os profesionales de Valent\u00edn fueron con los legendarios m\u00fasicos Joe Quijano, Charlie Palmieri, Willie Rosario, conocido como 'Mr. Afinque', Tito Rodr\u00edguez y Ray Barretto.Tras su salida de la agrupaci\u00f3n de Barretto, decidi\u00f3 formar su propia agrupaci\u00f3n, Bobby Valent\u00edn y su Orquesta, la cual dirige hace 60 a\u00f1os y en la que se destaca como bajista.Cuando el empresario Jerry Masucci, de Fania Records, le pidi\u00f3 que le enviara una prueba para grabar un \u00e1lbum, Valent\u00edn estuvo dos semanas \"sin dormir ni comer\", hasta que logr\u00f3 un contrato por cinco a\u00f1os con el sello.Poco a poco, Valent\u00edn se fue destacando como arreglista, compositor, m\u00fasico y productor de otros discos de Fania Records y fue incluido en Las Estrellas de la Fania, considerado el m\u00e1ximo en la historia de la salsa.Tras 10 a\u00f1os con Fania Records, Valent\u00edn se convirti\u00f3 en empresario, al tener su propio sello disquero, Bronco Records.\u00a0\u00a0Revista, Cultura, EFE, San Juan, Puerto Rico, Reconocimiento, Bobby Valent\u00edn doctorado honoris causa, m\u00fasico puertorrique\u00f1o Bobby Valent\u00edn, Universidad Interamericana Puerto Rico\u00a0<\/p>\n","protected":false},"excerpt":{"rendered":"<p>El m\u00fasico puertorrique\u00f1o Bobby Valent\u00edn, conocido como 'El rey del bajo', recibi\u00f3 este jueves un doctorado honoris causa en M\u00fasica de la Universidad Interamericana de Puerto Rico, un reconocimiento que destac\u00f3 como el mayor de su carrera que lleva siete d\u00e9cadas. \"Yo creo que este es el m\u00e1s &#8230; es otra cosa. Y el valor [&hellip;]<\/p>\n","protected":false},"author":1,"featured_media":18976,"comment_status":"open","ping_status":"open","sticky":false,"template":"","format":"standard","meta":{"amp_status":"","footnotes":""},"categories":[9],"tags":[],"class_list":["post-19123","post","type-post","status-publish","format-standard","has-post-thumbnail","hentry","category-espectaculo"],"_links":{"self":[{"href":"https:\/\/ermdigital.com\/index.php?rest_route=\/wp\/v2\/posts\/19123","targetHints":{"allow":["GET"]}}],"collection":[{"href":"https:\/\/ermdigital.com\/index.php?rest_route=\/wp\/v2\/posts"}],"about":[{"href":"https:\/\/ermdigital.com\/index.php?rest_route=\/wp\/v2\/types\/post"}],"author":[{"embeddable":true,"href":"https:\/\/ermdigital.com\/index.php?rest_route=\/wp\/v2\/users\/1"}],"replies":[{"embeddable":true,"href":"https:\/\/ermdigital.com\/index.php?rest_route=%2Fwp%2Fv2%2Fcomments&post=19123"}],"version-history":[{"count":0,"href":"https:\/\/ermdigital.com\/index.php?rest_route=\/wp\/v2\/posts\/19123\/revisions"}],"wp:featuredmedia":[{"embeddable":true,"href":"https:\/\/ermdigital.com\/index.php?rest_route=\/wp\/v2\/media\/18976"}],"wp:attachment":[{"href":"https:\/\/ermdigital.com\/index.php?rest_route=%2Fwp%2Fv2%2Fmedia&parent=19123"}],"wp:term":[{"taxonomy":"category","embeddable":true,"href":"https:\/\/ermdigital.com\/index.php?rest_route=%2Fwp%2Fv2%2Fcategories&post=19123"},{"taxonomy":"post_tag","embeddable":true,"href":"https:\/\/ermdigital.com\/index.php?rest_route=%2Fwp%2Fv2%2Ftags&post=19123"}],"curies":[{"name":"wp","href":"https:\/\/api.w.org\/{rel}","templated":true}]}}