{"id":19120,"date":"2026-04-16T15:01:00","date_gmt":"2026-04-16T19:01:00","guid":{"rendered":"https:\/\/ermdigital.com\/index.php\/2026\/04\/16\/premios-el-galardon-celebrara-su-decima-sexta-edicion-en-el-jaragua\/"},"modified":"2026-04-16T15:01:00","modified_gmt":"2026-04-16T19:01:00","slug":"premios-el-galardon-celebrara-su-decima-sexta-edicion-en-el-jaragua","status":"publish","type":"post","link":"https:\/\/ermdigital.com\/?p=19120","title":{"rendered":"Premios El Galard\u00f3n celebrar\u00e1 su d\u00e9cima sexta edici\u00f3n en el Jaragua"},"content":{"rendered":"<p>La ciudad de <strong>Santo Domingo<\/strong> se vestir\u00e1 de gala para recibir la <strong>d\u00e9cima sexta edici\u00f3n<\/strong> de los <strong>Premios El Galard\u00f3n Internacional<\/strong>, un evento que re\u00fane a destacadas figuras de la <strong>m\u00fasica cristiana<\/strong>, comunicadores, l\u00edderes y ministerios de toda <strong>Hispanoam\u00e9rica<\/strong>, con el prop\u00f3sito de reconocer el talento, la fe y la excelencia en diversas \u00e1reas de impacto social y espiritual.<\/p>\n<p>Como parte de esta gran <strong>celebraci\u00f3n<\/strong>, se desarrollar\u00e1 una serie de actividades del <strong>1 al 3 de junio<\/strong>, dise\u00f1adas para <strong>fortalecer la comuni\u00f3n<\/strong>, el reconocimiento y la proyecci\u00f3n del arte y la comunicaci\u00f3n cristiana.<\/p>\n<p>La programaci\u00f3n iniciar\u00e1 el <strong>lunes 1 de junio<\/strong> con un <strong>culto de acci\u00f3n de gracias<\/strong>, a las 7:00 de la noche en la <strong>Iglesia Elohim Central<\/strong>, marcando as\u00ed el inicio oficial de esta significativa jornada.<\/p>\n<p>El <strong>martes 2 de junio<\/strong> se llevar\u00e1 a cabo una <strong>recepci\u00f3n especial<\/strong> para invitados, nominados y colaboradores, junto a un encuentro exclusivo con representantes de los medios de comunicaci\u00f3n, a partir de las 7:00 de la noche en el sal\u00f3n Sol de Oro del <strong>Hotel Jaragua<\/strong>.<\/p>\n<h2>Detalles de la gala<\/h2>\n<figure class=\"inline-block\">\n<div class=\"expand-img-placeholder\"><img loading=\"lazy\" decoding=\"async\" src=\"https:\/\/resources.diariolibre.com\/images\/expand.svg\" alt=\"Expandir imagen\" width=\"20\" height=\"20\"><span class=\"rutaimagenoriginal-placeholder\">https:\/\/resources.diariolibre.com\/images\/2026\/04\/16\/56295ae7-71b1-42a2-8961-c9a997466cf2-70e093de.jpg<\/span><\/div>\n<p><img decoding=\"async\" loading=\"lazy\" src=\"https:\/\/resources.diariolibre.com\/images\/2026\/04\/16\/56295ae7-71b1-42a2-8961-c9a997466cf2-70e093de.jpg\" width=\"auto\" height=\"350\" alt=\"Infograf\u00eda\" class=\"mx-auto\"><figcaption><span>El premio es una de las plataformas de reconocimiento a la m\u00fasica cristiana.<\/span><\/figcaption><\/figure>\n<p>La programaci\u00f3n culminar\u00e1 el <strong>mi\u00e9rcoles 3 de junio<\/strong> con la esperada <strong>ceremonia de premiaci\u00f3n<\/strong>, a celebrarse desde las 3:00 de la tarde en el <strong>Teatro La Fiesta<\/strong> del <strong>Hotel Jaragua<\/strong>. <\/p>\n<ul>\n<li>La jornada incluir\u00e1 la <strong>alfombra roja<\/strong>, la <strong>ceremonia de gala<\/strong> y el <strong>after party concert<\/strong>, con la participaci\u00f3n de destacados exponentes de la <strong>m\u00fasica cristiana<\/strong>, ofreciendo un cierre festivo e inolvidable.<\/li>\n<\/ul>\n<div class=\"w-full pt-2 float-left inside-related\">    <span class=\"border-b border-black pb-3 mb-4 block\"><strong>RELACIONADAS<\/strong><\/span>                <\/p>\n<article class=\"flex flex-wrap border-b pb-4 mb-3 inline-block\">\n<div class=\"xl:w-2\/12 w-4\/12\">\n<figure class=\"mb-0\">                                                    <a href=\"https:\/\/www.diariolibre.com\/revista\/sociales\/2025\/05\/09\/premios-el-galardon-celebra-su-mas-reciente-edicion\/3106036?utm_source=relacionadas&amp;utm_medium=nota&amp;utm_campaign=relacionadas\" title=\"                                                                                                                            \">                                                                <img decoding=\"async\" loading=\"lazy\" src=\"https:\/\/resources.diariolibre.com\/images\/2025\/05\/09\/danny-ramirez--presidente-premios-el-galardon-f6f74240-focus-0-0-149-99.jpg\" width=\"149\" height=\"99\" title=\"Premios El Galard\u00f3n celebra en grande su decimoquinta edici\u00f3n\" alt=\"Premios El Galard\u00f3n celebra en grande su decimoquinta edici\u00f3n\" class=\"object-cover\">                                                            <\/a>                                            <\/figure>\n<\/p><\/div>\n<div class=\"xl:w-10\/12 w-8\/12 pl-3\">\n<div class=\"text-md mb-2 meta\">                        <a href=\"https:\/\/www.diariolibre.com\/revista\/sociales\" title=\"Sociales\">Sociales<\/a>                    <\/div>\n<h2><a href=\"https:\/\/www.diariolibre.com\/revista\/sociales\/2025\/05\/09\/premios-el-galardon-celebra-su-mas-reciente-edicion\/3106036?utm_source=relacionadas&amp;utm_medium=nota&amp;utm_campaign=relacionadas\" title=\"Premios El Galard\u00f3n celebra en grande su decimoquinta edici\u00f3n\">Premios El Galard\u00f3n celebra en grande su decimoquinta edici\u00f3n<\/a><\/h2>\n<\/p><\/div>\n<\/article><\/div>\n<p>A lo largo de sus ediciones, <strong>Premios El Galard\u00f3n Internacional<\/strong> se ha consolidado como una de las <strong>plataformas de reconocimiento<\/strong> m\u00e1s importantes del \u00e1mbito cristiano en <strong>Hispanoam\u00e9rica<\/strong>, destacando el trabajo de artistas, comunicadores, ministerios e iniciativas que promueven valores de fe, servicio y excelencia.<\/p>\n<p>Las entradas ya est\u00e1n disponibles a trav\u00e9s de la plataforma <strong>BoletosExpress.com<\/strong>. Para m\u00e1s informaci\u00f3n, los interesados pueden contactar a la organizaci\u00f3n del evento a trav\u00e9s de sus <strong>redes sociales<\/strong> y correo oficial. Para m\u00e1s informaci\u00f3n escribir al WhatsApp: 809-869-1675.<\/p>\n<p>\u200bLa ciudad de Santo Domingo se vestir\u00e1 de gala para recibir la d\u00e9cima sexta edici\u00f3n de los Premios El Galard\u00f3n Internacional, un evento que re\u00fane a destacadas figuras de la m\u00fasica cristiana, comunicadores, l\u00edderes y ministerios de toda Hispanoam\u00e9rica, con el prop\u00f3sito de reconocer el talento, la fe y la excelencia en diversas \u00e1reas de impacto social y espiritual.Como parte de esta gran celebraci\u00f3n, se desarrollar\u00e1 una serie de actividades del 1 al 3 de junio, dise\u00f1adas para fortalecer la comuni\u00f3n, el reconocimiento y la proyecci\u00f3n del arte y la comunicaci\u00f3n cristiana.La programaci\u00f3n iniciar\u00e1 el lunes 1 de junio con un culto de acci\u00f3n de gracias, a las 7:00 de la noche en la Iglesia Elohim Central, marcando as\u00ed el inicio oficial de esta significativa jornada.El martes 2 de junio se llevar\u00e1 a cabo una recepci\u00f3n especial para invitados, nominados y colaboradores, junto a un encuentro exclusivo con representantes de los medios de comunicaci\u00f3n, a partir de las 7:00 de la noche en el sal\u00f3n Sol de Oro del Hotel Jaragua.Detalles de la galahttps:\/\/resources.diariolibre.com\/images\/2026\/04\/16\/56295ae7-71b1-42a2-8961-c9a997466cf2-70e093de.jpgEl premio es una de las plataformas de reconocimiento a la m\u00fasica cristiana.La programaci\u00f3n culminar\u00e1 el mi\u00e9rcoles 3 de junio con la esperada ceremonia de premiaci\u00f3n, a celebrarse desde las 3:00 de la tarde en el Teatro La Fiesta del Hotel Jaragua.     La jornada incluir\u00e1 la alfombra roja, la ceremonia de gala y el after party concert, con la participaci\u00f3n de destacados exponentes de la m\u00fasica cristiana, ofreciendo un cierre festivo e inolvidable.    RELACIONADAS                                                                                                                                                                                                                                                                                                                                                            Sociales                                        Premios El Galard\u00f3n celebra en grande su decimoquinta edici\u00f3n                                    A lo largo de sus ediciones, Premios El Galard\u00f3n Internacional se ha consolidado como una de las plataformas de reconocimiento m\u00e1s importantes del \u00e1mbito cristiano en Hispanoam\u00e9rica, destacando el trabajo de artistas, comunicadores, ministerios e iniciativas que promueven valores de fe, servicio y excelencia.Las entradas ya est\u00e1n disponibles a trav\u00e9s de la plataforma BoletosExpress.com. Para m\u00e1s informaci\u00f3n, los interesados pueden contactar a la organizaci\u00f3n del evento a trav\u00e9s de sus redes sociales y correo oficial. Para m\u00e1s informaci\u00f3n escribir al WhatsApp: 809-869-1675.\u00a0\u00a0Revista, M\u00fasica, Diario Libre, Santo Domingo, M\u00fasica cristiana, Premios El Galard\u00f3n, edici\u00f3n\u00a0<\/p>\n","protected":false},"excerpt":{"rendered":"<p>La ciudad de Santo Domingo se vestir\u00e1 de gala para recibir la d\u00e9cima sexta edici\u00f3n de los Premios El Galard\u00f3n Internacional, un evento que re\u00fane a destacadas figuras de la m\u00fasica cristiana, comunicadores, l\u00edderes y ministerios de toda Hispanoam\u00e9rica, con el prop\u00f3sito de reconocer el talento, la fe y la excelencia en diversas \u00e1reas de [&hellip;]<\/p>\n","protected":false},"author":1,"featured_media":19037,"comment_status":"open","ping_status":"open","sticky":false,"template":"","format":"standard","meta":{"amp_status":"","footnotes":""},"categories":[9],"tags":[],"class_list":["post-19120","post","type-post","status-publish","format-standard","has-post-thumbnail","hentry","category-espectaculo"],"_links":{"self":[{"href":"https:\/\/ermdigital.com\/index.php?rest_route=\/wp\/v2\/posts\/19120","targetHints":{"allow":["GET"]}}],"collection":[{"href":"https:\/\/ermdigital.com\/index.php?rest_route=\/wp\/v2\/posts"}],"about":[{"href":"https:\/\/ermdigital.com\/index.php?rest_route=\/wp\/v2\/types\/post"}],"author":[{"embeddable":true,"href":"https:\/\/ermdigital.com\/index.php?rest_route=\/wp\/v2\/users\/1"}],"replies":[{"embeddable":true,"href":"https:\/\/ermdigital.com\/index.php?rest_route=%2Fwp%2Fv2%2Fcomments&post=19120"}],"version-history":[{"count":0,"href":"https:\/\/ermdigital.com\/index.php?rest_route=\/wp\/v2\/posts\/19120\/revisions"}],"wp:featuredmedia":[{"embeddable":true,"href":"https:\/\/ermdigital.com\/index.php?rest_route=\/wp\/v2\/media\/19037"}],"wp:attachment":[{"href":"https:\/\/ermdigital.com\/index.php?rest_route=%2Fwp%2Fv2%2Fmedia&parent=19120"}],"wp:term":[{"taxonomy":"category","embeddable":true,"href":"https:\/\/ermdigital.com\/index.php?rest_route=%2Fwp%2Fv2%2Fcategories&post=19120"},{"taxonomy":"post_tag","embeddable":true,"href":"https:\/\/ermdigital.com\/index.php?rest_route=%2Fwp%2Fv2%2Ftags&post=19120"}],"curies":[{"name":"wp","href":"https:\/\/api.w.org\/{rel}","templated":true}]}}