{"id":19045,"date":"2026-04-16T12:26:00","date_gmt":"2026-04-16T16:26:00","guid":{"rendered":"https:\/\/ermdigital.com\/index.php\/2026\/04\/16\/programa-de-tv-el-pueblo-cuestiona-inicia-nueva-temporada\/"},"modified":"2026-04-16T12:26:00","modified_gmt":"2026-04-16T16:26:00","slug":"programa-de-tv-el-pueblo-cuestiona-inicia-nueva-temporada","status":"publish","type":"post","link":"https:\/\/ermdigital.com\/?p=19045","title":{"rendered":"Programa de TV \"El pueblo cuestiona\" inicia nueva temporada"},"content":{"rendered":"<p>Despu\u00e9s de casi seis d\u00e9cadas al aire, \u201c<strong>El pueblo cuestiona<\/strong>\u201d abre un <strong>nuevo cap\u00edtulo<\/strong> en su historia. <\/p>\n<p>El <strong>programa de entrevistas<\/strong>, que se ha consolidado como uno de los espacios m\u00e1s longevos de la <strong>televisi\u00f3n dominicana<\/strong>, regresa este domingo 19 de abril de 2026 a las 8:00 pm por Santo Domingo TV (Canal 69 UHF \/ Canal 24 en cable), con una propuesta que combina continuidad y evoluci\u00f3n.<\/p>\n<p>Fundado el 1 de diciembre de 1969 por el periodista <strong>Ercilio Veloz Burgos<\/strong>, el espacio no solo ha sido testigo de la <strong>transformaci\u00f3n pol\u00edtica<\/strong> y social del pa\u00eds, sino tambi\u00e9n protagonista activo del debate p\u00fablico.<\/p>\n<div class=\"social-embed mb-4\">\n<div class=\"placeholderYoutube\"><\/div>\n<\/div>\n<p>A lo largo de los a\u00f1os, ha logrado entrevistar a todos los presidentes de la Rep\u00fablica desde la <strong>d\u00e9cada de los sesenta<\/strong>, consolidando su lugar como referencia obligada del <strong>periodismo televisivo nacional<\/strong>.<\/p>\n<h2>Reinventarse para las <strong>nuevas audiencias<\/strong><\/h2>\n<p>En esta <strong>nueva etapa<\/strong>, el programa ampl\u00eda su din\u00e1mica con la incorporaci\u00f3n de dos nuevas voces: <strong>Diana Veloz<\/strong>, locutora y nieta del fundador, y el periodista y columnista <strong>Miguel Pineda L\u00f3pez<\/strong>, quien aporta m\u00e1s de cuatro d\u00e9cadas de experiencia en los medios. <\/p>\n<p>Juntos, buscan enriquecer el an\u00e1lisis y conectar con <strong>nuevas audiencias<\/strong>, sin perder el <strong>car\u00e1cter cr\u00edtico<\/strong> que ha definido al espacio.<\/p>\n<p>Asimismo, la producci\u00f3n apuesta por una evoluci\u00f3n en el formato. A las <strong>entrevistas de profundidad<\/strong> -sello distintivo del programa- se suman segmentos m\u00e1s breves pensados para plataformas digitales, acompa\u00f1ados de una escenograf\u00eda renovada y una estructura narrativa m\u00e1s \u00e1gil, dise\u00f1ada para dialogar con los h\u00e1bitos contempor\u00e1neos de consumo.<\/p>\n<p>Este relanzamiento no puede entenderse sin su <strong>contexto hist\u00f3rico<\/strong>. Desde sus inicios, \u201c<strong>El pueblo cuestiona<\/strong>\u201d surgi\u00f3 en una televisi\u00f3n con escasos espacios de <strong>debate abierto<\/strong>, marcando un precedente al salir del estudio para abordar <strong>realidades sociales<\/strong> directamente en las comunidades. <\/p>\n<p>Su <strong>estilo participativo<\/strong>, inmortalizado en la frase \u201c<strong>Pregunta un amigo televidente<\/strong>\u201d, trascendi\u00f3 la pantalla para instalarse en el <strong>imaginario colectivo<\/strong> dominicano.<\/p>\n<p>\u201cEn 57 a\u00f1os hemos cre\u00eddo en el <strong>valor de la palabra<\/strong> y en la responsabilidad de escuchar al pueblo. Esta <strong>nueva etapa<\/strong> representa continuidad, renovaci\u00f3n y <strong>compromiso con la verdad<\/strong>\u201d, expres\u00f3 <strong>Veloz Burgos<\/strong>, reafirmando la esencia del programa.<\/p>\n<p>Por su parte, <strong>Miguel Pineda L\u00f3pez<\/strong> subray\u00f3 la importancia del equilibrio entre tradici\u00f3n e innovaci\u00f3n: \u201cComo planteaba <strong>Jos\u00e9 Francisco Pe\u00f1a G\u00f3mez<\/strong>, se trata de combinar lo mejor de lo nuevo con lo mejor de lo viejo\u201d. <\/p>\n<p>En esa misma l\u00ednea, <strong>Diana Veloz<\/strong> asume el reto con una <strong>mirada generacional<\/strong>: \u201cMi objetivo es conectar el programa con una nueva generaci\u00f3n sin perder lo que lo hace relevante\u201d.<\/p>\n<p>Con presencia tambi\u00e9n en <strong>YouTube e Instagram<\/strong> (<strong>@elpueblocuestiona<\/strong>), donde su contenido estar\u00e1 disponible de forma continua, el programa se proyecta m\u00e1s all\u00e1 de la televisi\u00f3n tradicional.<\/p>\n<div class=\"read-more mb-7\">    <span class=\"block mb-2\">Leer m\u00e1s<\/span>    <\/p>\n<ul class=\"glosa\">\n<li>\n<h3><a href=\"https:\/\/www.diariolibre.com\/revista\/cultura\/2024\/08\/20\/programa-en-troya-tv-historia-y-cultura\/2824893?utm_source=relacionadas&amp;utm_medium=nota&amp;utm_campaign=relacionadas\" title=\"Anuncian el lanzamiento de En Troya TV, programa de temas hist\u00f3ricos y culturales\">Anuncian el lanzamiento de En Troya TV, programa de temas hist\u00f3ricos y culturales<\/a><\/h3>\n<\/li>\n<li>\n<h3><a href=\"https:\/\/www.diariolibre.com\/revista\/cultura\/2024\/06\/11\/entretenimiento-televisivo-familiar\/2750296?utm_source=relacionadas&amp;utm_medium=nota&amp;utm_campaign=relacionadas\" title=\"Importancia de los programas de televisi\u00f3n familiares\">Importancia de los programas de televisi\u00f3n familiares<\/a><\/h3>\n<\/li>\n<\/ul>\n<\/div>\n<p>\u200bDespu\u00e9s de casi seis d\u00e9cadas al aire, \u201cEl pueblo cuestiona\u201d abre un nuevo cap\u00edtulo en su historia. El programa de entrevistas, que se ha consolidado como uno de los espacios m\u00e1s longevos de la televisi\u00f3n dominicana, regresa este domingo 19 de abril de 2026 a las 8:00 pm por Santo Domingo TV (Canal 69 UHF \/ Canal 24 en cable), con una propuesta que combina continuidad y evoluci\u00f3n.Fundado el 1 de diciembre de 1969 por el periodista Ercilio Veloz Burgos, el espacio no solo ha sido testigo de la transformaci\u00f3n pol\u00edtica y social del pa\u00eds, sino tambi\u00e9n protagonista activo del debate p\u00fablico.A lo largo de los a\u00f1os, ha logrado entrevistar a todos los presidentes de la Rep\u00fablica desde la d\u00e9cada de los sesenta, consolidando su lugar como referencia obligada del periodismo televisivo nacional.Reinventarse para las nuevas audienciasEn esta nueva etapa, el programa ampl\u00eda su din\u00e1mica con la incorporaci\u00f3n de dos nuevas voces: Diana Veloz, locutora y nieta del fundador, y el periodista y columnista Miguel Pineda L\u00f3pez, quien aporta m\u00e1s de cuatro d\u00e9cadas de experiencia en los medios. Juntos, buscan enriquecer el an\u00e1lisis y conectar con nuevas audiencias, sin perder el car\u00e1cter cr\u00edtico que ha definido al espacio.Asimismo, la producci\u00f3n apuesta por una evoluci\u00f3n en el formato. A las entrevistas de profundidad -sello distintivo del programa- se suman segmentos m\u00e1s breves pensados para plataformas digitales, acompa\u00f1ados de una escenograf\u00eda renovada y una estructura narrativa m\u00e1s \u00e1gil, dise\u00f1ada para dialogar con los h\u00e1bitos contempor\u00e1neos de consumo.Este relanzamiento no puede entenderse sin su contexto hist\u00f3rico. Desde sus inicios, \u201cEl pueblo cuestiona\u201d surgi\u00f3 en una televisi\u00f3n con escasos espacios de debate abierto, marcando un precedente al salir del estudio para abordar realidades sociales directamente en las comunidades. Su estilo participativo, inmortalizado en la frase \u201cPregunta un amigo televidente\u201d, trascendi\u00f3 la pantalla para instalarse en el imaginario colectivo dominicano.\u201cEn 57 a\u00f1os hemos cre\u00eddo en el valor de la palabra y en la responsabilidad de escuchar al pueblo. Esta nueva etapa representa continuidad, renovaci\u00f3n y compromiso con la verdad\u201d, expres\u00f3 Veloz Burgos, reafirmando la esencia del programa.Por su parte, Miguel Pineda L\u00f3pez subray\u00f3 la importancia del equilibrio entre tradici\u00f3n e innovaci\u00f3n: \u201cComo planteaba Jos\u00e9 Francisco Pe\u00f1a G\u00f3mez, se trata de combinar lo mejor de lo nuevo con lo mejor de lo viejo\u201d. En esa misma l\u00ednea, Diana Veloz asume el reto con una mirada generacional: \u201cMi objetivo es conectar el programa con una nueva generaci\u00f3n sin perder lo que lo hace relevante\u201d.Con presencia tambi\u00e9n en YouTube e Instagram (@elpueblocuestiona), donde su contenido estar\u00e1 disponible de forma continua, el programa se proyecta m\u00e1s all\u00e1 de la televisi\u00f3n tradicional.    Leer m\u00e1s                            Anuncian el lanzamiento de En Troya TV, programa de temas hist\u00f3ricos y culturales                            Importancia de los programas de televisi\u00f3n familiares\u00a0\u00a0Revista, Cultura, Diario Libre, Santo Domingo, Nueva Temporada, Programa de televisi\u00f3n, El pueblo cuestiona\u00a0<\/p>\n","protected":false},"excerpt":{"rendered":"<p>Despu\u00e9s de casi seis d\u00e9cadas al aire, \u201cEl pueblo cuestiona\u201d abre un nuevo cap\u00edtulo en su historia. El programa de entrevistas, que se ha consolidado como uno de los espacios m\u00e1s longevos de la televisi\u00f3n dominicana, regresa este domingo 19 de abril de 2026 a las 8:00 pm por Santo Domingo TV (Canal 69 UHF [&hellip;]<\/p>\n","protected":false},"author":1,"featured_media":18936,"comment_status":"open","ping_status":"open","sticky":false,"template":"","format":"standard","meta":{"amp_status":"","footnotes":""},"categories":[9],"tags":[],"class_list":["post-19045","post","type-post","status-publish","format-standard","has-post-thumbnail","hentry","category-espectaculo"],"_links":{"self":[{"href":"https:\/\/ermdigital.com\/index.php?rest_route=\/wp\/v2\/posts\/19045","targetHints":{"allow":["GET"]}}],"collection":[{"href":"https:\/\/ermdigital.com\/index.php?rest_route=\/wp\/v2\/posts"}],"about":[{"href":"https:\/\/ermdigital.com\/index.php?rest_route=\/wp\/v2\/types\/post"}],"author":[{"embeddable":true,"href":"https:\/\/ermdigital.com\/index.php?rest_route=\/wp\/v2\/users\/1"}],"replies":[{"embeddable":true,"href":"https:\/\/ermdigital.com\/index.php?rest_route=%2Fwp%2Fv2%2Fcomments&post=19045"}],"version-history":[{"count":0,"href":"https:\/\/ermdigital.com\/index.php?rest_route=\/wp\/v2\/posts\/19045\/revisions"}],"wp:featuredmedia":[{"embeddable":true,"href":"https:\/\/ermdigital.com\/index.php?rest_route=\/wp\/v2\/media\/18936"}],"wp:attachment":[{"href":"https:\/\/ermdigital.com\/index.php?rest_route=%2Fwp%2Fv2%2Fmedia&parent=19045"}],"wp:term":[{"taxonomy":"category","embeddable":true,"href":"https:\/\/ermdigital.com\/index.php?rest_route=%2Fwp%2Fv2%2Fcategories&post=19045"},{"taxonomy":"post_tag","embeddable":true,"href":"https:\/\/ermdigital.com\/index.php?rest_route=%2Fwp%2Fv2%2Ftags&post=19045"}],"curies":[{"name":"wp","href":"https:\/\/api.w.org\/{rel}","templated":true}]}}