{"id":17185,"date":"2026-04-13T16:22:10","date_gmt":"2026-04-13T20:22:10","guid":{"rendered":"https:\/\/ermdigital.com\/index.php\/2026\/04\/13\/slavko-vincic-arbitrara-el-bayern-munich-real-madrid\/"},"modified":"2026-04-13T16:22:10","modified_gmt":"2026-04-13T20:22:10","slug":"slavko-vincic-arbitrara-el-bayern-munich-real-madrid","status":"publish","type":"post","link":"https:\/\/ermdigital.com\/?p=17185","title":{"rendered":"Slavko Vincic arbitrar\u00e1 el Bayern M\u00fanich-Real Madrid"},"content":{"rendered":"<p>\u00a0\u00a0<\/p>\n<p>El <strong>\u00e1rbitro esloveno Slavko Vincic<\/strong> dirigir\u00e1 el pr\u00f3ximo mi\u00e9rcoles el <strong>partido de vuelta<\/strong> de los cuartos de final de la Liga de Campeones <strong>Bayern M\u00fanich-Real Madrid<\/strong> (21.00h.), en el que el neeerland\u00e9s Pol van Boekel estar\u00e1 al frente del VAR.<\/p>\n<p>El <strong>equipo arbitral<\/strong> en el <strong>M\u00fanich Arena<\/strong> lo completar\u00e1n los eslovenos Toma\u017e Klancnik y Andra\u017e Kovacic como asistentes y Toma\u017e Klancnik como cuarto \u00e1rbitro, junto al neerland\u00e9s Dennis Higler como ayudante del VAR, seg\u00fan confirm\u00f3 la UEFA.<\/p>\n<p><strong>Nacido en Maribor<\/strong> hace 46 a\u00f1os e internacional desde 2010, <strong>Slavko Vincic<\/strong> es uno de los \u00e1rbitros seleccionados por la FIFA para el pr\u00f3ximo Mundial y tambi\u00e9n particip\u00f3 el a\u00f1o pasado en el Mundial de Clubes.<\/p>\n<p>Hasta la fecha ha <strong>arbitrado cuatro veces<\/strong> al <strong>conjunto blanco<\/strong>, con el resultado de <strong>tres victorias<\/strong> y una derrota.\u00a0<\/p>\n<p>La primera vez fue en la final de la temporada 2023-2024 en la que el <strong>Real Madrid<\/strong> conquist\u00f3 su \u00faltimo t\u00edtulo, el decimoquinto, frente al <strong>Borussia Dortmund<\/strong> (0-2) y la <strong>campa\u00f1a siguiente<\/strong> lo arbitr\u00f3 en la cuarta jornada de la <strong>fase de grupos<\/strong> en el <strong>Santiago Bernab\u00e9u<\/strong>, donde perdi\u00f3 ante el Milan (1-3).<\/p>\n<p>Esta campa\u00f1a le ha pitado dos veces, en la <strong>tercera jornada<\/strong> de la <strong>fase de grupos<\/strong> ante el Juventus (1-0) y en la vuelta de dieciseisavos de final tambi\u00e9n en el Bernab\u00e9u contra el Benfica (2-1).<\/p>\n<p>Con el <strong>Bayern M\u00fanich<\/strong> ha coincidido en <strong>cinco partidos<\/strong>, dos de ellos resueltos con victoria del equipo alem\u00e1n, otros dos con empate y uno con derrota.<\/p>\n<p>Su primer encuentro fue en la vuelta de los cuartos de final de la <strong>temporada 2021-2022<\/strong> en su estadio contra el <strong>Villarreal<\/strong> (1-1); el siguiente en la vuelta de los octavos de final de la campa\u00f1a 2023-2024 con victoria sobre el Lazio (3-0) y posteriormente en la <strong>tercera jornada<\/strong> de la <strong>fase de grupos<\/strong> de la 2024-2025, en la que perdi\u00f3 en el campo del Barcelona (4-1).<\/p>\n<div class=\"w-full pt-2 float-left inside-related\"><strong>RELACIONADAS<\/strong><\/p>\n<article class=\"flex flex-wrap border-b pb-4 mb-3 inline-block\">\n<div class=\"xl:w-2\/12 w-4\/12\">\n<figure class=\"mb-0\"><img loading=\"lazy\" decoding=\"async\" src=\"https:\/\/resources.diariolibre.com\/images\/2025\/05\/30\/ap25150653778503-dd6c034f-focus-0-0-149-99.jpg\" width=\"149\" height=\"99\" title=\"La final de la Champions expone los lazos de Al-Khela\u00effi con el PSG, UEFA, beIN y Qatar\" alt=\"La final de la Champions expone los lazos de Al-Khela\u00effi con el PSG, UEFA, beIN y Qatar\" class=\"object-cover\" \/><\/figure>\n<\/div>\n<\/article>\n<article class=\"flex flex-wrap border-b pb-4 mb-3 inline-block\">\n<div class=\"xl:w-2\/12 w-4\/12\">\n<figure class=\"mb-0\"><img loading=\"lazy\" decoding=\"async\" src=\"https:\/\/resources.diariolibre.com\/images\/2025\/05\/30\/ap25150440637064-0ee7b4fb-focus-0.15-0.13-149-99.jpg\" width=\"149\" height=\"99\" title=\"El t\u00edtulo de la Champions ha sido esquivo para el PSG. Eso podr\u00eda estar por cambiar\" alt=\"El t\u00edtulo de la Champions ha sido esquivo para el PSG. Eso podr\u00eda estar por cambiar\" class=\"object-cover\" \/><\/figure>\n<\/div>\n<\/article>\n<article class=\"flex flex-wrap border-b pb-4 mb-3 inline-block\">\n<div class=\"xl:w-2\/12 w-4\/12\">\n<figure class=\"mb-0\"><img loading=\"lazy\" decoding=\"async\" src=\"https:\/\/resources.diariolibre.com\/images\/2026\/04\/03\/uefa-champions-bayern-munich-barcelona-y-arsenal-lyon-49161914-focus-0.26-0.3-149-99.jpg\" width=\"149\" height=\"99\" title=\"Bayern M\u00fanich-Barcelona y Arsenal-Lyon, las semifinales de la Champions femenina\" alt=\"Bayern M\u00fanich-Barcelona y Arsenal-Lyon, las semifinales de la Champions femenina\" class=\"object-cover\" \/><\/figure>\n<\/div>\n<\/article>\n<\/div>\n<p>Sus dos \u00faltimas coincidencias fueron tambi\u00e9n en la <strong>campa\u00f1a 2024-2025<\/strong>, en la vuelta de los octavos de final en el <strong>campo del Leverkusen<\/strong> (0-2) y posteriormente en la vuelta de cuartos de final en el campo del Inter (2-2). <\/p>\n<div class=\"border-t border-b py-2 my-5 tags-container\"><strong>TEMAS &#8211; <\/strong><\/p>\n<ul>\n<li>\n<div class=\"inline-block border p-2 rounded-full align-middle\">\n<p><a href=\"https:\/\/www.diariolibre.com\/tags\/bayern-munich-real-madrid\/371192\" title=\"Bayern M\u00fanich-Real Madrid\">Bayern M\u00fanich-Real Madrid<\/a><\/p>\n<\/div>\n<\/li>\n<li>\n<div class=\"inline-block border p-2 rounded-full align-middle\">\n<p><a href=\"https:\/\/www.diariolibre.com\/tags\/uefa-champions\/74429\" title=\"UEFA Champions\">UEFA Champions<\/a><\/p>\n<\/div>\n<\/li>\n<li>\n<div class=\"inline-block border p-2 rounded-full align-middle\">\n<p><a href=\"https:\/\/www.diariolibre.com\/tags\/slavok-vincic\/371193\" title=\"Slavok Vincic\">Slavok Vincic<\/a><\/p>\n<\/div>\n<\/li>\n<\/ul>\n<\/div>\n<p>\u00a0<\/p>\n","protected":false},"excerpt":{"rendered":"<p>\u00a0\u00a0 El \u00e1rbitro esloveno Slavko Vincic dirigir\u00e1 el pr\u00f3ximo mi\u00e9rcoles el partido de vuelta de los cuartos de final de la Liga de Campeones Bayern M\u00fanich-Real Madrid (21.00h.), en el que el neeerland\u00e9s Pol van Boekel estar\u00e1 al frente del VAR. El equipo arbitral en el M\u00fanich Arena lo completar\u00e1n los eslovenos Toma\u017e Klancnik y [&hellip;]<\/p>\n","protected":false},"author":1,"featured_media":17118,"comment_status":"open","ping_status":"open","sticky":false,"template":"","format":"standard","meta":{"amp_status":"","footnotes":""},"categories":[4],"tags":[],"class_list":["post-17185","post","type-post","status-publish","format-standard","has-post-thumbnail","hentry","category-deportes"],"_links":{"self":[{"href":"https:\/\/ermdigital.com\/index.php?rest_route=\/wp\/v2\/posts\/17185","targetHints":{"allow":["GET"]}}],"collection":[{"href":"https:\/\/ermdigital.com\/index.php?rest_route=\/wp\/v2\/posts"}],"about":[{"href":"https:\/\/ermdigital.com\/index.php?rest_route=\/wp\/v2\/types\/post"}],"author":[{"embeddable":true,"href":"https:\/\/ermdigital.com\/index.php?rest_route=\/wp\/v2\/users\/1"}],"replies":[{"embeddable":true,"href":"https:\/\/ermdigital.com\/index.php?rest_route=%2Fwp%2Fv2%2Fcomments&post=17185"}],"version-history":[{"count":0,"href":"https:\/\/ermdigital.com\/index.php?rest_route=\/wp\/v2\/posts\/17185\/revisions"}],"wp:featuredmedia":[{"embeddable":true,"href":"https:\/\/ermdigital.com\/index.php?rest_route=\/wp\/v2\/media\/17118"}],"wp:attachment":[{"href":"https:\/\/ermdigital.com\/index.php?rest_route=%2Fwp%2Fv2%2Fmedia&parent=17185"}],"wp:term":[{"taxonomy":"category","embeddable":true,"href":"https:\/\/ermdigital.com\/index.php?rest_route=%2Fwp%2Fv2%2Fcategories&post=17185"},{"taxonomy":"post_tag","embeddable":true,"href":"https:\/\/ermdigital.com\/index.php?rest_route=%2Fwp%2Fv2%2Ftags&post=17185"}],"curies":[{"name":"wp","href":"https:\/\/api.w.org\/{rel}","templated":true}]}}