{"id":17149,"date":"2026-04-13T15:21:51","date_gmt":"2026-04-13T19:21:51","guid":{"rendered":"https:\/\/ermdigital.com\/index.php\/2026\/04\/13\/barcelona-hansi-flick-podemos-hacer-que-suceda\/"},"modified":"2026-04-13T15:21:51","modified_gmt":"2026-04-13T19:21:51","slug":"barcelona-hansi-flick-podemos-hacer-que-suceda","status":"publish","type":"post","link":"https:\/\/ermdigital.com\/?p=17149","title":{"rendered":"Barcelona: Hansi Flick \"Podemos hacer que suceda\""},"content":{"rendered":"<p>\u00a0\u00a0<\/p>\n<p><strong>Hansi Flick<\/strong>, entrenador del <strong>Barcelona<\/strong>, reivindic\u00f3 este lunes la capacidad de su equipo para <strong>remontar dos goles<\/strong> en contra en el partido de vuelta de los cuartos de final de la Liga de Campeones contra el <strong>Atl\u00e9tico de Madrid<\/strong>, manifest\u00f3 que no tiene \"<strong>ninguna duda<\/strong>\" sobre el \u00e1rbitro, <strong>Clement Turpin<\/strong>, y remarc\u00f3 que lo m\u00e1s trascendente es centrarse en el rendimiento, porque, cuando juegan \"bien\", marcan goles.<\/p>\n<p>\"Nosotros creemos que lo podemos hacer, <strong>creemos en ello<\/strong> y estamos cien por cien centrados en este partido. Podemos hacer que suceda, que sea posible. \u00bfPor qu\u00e9 no? Obviamente jugamos contra un Atleti muy fuerte, con buenos jugadores defensivos y ofensivos. Necesitamos un rendimiento tanto defensiva como ofensivamente. Tenemos que aprovechar las oportunidades que tengamos. Es la diferencia entre ellos y nosotros. Este martes va a ser bastante diferente (a la ida) y vamos a tratar de hacerlo lo mejor posible\", expres\u00f3 en rueda de prensa en el Metropolitano, escenario del duelo.<\/p>\n<p>\"Nos tenemos que centrar, sobre todo, en un <strong>buen rendimiento<\/strong>, no tanto en el resultado, porque cuando jugamos bien es cuando empezamos a <strong>marcar goles<\/strong>\", traz\u00f3 el t\u00e9cnico, al que no le preocupa tener que marcar tantos goles para <strong>superar eliminatorias<\/strong>, como le ha ocurrido en otros lances pasados de la Liga de Campeones.\u00a0<\/p>\n<p>\"Yo lo que quiero es <strong>jugar bien<\/strong> al f\u00fatbol. Sabemos que podemos defender mucho mejor. Se trata sobre todo del equipo, no s\u00f3lo de los defensas o de una l\u00ednea. Todo el equipo debe estar incluido y muy conectados. Tenemos que defender como una unidad. Es muy importante hacer m\u00e1s peque\u00f1os los espacios. Y, cuando tengamos el bal\u00f3n, nuestra forma de jugar al f\u00fatbol\", apunt\u00f3.<\/p>\n<h2>Importancia del rendimiento colectivo y mentalidad para el <strong>Barcelona<\/strong><\/h2>\n<p>Flick destac\u00f3 el momento de <strong>Lamine Yamal<\/strong>: \"Ha rendido muy bien durante los \u00faltimos partidos. Estoy muy contento con \u00e9l. Le he dicho que tiene que hacer lo que \u00e9l hace mejor, el <strong>uno contra uno<\/strong>. Pero tenemos que tener distintas opciones que puedan pasar. Tenemos que jugar como un equipo. Eso es lo m\u00e1s importante para este martes. No me importa el aspecto individual. Tenemos jugadores con mucha calidad, pero creo que el equipo es lo m\u00e1s importante. Los partidos se deciden por un momento muchas veces. Esperemos que caiga de nuestro lado\".<\/p>\n<p>Para \u00e9l, m\u00e1s all\u00e1 de lo estrictamente<strong> futbol\u00edstico<\/strong>, \"la mentalidad y la actitud son muy importantes\" para el encuentro de vuelta contra el Atl\u00e9tico. \"He podido ver que las conexiones entre el equipo y los aficionados son incre\u00edbles. Y ese respeto es por nuestro rendimiento. No es s\u00f3lo de esta temporada. Tiene un efecto muy <strong>positivo<\/strong> para el equipo\", repas\u00f3.<\/p>\n<p>\"Este martes, todas las acciones van a ser importantes. Tenemos que creer, saber que lo podemos lograr y siento que el equipo est\u00e1 en ese camino. Tiene que ver con <strong>jugar bien<\/strong>, <strong>defender bien<\/strong> y <strong>ser valientes en ataque<\/strong>. Tenemos calidad y, en partidos como este con el Atleti, normalmente somos mejores\", reivindic\u00f3.<\/p>\n<p>Y se\u00f1al\u00f3 la importancia de la presi\u00f3n: \"Es as\u00ed porque el Atleti es un equipo muy bueno si no se le presiona y no es f\u00e1cil defenderlo. Estos partidos se deciden muchas veces por momentos. En el primero, en la ida, fue una <strong>tarjeta roja<\/strong> (a Pau Cubars\u00ed), el saque que toca la pelota con la mano (Pubill), es lo que pas\u00f3, es lo que hay, pero es f\u00fatbol\".<\/p>\n<p>Tras sus reclamaciones en el partido de ida, por un posible penalti no se\u00f1alado por mano de Marc Pubill, el t\u00e9cnico explic\u00f3 que est\u00e1 \"calmado\". \"No cambia nada. Ya es lo que hay. Es un \u00e1rbitro (<strong>Clement Turpin<\/strong>, designado para el duelo de vuelta) con experiencia, as\u00ed que no hay <strong>ninguna duda<\/strong>\", declar\u00f3.<\/p>\n<div class=\"w-full pt-2 float-left inside-related\"><strong>RELACIONADAS<\/strong><\/p>\n<article class=\"flex flex-wrap border-b pb-4 mb-3 inline-block\">\n<div class=\"xl:w-2\/12 w-4\/12\">\n<figure class=\"mb-0\"><img loading=\"lazy\" decoding=\"async\" src=\"https:\/\/resources.diariolibre.com\/images\/2026\/04\/11\/flotilla-de-la-paz-2026-efe-59f861d588bf10095d3dabb8232278158b39d53bw-d1cae0d5-focus-0.02-min0.22-149-99.jpg\" width=\"149\" height=\"99\" title=\"La flotilla solidaria con Gaza ultima los preparativos para salir ma\u00f1ana desde Barcelona\" alt=\"La flotilla solidaria con Gaza ultima los preparativos para salir ma\u00f1ana desde Barcelona\" class=\"object-cover\" \/><\/figure>\n<\/div>\n<\/article>\n<article class=\"flex flex-wrap border-b pb-4 mb-3 inline-block\">\n<div class=\"xl:w-2\/12 w-4\/12\">\n<figure class=\"mb-0\"><img loading=\"lazy\" decoding=\"async\" src=\"https:\/\/resources.diariolibre.com\/images\/2026\/04\/12\/dos-biografias-graficas-sobre-louis-vuitton-y-saint-laurent-73f13fb0-focus-min0.31-0.24-149-99.jpg\" width=\"149\" height=\"99\" title=\"Dos biograf\u00edas gr\u00e1ficas sientan a Louis Vuitton y Saint Laurent en la c\u00faspide de la moda\" alt=\"Dos biograf\u00edas gr\u00e1ficas sientan a Louis Vuitton y Saint Laurent en la c\u00faspide de la moda\" class=\"object-cover\" \/><\/figure>\n<\/div>\n<\/article>\n<article class=\"flex flex-wrap border-b pb-4 mb-3 inline-block\">\n<div class=\"xl:w-2\/12 w-4\/12\">\n<figure class=\"mb-0\"><img loading=\"lazy\" decoding=\"async\" src=\"https:\/\/resources.diariolibre.com\/images\/2026\/04\/11\/euroliga-el-barca-se-complica-el-play-in-en-monaco-c337e9cd-focus-min0.24-0.58-149-99.jpg\" width=\"149\" height=\"99\" title=\"El Bar\u00e7a se complica el play in en M\u00f3naco\" alt=\"El Bar\u00e7a se complica el play in en M\u00f3naco\" class=\"object-cover\" \/><\/figure>\n<\/div>\n<\/article>\n<\/div>\n<h2>Sobre el plantel<\/h2>\n<ul class=\"list-text\">\n<li>El t\u00e9cnico tambi\u00e9n explic\u00f3 que <strong>Pablo P\u00e1ez<\/strong>, 'Gavi', puede \"jugar\". \"Lo da todo siempre para este club. Siempre sobre el campo se ve, nunca tiene miedo de nada. Ya veremos si sale de titular o no\", valor\u00f3 el t\u00e9cnico, que s\u00ed dijo que Ferm\u00edn L\u00f3pez \"podr\u00eda ser titular\".\u00a0<\/li>\n<\/ul>\n<div class=\"border-t border-b py-2 my-5 tags-container\"><strong>TEMAS &#8211; <\/strong><\/p>\n<ul>\n<li>\n<div class=\"inline-block border p-2 rounded-full align-middle\">\n<p><a href=\"https:\/\/www.diariolibre.com\/tags\/barcelona\/533\" title=\"Barcelona\">Barcelona<\/a><\/p>\n<\/div>\n<\/li>\n<li>\n<div class=\"inline-block border p-2 rounded-full align-middle\">\n<p><a href=\"https:\/\/www.diariolibre.com\/tags\/hansi-flick\/18019\" title=\"Hansi Flick\">Hansi Flick<\/a><\/p>\n<\/div>\n<\/li>\n<li>\n<div class=\"inline-block border p-2 rounded-full align-middle\">\n<p><a href=\"https:\/\/www.diariolibre.com\/tags\/uefa-champions\/74429\" title=\"UEFA Champions\">UEFA Champions<\/a><\/p>\n<\/div>\n<\/li>\n<\/ul>\n<\/div>\n<p>\u00a0<\/p>\n","protected":false},"excerpt":{"rendered":"<p>\u00a0\u00a0 Hansi Flick, entrenador del Barcelona, reivindic\u00f3 este lunes la capacidad de su equipo para remontar dos goles en contra en el partido de vuelta de los cuartos de final de la Liga de Campeones contra el Atl\u00e9tico de Madrid, manifest\u00f3 que no tiene \"ninguna duda\" sobre el \u00e1rbitro, Clement Turpin, y remarc\u00f3 que lo [&hellip;]<\/p>\n","protected":false},"author":1,"featured_media":17150,"comment_status":"open","ping_status":"open","sticky":false,"template":"","format":"standard","meta":{"amp_status":"","footnotes":""},"categories":[4],"tags":[],"class_list":["post-17149","post","type-post","status-publish","format-standard","has-post-thumbnail","hentry","category-deportes"],"_links":{"self":[{"href":"https:\/\/ermdigital.com\/index.php?rest_route=\/wp\/v2\/posts\/17149","targetHints":{"allow":["GET"]}}],"collection":[{"href":"https:\/\/ermdigital.com\/index.php?rest_route=\/wp\/v2\/posts"}],"about":[{"href":"https:\/\/ermdigital.com\/index.php?rest_route=\/wp\/v2\/types\/post"}],"author":[{"embeddable":true,"href":"https:\/\/ermdigital.com\/index.php?rest_route=\/wp\/v2\/users\/1"}],"replies":[{"embeddable":true,"href":"https:\/\/ermdigital.com\/index.php?rest_route=%2Fwp%2Fv2%2Fcomments&post=17149"}],"version-history":[{"count":0,"href":"https:\/\/ermdigital.com\/index.php?rest_route=\/wp\/v2\/posts\/17149\/revisions"}],"wp:featuredmedia":[{"embeddable":true,"href":"https:\/\/ermdigital.com\/index.php?rest_route=\/wp\/v2\/media\/17150"}],"wp:attachment":[{"href":"https:\/\/ermdigital.com\/index.php?rest_route=%2Fwp%2Fv2%2Fmedia&parent=17149"}],"wp:term":[{"taxonomy":"category","embeddable":true,"href":"https:\/\/ermdigital.com\/index.php?rest_route=%2Fwp%2Fv2%2Fcategories&post=17149"},{"taxonomy":"post_tag","embeddable":true,"href":"https:\/\/ermdigital.com\/index.php?rest_route=%2Fwp%2Fv2%2Ftags&post=17149"}],"curies":[{"name":"wp","href":"https:\/\/api.w.org\/{rel}","templated":true}]}}